{"id":1335,"date":"2014-09-08T15:11:01","date_gmt":"2014-09-08T14:11:01","guid":{"rendered":"http:\/\/jeunes-alpinistes.ffcam38.com\/?p=1335"},"modified":"2014-09-15T08:25:26","modified_gmt":"2014-09-15T07:25:26","slug":"we-initiateur-20-et-21-septembre-2014","status":"publish","type":"post","link":"https:\/\/www.ffcam38.com\/jeunes-alpinistes\/2014\/09\/08\/we-initiateur-20-et-21-septembre-2014\/","title":{"rendered":"WE initiateur &#8211; 20 et 21 septembre 2014"},"content":{"rendered":"<p><a href=\"https:\/\/www.ffcam38.com\/jeunes-alpinistes\/wp-content\/uploads\/2014\/07\/IMG_8128.jpg\"><img loading=\"lazy\" decoding=\"async\" class=\"alignright size-medium wp-image-1279\" src=\"https:\/\/www.ffcam38.com\/jeunes-alpinistes\/wp-content\/uploads\/2014\/07\/IMG_8128-300x225.jpg\" alt=\"IMG_8128\" width=\"300\" height=\"225\" srcset=\"https:\/\/www.ffcam38.com\/jeunes-alpinistes\/wp-content\/uploads\/2014\/07\/IMG_8128-300x225.jpg 300w, https:\/\/www.ffcam38.com\/jeunes-alpinistes\/wp-content\/uploads\/2014\/07\/IMG_8128-1024x768.jpg 1024w, https:\/\/www.ffcam38.com\/jeunes-alpinistes\/wp-content\/uploads\/2014\/07\/IMG_8128-624x468.jpg 624w, https:\/\/www.ffcam38.com\/jeunes-alpinistes\/wp-content\/uploads\/2014\/07\/IMG_8128-900x675.jpg 900w, https:\/\/www.ffcam38.com\/jeunes-alpinistes\/wp-content\/uploads\/2014\/07\/IMG_8128.jpg 1600w\" sizes=\"auto, (max-width: 300px) 100vw, 300px\" \/><\/a>Si vous ne l&rsquo;avez pas fait, vous pouvez noter les dates du WE de validation de l&rsquo;initiateur alpinisme : les <strong>20 et 21 septembre 2014<\/strong> (pour ceux qui n&rsquo;ont pas la liste de course requise, nous pourrons vous d\u00e9livrer l&rsquo;UV1 terrain montagne et terrain d&rsquo;aventure, qui vous confortera pour co-encadrer en alpinisme et donne le droit par \u00e9quivalence d&rsquo;encadrer en SAE, SNE&#8230;).<\/p>\n<p>Vous serez mis en situation d&rsquo;encadrement, avec des cobayes, sur une course d&rsquo;alpinisme mixte facile (enfin, cot\u00e9e F ou PD ou AD).<\/p>\n<p>Nous mettrons dans cette page d&rsquo;ici quelques jours les modalit\u00e9s, mais vous pouvez d\u00e9j\u00e0 mettre dans les commentaires si vous venez ou pas (pour qu&rsquo;on r\u00e9serve le refuge&#8230; et les cobayes), et pr\u00e9voir chacun le mat\u00e9riel collectif pour une cord\u00e9e (en plus de votre mat\u00e9riel individuel). Ceux qui ne l&rsquo;ont pas fait nous renvoient leur liste de course (cf mod\u00e8le) et leur auto\u00e9valuation, ainsi que la fiche d&rsquo;inscription que je vous ai envoy\u00e9 par email (sign\u00e9e par votre Pr\u00e9sident de club).<\/p>\n<p>Encadrement : Julien, Victor et Nicolas<\/p>\n<p><a href=\"https:\/\/www.ffcam38.com\/jeunes-alpinistes\/wp-content\/uploads\/2014\/09\/Liste-de-courses-jeunes-alpinistes-FFCAM38.docx\">Liste de courses &#8211; jeunes alpinistes FFCAM38<\/a><\/p>\n<p><a href=\"https:\/\/www.ffcam38.com\/jeunes-alpinistes\/wp-content\/uploads\/2014\/09\/REGLEMENT-INITIATEUR-TM.doc\">REGLEMENT INITIATEUR TM<\/a><\/p>\n<p><a href=\"https:\/\/www.ffcam38.com\/jeunes-alpinistes\/wp-content\/uploads\/2014\/09\/REGLEMENT-INITIATEUR-TA.doc\">REGLEMENT INITIATEUR TA<\/a><\/p>\n<p><a href=\"https:\/\/www.ffcam38.com\/jeunes-alpinistes\/wp-content\/uploads\/2014\/09\/cursus-alpinisme-CD-du-18-06-2011.pdf\">cursus alpinisme (CD du 18-06-2011<\/a><\/p>\n<p><a href=\"https:\/\/www.ffcam38.com\/jeunes-alpinistes\/wp-content\/uploads\/2014\/09\/autoevaluation-TM-et-TA.doc\">autoevaluation TM et TA<\/a><\/p>\n","protected":false},"excerpt":{"rendered":"<p>Si vous ne l&rsquo;avez pas fait, vous pouvez noter les dates du WE de validation de l&rsquo;initiateur alpinisme : les 20 et 21 septembre 2014 (pour ceux qui n&rsquo;ont pas la liste de course requise, nous pourrons vous d\u00e9livrer l&rsquo;UV1 terrain montagne et terrain d&rsquo;aventure, qui vous confortera pour co-encadrer en alpinisme et donne le droit par \u00e9quivalence d&rsquo;encadrer en SAE, SNE&#8230;). Vous serez mis en situation d&rsquo;encadrement, avec des cobayes, sur une course d&rsquo;alpinisme mixte facile (enfin, cot\u00e9e F&#8230;<\/p>\n<p class=\"read-more\"><a class=\"btn btn-default\" href=\"https:\/\/www.ffcam38.com\/jeunes-alpinistes\/2014\/09\/08\/we-initiateur-20-et-21-septembre-2014\/\">Lire la suite<span class=\"screen-reader-text\"> Lire la suite<\/span><\/a><\/p>\n","protected":false},"author":2,"featured_media":0,"comment_status":"open","ping_status":"open","sticky":false,"template":"","format":"standard","meta":{"footnotes":""},"categories":[35,8,22,23,24,25],"tags":[49,103,68,102],"class_list":["post-1335","post","type-post","status-publish","format-standard","hentry","category-actualites","category-programme-previ","category-programme-previ-espoir-1","category-programme-previ-espoir-2","category-programme-previ-promo-1","category-programme-previ-promo-2","tag-alpinisme","tag-encadrement","tag-formation","tag-initiateur"],"_links":{"self":[{"href":"https:\/\/www.ffcam38.com\/jeunes-alpinistes\/wp-json\/wp\/v2\/posts\/1335","targetHints":{"allow":["GET"]}}],"collection":[{"href":"https:\/\/www.ffcam38.com\/jeunes-alpinistes\/wp-json\/wp\/v2\/posts"}],"about":[{"href":"https:\/\/www.ffcam38.com\/jeunes-alpinistes\/wp-json\/wp\/v2\/types\/post"}],"author":[{"embeddable":true,"href":"https:\/\/www.ffcam38.com\/jeunes-alpinistes\/wp-json\/wp\/v2\/users\/2"}],"replies":[{"embeddable":true,"href":"https:\/\/www.ffcam38.com\/jeunes-alpinistes\/wp-json\/wp\/v2\/comments?post=1335"}],"version-history":[{"count":2,"href":"https:\/\/www.ffcam38.com\/jeunes-alpinistes\/wp-json\/wp\/v2\/posts\/1335\/revisions"}],"predecessor-version":[{"id":1351,"href":"https:\/\/www.ffcam38.com\/jeunes-alpinistes\/wp-json\/wp\/v2\/posts\/1335\/revisions\/1351"}],"wp:attachment":[{"href":"https:\/\/www.ffcam38.com\/jeunes-alpinistes\/wp-json\/wp\/v2\/media?parent=1335"}],"wp:term":[{"taxonomy":"category","embeddable":true,"href":"https:\/\/www.ffcam38.com\/jeunes-alpinistes\/wp-json\/wp\/v2\/categories?post=1335"},{"taxonomy":"post_tag","embeddable":true,"href":"https:\/\/www.ffcam38.com\/jeunes-alpinistes\/wp-json\/wp\/v2\/tags?post=1335"}],"curies":[{"name":"wp","href":"https:\/\/api.w.org\/{rel}","templated":true}]}}