{"id":171,"date":"2014-01-08T14:51:34","date_gmt":"2014-01-08T13:51:34","guid":{"rendered":"http:\/\/jeunes-alpinistes.ffcam38.com\/?p=171"},"modified":"2014-01-08T17:05:25","modified_gmt":"2014-01-08T16:05:25","slug":"conference-anena-traces-hivernales","status":"publish","type":"post","link":"https:\/\/www.ffcam38.com\/jeunes-alpinistes\/2014\/01\/08\/conference-anena-traces-hivernales\/","title":{"rendered":"Conf\u00e9rence Anena Traces Hivernales"},"content":{"rendered":"<p>On en a parl\u00e9 samedi dernier, j&rsquo;organise pour le CAF Voiron une conf\u00e9rence ANENA \u00ab\u00a0Traces Hivernales\u00a0\u00bb le <span style=\"text-decoration: underline;\">jeudi 23 janvier 2014 \u00e0 19h30. <\/span>C&rsquo;est gratuit, ouvert \u00e0 tous et fort bien anim\u00e9 par S\u00e9bastien Escande qui est tr\u00e8s p\u00e9dagogue (en plus vous pouvez ramener vos topos d&rsquo;alpi hivernal Chartreuse\/Vercors et Belledonne pour qu&rsquo;il vous les d\u00e9dicace).<\/p>\n<p><a href=\"https:\/\/www.ffcam38.com\/jeunes-alpinistes\/wp-content\/uploads\/2014\/01\/affiche.jpg\"><img loading=\"lazy\" decoding=\"async\" class=\"alignnone size-medium wp-image-172\" alt=\"affiche\" src=\"https:\/\/www.ffcam38.com\/jeunes-alpinistes\/wp-content\/uploads\/2014\/01\/affiche-300x212.jpg\" width=\"300\" height=\"212\" srcset=\"https:\/\/www.ffcam38.com\/jeunes-alpinistes\/wp-content\/uploads\/2014\/01\/affiche-300x212.jpg 300w, https:\/\/www.ffcam38.com\/jeunes-alpinistes\/wp-content\/uploads\/2014\/01\/affiche-624x441.jpg 624w, https:\/\/www.ffcam38.com\/jeunes-alpinistes\/wp-content\/uploads\/2014\/01\/affiche-900x636.jpg 900w, https:\/\/www.ffcam38.com\/jeunes-alpinistes\/wp-content\/uploads\/2014\/01\/affiche.jpg 1000w\" sizes=\"auto, (max-width: 300px) 100vw, 300px\" \/><\/a><\/p>\n<p>Si \u00e7a vous dit, dites moi (dans les commentaires) et on covoiturera !<\/p>\n<p>Nicolas<\/p>\n","protected":false},"excerpt":{"rendered":"<p>On en a parl\u00e9 samedi dernier, j&rsquo;organise pour le CAF Voiron une conf\u00e9rence ANENA \u00ab\u00a0Traces Hivernales\u00a0\u00bb le jeudi 23 janvier 2014 \u00e0 19h30. C&rsquo;est gratuit, ouvert \u00e0 tous et fort bien anim\u00e9 par S\u00e9bastien Escande qui est tr\u00e8s p\u00e9dagogue (en plus vous pouvez ramener vos topos d&rsquo;alpi hivernal Chartreuse\/Vercors et Belledonne pour qu&rsquo;il vous les d\u00e9dicace). Si \u00e7a vous dit, dites moi (dans les commentaires) et on covoiturera ! Nicolas<\/p>\n","protected":false},"author":2,"featured_media":0,"comment_status":"open","ping_status":"open","sticky":false,"template":"","format":"standard","meta":{"footnotes":""},"categories":[35],"tags":[41,42],"class_list":["post-171","post","type-post","status-publish","format-standard","hentry","category-actualites","tag-avalanche","tag-conference"],"_links":{"self":[{"href":"https:\/\/www.ffcam38.com\/jeunes-alpinistes\/wp-json\/wp\/v2\/posts\/171","targetHints":{"allow":["GET"]}}],"collection":[{"href":"https:\/\/www.ffcam38.com\/jeunes-alpinistes\/wp-json\/wp\/v2\/posts"}],"about":[{"href":"https:\/\/www.ffcam38.com\/jeunes-alpinistes\/wp-json\/wp\/v2\/types\/post"}],"author":[{"embeddable":true,"href":"https:\/\/www.ffcam38.com\/jeunes-alpinistes\/wp-json\/wp\/v2\/users\/2"}],"replies":[{"embeddable":true,"href":"https:\/\/www.ffcam38.com\/jeunes-alpinistes\/wp-json\/wp\/v2\/comments?post=171"}],"version-history":[{"count":3,"href":"https:\/\/www.ffcam38.com\/jeunes-alpinistes\/wp-json\/wp\/v2\/posts\/171\/revisions"}],"predecessor-version":[{"id":175,"href":"https:\/\/www.ffcam38.com\/jeunes-alpinistes\/wp-json\/wp\/v2\/posts\/171\/revisions\/175"}],"wp:attachment":[{"href":"https:\/\/www.ffcam38.com\/jeunes-alpinistes\/wp-json\/wp\/v2\/media?parent=171"}],"wp:term":[{"taxonomy":"category","embeddable":true,"href":"https:\/\/www.ffcam38.com\/jeunes-alpinistes\/wp-json\/wp\/v2\/categories?post=171"},{"taxonomy":"post_tag","embeddable":true,"href":"https:\/\/www.ffcam38.com\/jeunes-alpinistes\/wp-json\/wp\/v2\/tags?post=171"}],"curies":[{"name":"wp","href":"https:\/\/api.w.org\/{rel}","templated":true}]}}