{"id":1874,"date":"2015-06-25T19:39:16","date_gmt":"2015-06-25T18:39:16","guid":{"rendered":"http:\/\/jeunes-alpinistes.ffcam38.com\/?p=1874"},"modified":"2015-07-08T10:22:59","modified_gmt":"2015-07-08T09:22:59","slug":"initiateur-cest-les-19-20-septembre-2015","status":"publish","type":"post","link":"https:\/\/www.ffcam38.com\/jeunes-alpinistes\/2015\/06\/25\/initiateur-cest-les-19-20-septembre-2015\/","title":{"rendered":"Initiateur : c&rsquo;est les 26-27 septembre 2015 !"},"content":{"rendered":"<p><span style=\"color: #ff0000;\">attention, date modifi\u00e9e : 26-27\/09\/2015<\/span><\/p>\n<p>C&rsquo;est beaucoup d&rsquo;anticipation mais il y a quelques documents administratifs \u00e0 rassembler, alors il n&rsquo;est pas trop tard pour pr\u00e9parer le stage d&rsquo;initiateur&#8230; <strong>Indiquez dans les commentaires si vous \u00eates candidats<\/strong>, sachant qu&rsquo;il y a 2 niveaux : initiateur (pour ceux qui r\u00e9pondent \u00e0 tous les pr\u00e9-requis) ou UV1 \u00ab\u00a0pr\u00e9-initiateur\u00a0\u00bb, en particulier pour ceux qui sont int\u00e9ress\u00e9s pour donner un coup de main \u00e0 l&rsquo;encadrement mais n&rsquo;ont pas toute la liste de course conforme.<\/p>\n<p lang=\"zxx\"><b>Documents \u00e0 lire en entier :<\/b><\/p>\n<p lang=\"zxx\">* cursus alpinisme FFCAM<\/p>\n<p lang=\"zxx\">* programme TM et \u00e9valuation<\/p>\n<p lang=\"zxx\">* r\u00e9glement initiateur TA \/ r\u00e9glement initiateur TM<!--more--><\/p>\n<p lang=\"zxx\"><b>Pi\u00e8ces \u00e0 fournir<span style=\"color: #993300;\"> (date limite 1er juillet 2015)<\/span><br \/>\n<\/b><\/p>\n<p lang=\"zxx\">* fournir une version papier \u00e0 Nicolas + une version num\u00e9rique scann\u00e9e par mail \u00e0 Benoit Victor et Nicolas ; <i>pour la version num\u00e9rique de chaque document, intituler chaque fichier en commen\u00e7ant par \u00ab\u00a0P1 (ou P2 E1 E2 CB) \u2013 Nom Pr\u00e9nom &#8211; &#8230;&#8230;&#8230;&#8230;.\u00a0\u00bb<\/i><\/p>\n<p lang=\"zxx\">* SVP tout envoyer en m\u00eame temps et le plus t\u00f4t possible (vous pouvez n\u00e9anmoins compl\u00e9ter la liste de course juste <span style=\"text-decoration: underline;\">avant<\/span> le stage pour refl\u00e9ter votre activit\u00e9 alpine estivale)<\/p>\n<p lang=\"zxx\">* mettre l&rsquo;ensemble des docs dans une pochette plastique perfor\u00e9e avec cette page en page de garde et les docs dans l&rsquo;ordre ci-dessous :<\/p>\n<p lang=\"zxx\">\uf06f <span style=\"font-family: Times New Roman,serif;\">La pr\u00e9sente fiche de synth\u00e8se<\/span><\/p>\n<p lang=\"zxx\">\uf06f Fiche d&rsquo;inscription sign\u00e9e par le candidat + <b>sign\u00e9e\/tamponn\u00e9e<\/b> par le club<\/p>\n<p lang=\"zxx\">\uf06f Auto\u00e9valuation<\/p>\n<p lang=\"zxx\">\uf06f Liste de course (compl\u00e8te pour l&rsquo;initiateur, pas forc\u00e9ment compl\u00e8te pour l&rsquo;UV1)<\/p>\n<p lang=\"zxx\">\uf06f Attestation UFCA (ou date du stage : &#8230;&#8230;&#8230;&#8230;&#8230;&#8230;&#8230;&#8230;&#8230;&#8230;&#8230;&#8230;.) \/\/ pas n\u00e9cessaire si vous avez d\u00e9j\u00e0 un brevet d&rsquo;initiateur ffcam<\/p>\n<p lang=\"zxx\">\uf06f Brevet de secourisme (PSC1 ou \u00e9quivalent) \/\/ pas n\u00e9cessaire si vous avez d\u00e9j\u00e0 un brevet d&rsquo;initiateur ffcam<\/p>\n<p lang=\"zxx\">* co\u00fbt du WE initiateur : frais r\u00e9els transport + h\u00e9bergement ; l&rsquo;encadrement est prise en charge par le Comit\u00e9 D\u00e9partemental Is\u00e8re, subventionn\u00e9 par la f\u00e9d\u00e9ration<\/p>\n<p lang=\"zxx\"><strong>Voil\u00e0 les docs \u00e0 consulter ou \u00e0 remplir :<\/strong><\/p>\n<p>\u00a0<a href=\"https:\/\/www.ffcam38.com\/jeunes-alpinistes\/wp-content\/uploads\/2015\/03\/cursus-alpinisme-CD-du-18-06-2011.pdf\">cursus alpinisme (CD du 18-06-2011<\/a><\/p>\n<p><a href=\"https:\/\/www.ffcam38.com\/jeunes-alpinistes\/wp-content\/uploads\/2015\/03\/REGLEMENT-INITIATEUR-TM.doc\">REGLEMENT INITIATEUR TM<\/a><\/p>\n<p><a href=\"https:\/\/www.ffcam38.com\/jeunes-alpinistes\/wp-content\/uploads\/2015\/03\/REGLEMENT-INITIATEUR-TA.doc\">REGLEMENT INITIATEUR TA<\/a><\/p>\n<p><a href=\"https:\/\/www.ffcam38.com\/jeunes-alpinistes\/wp-content\/uploads\/2015\/03\/programme-TM-et-\u00e9valuation.doc\">programme TM et \u00e9valuation<\/a><\/p>\n<p><a href=\"https:\/\/www.ffcam38.com\/jeunes-alpinistes\/wp-content\/uploads\/2015\/03\/E1-E2-P1-P2-Nom-Pr\u00e9nom-Liste-de-courses-jeunes-alpinistes-FFCAM38.docx\">E1 E2 P1 P2 &#8211; Nom Pr\u00e9nom &#8211; Liste de courses &#8211; jeunes alpinistes FFCAM38<\/a><\/p>\n<p><span style=\"color: #ff0000;\"><a href=\"https:\/\/www.ffcam38.com\/jeunes-alpinistes\/wp-content\/uploads\/2015\/06\/E1-E2-P1-P2-Nom-Pr\u00e9nom-fiche-inscription.doc\">E1-E2-P1-P2-Nom-Pr\u00e9nom-fiche-inscription<\/a><\/span><\/p>\n<p><a href=\"https:\/\/www.ffcam38.com\/jeunes-alpinistes\/wp-content\/uploads\/2015\/06\/E1-E2-P1-P2-Nom-Pr\u00e9nom-fiche-de-synth\u00e8se.docx\">E1-E2-P1-P2-Nom-Pr\u00e9nom-fiche-de-synth\u00e8se<\/a><\/p>\n<p><a href=\"https:\/\/www.ffcam38.com\/jeunes-alpinistes\/wp-content\/uploads\/2015\/03\/E1-E2-P1-P2-Nom-Pr\u00e9nom-autoevaluation-TM-et-TA.doc\">E1 E2 P1 P2 &#8211; Nom Pr\u00e9nom &#8211; autoevaluation TM et TA<\/a><\/p>\n","protected":false},"excerpt":{"rendered":"<p>attention, date modifi\u00e9e : 26-27\/09\/2015 C&rsquo;est beaucoup d&rsquo;anticipation mais il y a quelques documents administratifs \u00e0 rassembler, alors il n&rsquo;est pas trop tard pour pr\u00e9parer le stage d&rsquo;initiateur&#8230; Indiquez dans les commentaires si vous \u00eates candidats, sachant qu&rsquo;il y a 2 niveaux : initiateur (pour ceux qui r\u00e9pondent \u00e0 tous les pr\u00e9-requis) ou UV1 \u00ab\u00a0pr\u00e9-initiateur\u00a0\u00bb, en particulier pour ceux qui sont int\u00e9ress\u00e9s pour donner un coup de main \u00e0 l&rsquo;encadrement mais n&rsquo;ont pas toute la liste de course conforme. Documents&#8230;<\/p>\n<p class=\"read-more\"><a class=\"btn btn-default\" href=\"https:\/\/www.ffcam38.com\/jeunes-alpinistes\/2015\/06\/25\/initiateur-cest-les-19-20-septembre-2015\/\">Lire la suite<span class=\"screen-reader-text\"> Lire la suite<\/span><\/a><\/p>\n","protected":false},"author":2,"featured_media":0,"comment_status":"open","ping_status":"open","sticky":false,"template":"","format":"standard","meta":{"footnotes":""},"categories":[35,8,22,23,24,25],"tags":[49,103,68,102],"class_list":["post-1874","post","type-post","status-publish","format-standard","hentry","category-actualites","category-programme-previ","category-programme-previ-espoir-1","category-programme-previ-espoir-2","category-programme-previ-promo-1","category-programme-previ-promo-2","tag-alpinisme","tag-encadrement","tag-formation","tag-initiateur"],"_links":{"self":[{"href":"https:\/\/www.ffcam38.com\/jeunes-alpinistes\/wp-json\/wp\/v2\/posts\/1874","targetHints":{"allow":["GET"]}}],"collection":[{"href":"https:\/\/www.ffcam38.com\/jeunes-alpinistes\/wp-json\/wp\/v2\/posts"}],"about":[{"href":"https:\/\/www.ffcam38.com\/jeunes-alpinistes\/wp-json\/wp\/v2\/types\/post"}],"author":[{"embeddable":true,"href":"https:\/\/www.ffcam38.com\/jeunes-alpinistes\/wp-json\/wp\/v2\/users\/2"}],"replies":[{"embeddable":true,"href":"https:\/\/www.ffcam38.com\/jeunes-alpinistes\/wp-json\/wp\/v2\/comments?post=1874"}],"version-history":[{"count":7,"href":"https:\/\/www.ffcam38.com\/jeunes-alpinistes\/wp-json\/wp\/v2\/posts\/1874\/revisions"}],"predecessor-version":[{"id":2093,"href":"https:\/\/www.ffcam38.com\/jeunes-alpinistes\/wp-json\/wp\/v2\/posts\/1874\/revisions\/2093"}],"wp:attachment":[{"href":"https:\/\/www.ffcam38.com\/jeunes-alpinistes\/wp-json\/wp\/v2\/media?parent=1874"}],"wp:term":[{"taxonomy":"category","embeddable":true,"href":"https:\/\/www.ffcam38.com\/jeunes-alpinistes\/wp-json\/wp\/v2\/categories?post=1874"},{"taxonomy":"post_tag","embeddable":true,"href":"https:\/\/www.ffcam38.com\/jeunes-alpinistes\/wp-json\/wp\/v2\/tags?post=1874"}],"curies":[{"name":"wp","href":"https:\/\/api.w.org\/{rel}","templated":true}]}}