{"id":1950,"date":"2015-04-25T07:30:13","date_gmt":"2015-04-25T06:30:13","guid":{"rendered":"http:\/\/jeunes-alpinistes.ffcam38.com\/?p=1950"},"modified":"2015-05-22T15:59:56","modified_gmt":"2015-05-22T14:59:56","slug":"we-val-dorco-du-7-au-10-mai","status":"publish","type":"post","link":"https:\/\/www.ffcam38.com\/jeunes-alpinistes\/2015\/04\/25\/we-val-dorco-du-7-au-10-mai\/","title":{"rendered":"WE Val D&rsquo;Orco du 7 au 10 Mai 2015"},"content":{"rendered":"<p>Bonjour \u00e0 tous,<\/p>\n<p>\u00ab\u00a0en mai, fait ce qu&rsquo;il te plait\u00a0\u00bb et le Val d&rsquo;Orco nous plait bien!<\/p>\n<p>Alors d\u00e9part le jeudi 7, rdv \u00e0 8h sur le Parking de d\u00e9cat la Tronche.<\/p>\n<p>Pr\u00e9voir le matos de grimpe classique en grandes voies ( + petit sac, frontale, pharma, strap ) et le plus de coinceurs et cordes possible.<\/p>\n<p>&nbsp;<\/p>\n<p>L&rsquo;h\u00e9bergement se fait en camping. A prendre donc le n\u00e9cessaire (duvet, karrimat, tente, doudou, r\u00e9chaud&#8230;) On fera des courses communes sur la route pour le ti dej et le diner. Pr\u00e9voir les vivres de courses et le pique nique de midi.<\/p>\n<p>Merci de vous organiser entre vous pour les bagnoles.<\/p>\n<p>Si vous ne pouvez pas venir faites le nous savoir au plus t\u00f4t!<\/p>\n<p><a href=\"http:\/\/www.camptocamp.org\/routes\/57669\/fr\/valle-dell-orco-sergent-fessura-della-disperazione\">www.camptocamp.org\/routes\/57669\/fr\/valle-dell-orco-sergent-fessura-della-disperazione<\/a><\/p>\n<p><a href=\"http:\/\/www.camptocamp.org\/routes\/57670\/fr\/caporal-enchainement-orecchio-del-pachiderma-tempi-moderni\">http:\/\/www.camptocamp.org\/routes\/57670\/fr\/caporal-enchainement-orecchio-del-pachiderma-tempi-moderni<\/a><\/p>\n<p>&nbsp;<\/p>\n<p><img loading=\"lazy\" decoding=\"async\" class=\"alignnone size-medium wp-image-1951\" src=\"https:\/\/www.ffcam38.com\/jeunes-alpinistes\/wp-content\/uploads\/2015\/04\/Capture-d\u2019e\u0301cran-2015-04-25-a\u0300-08.17.13-300x223.png\" alt=\"Capture d\u2019e\u0301cran 2015-04-25 a\u0300 08.17.13\" width=\"300\" height=\"223\" srcset=\"https:\/\/www.ffcam38.com\/jeunes-alpinistes\/wp-content\/uploads\/2015\/04\/Capture-d\u2019e\u0301cran-2015-04-25-a\u0300-08.17.13-300x223.png 300w, https:\/\/www.ffcam38.com\/jeunes-alpinistes\/wp-content\/uploads\/2015\/04\/Capture-d\u2019e\u0301cran-2015-04-25-a\u0300-08.17.13.png 350w\" sizes=\"auto, (max-width: 300px) 100vw, 300px\" \/><\/p>\n<p>&nbsp;<\/p>\n","protected":false},"excerpt":{"rendered":"<p>Bonjour \u00e0 tous, \u00ab\u00a0en mai, fait ce qu&rsquo;il te plait\u00a0\u00bb et le Val d&rsquo;Orco nous plait bien! Alors d\u00e9part le jeudi 7, rdv \u00e0 8h sur le Parking de d\u00e9cat la Tronche. Pr\u00e9voir le matos de grimpe classique en grandes voies ( + petit sac, frontale, pharma, strap ) et le plus de coinceurs et cordes possible. &nbsp; L&rsquo;h\u00e9bergement se fait en camping. A prendre donc le n\u00e9cessaire (duvet, karrimat, tente, doudou, r\u00e9chaud&#8230;) On fera des courses communes sur la&#8230;<\/p>\n<p class=\"read-more\"><a class=\"btn btn-default\" href=\"https:\/\/www.ffcam38.com\/jeunes-alpinistes\/2015\/04\/25\/we-val-dorco-du-7-au-10-mai\/\">Lire la suite<span class=\"screen-reader-text\"> Lire la suite<\/span><\/a><\/p>\n","protected":false},"author":2,"featured_media":0,"comment_status":"open","ping_status":"open","sticky":false,"template":"","format":"standard","meta":{"footnotes":""},"categories":[8,22,23,24,25],"tags":[75,156,157,73,155],"class_list":["post-1950","post","type-post","status-publish","format-standard","hentry","category-programme-previ","category-programme-previ-espoir-1","category-programme-previ-espoir-2","category-programme-previ-promo-1","category-programme-previ-promo-2","tag-grande-voie","tag-italie","tag-pasta","tag-ta","tag-val-dorco"],"_links":{"self":[{"href":"https:\/\/www.ffcam38.com\/jeunes-alpinistes\/wp-json\/wp\/v2\/posts\/1950","targetHints":{"allow":["GET"]}}],"collection":[{"href":"https:\/\/www.ffcam38.com\/jeunes-alpinistes\/wp-json\/wp\/v2\/posts"}],"about":[{"href":"https:\/\/www.ffcam38.com\/jeunes-alpinistes\/wp-json\/wp\/v2\/types\/post"}],"author":[{"embeddable":true,"href":"https:\/\/www.ffcam38.com\/jeunes-alpinistes\/wp-json\/wp\/v2\/users\/2"}],"replies":[{"embeddable":true,"href":"https:\/\/www.ffcam38.com\/jeunes-alpinistes\/wp-json\/wp\/v2\/comments?post=1950"}],"version-history":[{"count":4,"href":"https:\/\/www.ffcam38.com\/jeunes-alpinistes\/wp-json\/wp\/v2\/posts\/1950\/revisions"}],"predecessor-version":[{"id":1956,"href":"https:\/\/www.ffcam38.com\/jeunes-alpinistes\/wp-json\/wp\/v2\/posts\/1950\/revisions\/1956"}],"wp:attachment":[{"href":"https:\/\/www.ffcam38.com\/jeunes-alpinistes\/wp-json\/wp\/v2\/media?parent=1950"}],"wp:term":[{"taxonomy":"category","embeddable":true,"href":"https:\/\/www.ffcam38.com\/jeunes-alpinistes\/wp-json\/wp\/v2\/categories?post=1950"},{"taxonomy":"post_tag","embeddable":true,"href":"https:\/\/www.ffcam38.com\/jeunes-alpinistes\/wp-json\/wp\/v2\/tags?post=1950"}],"curies":[{"name":"wp","href":"https:\/\/api.w.org\/{rel}","templated":true}]}}