{"id":2201,"date":"2015-09-23T22:19:01","date_gmt":"2015-09-23T21:19:01","guid":{"rendered":"http:\/\/jeunes-alpinistes.ffcam38.com\/?p=2201"},"modified":"2015-09-23T22:25:29","modified_gmt":"2015-09-23T21:25:29","slug":"we-final-initiateur-26-27092015","status":"publish","type":"post","link":"https:\/\/www.ffcam38.com\/jeunes-alpinistes\/2015\/09\/23\/we-final-initiateur-26-27092015\/","title":{"rendered":"WE final initiateur &#8211; 26 27\/09\/2015"},"content":{"rendered":"<p>Bonjour \u00e0 tous,<\/p>\n<p>En compl\u00e9ment des exercices et mises en situations r\u00e9alis\u00e9es plus en avant dans l&rsquo;ann\u00e9e, ce WE c&rsquo;est le final pour l&rsquo;initiateur alpinisme ! Les d\u00e9j\u00e0 initiateurs peuvent venir donner un coup de main, \u00e7a fera des r\u00e9visions et un bon exercice p\u00e9dagogique.<\/p>\n<p>Au programme : direction le <strong>refuge du col de la Vanoise<\/strong> ! RV samedi matin 8h D\u00e9cathlon Meylan (j&rsquo;ai rajout\u00e9 un tableau voiture dans le google docs <a href=\"https:\/\/docs.google.com\/spreadsheets\/d\/1F4yrmN0ONk43MRKlGKgMBzyAMrjmIQ9MGaYbZ_FlNxc\/edit#gid=0\">https:\/\/docs.google.com\/spreadsheets\/d\/1F4yrmN0ONk43MRKlGKgMBzyAMrjmIQ9MGaYbZ_FlNxc\/edit#gid=0<\/a>). Si on g\u00e8re bien on doit s&rsquo;en sortir \u00e0 3 v\u00e9hicules.<!--more--><\/p>\n<p>Modalit\u00e9s gastronomiques :<\/p>\n<ul>\n<li>en hors sac (refuge non gard\u00e9), on est 14, qui peut se charger de faire les courses pour le samedi soir (gros ap\u00e9ro, repas un peu sympa) et le dimanche matin (pt d\u00e9j) ? Gardez bien les factures<\/li>\n<li>chacun prend son pic nic pour les 2 midis, et les encas<\/li>\n<\/ul>\n<p>Matos :<\/p>\n<ul>\n<li>mat\u00e9riel d&rsquo;escalade pour du AD (avec pourquoi pas 2-3 pitons), mat\u00e9riel glaciaire de base (broches, poulies, &#8230;)<\/li>\n<li>comme d&rsquo;hab la frontale, la pharmacie, la carte, la boussole, votre brosse \u00e0 dent<\/li>\n<li>de quoi \u00e9crire (bristol, stylo)<\/li>\n<li>pr\u00e9parez les topos pour les classiques du coin, sachant qu&rsquo;on va plus exerciser que faire des croix<\/li>\n<\/ul>\n<p>R\u00e9visions :<\/p>\n<ul>\n<li>les relais<\/li>\n<li>les manips de r\u00e9chap&rsquo;<\/li>\n<li>le secours en crevasse<\/li>\n<li>la recette du g\u00e2teau au chocolat<\/li>\n<\/ul>\n<p>Paperasses :<\/p>\n<ul>\n<li>rappel : pour ceux qui ne m&rsquo;ont pas envoy\u00e9 leurs papiers \u00e0 mon domicile, venir avec le dossier complet (afps, date d&rsquo;ufca, fiche d&rsquo;inscription sign\u00e9e par le Pdt, et tout). En fin de WE tout doit \u00eatre boucl\u00e9 et les dossiers valid\u00e9s partent \u00e0 la f\u00e9d\u00e9 dans la semaine.<\/li>\n<li>ceux qui m&rsquo;ont d\u00e9j\u00e0 tout envoy\u00e9 peuvent changer des pi\u00e8ces (liste de courses&#8230;)<\/li>\n<li>pour ceux qui ont pass\u00e9 l&rsquo;UFCA mais qui n&rsquo;a pas \u00e9t\u00e9 totalement valid\u00e9 car un bout avec le CAFGO et la fin sous la houlette d&rsquo;Alexia que je remercie en passant, je vais essayer de trouver une solution sans qu&rsquo;on se prenne trop le chou&#8230;<\/li>\n<li>et pour finir relisez bien les consignes admin du <a href=\"http:\/\/jeunes-alpinistes.ffcam38.com\/initiateur-cest-les-19-20-septembre-2015\/\">post du printemps <\/a>: <strong>si vous pouvez \u00eatre bien rigoureux et ne rien oublier, \u00e7a m&rsquo;arrangerai car c&rsquo;est pas la partie la plus passionnante du job<\/strong>, et je vous passe les ********** que je me suis pris pour (esp\u00e9rer \u00e0) arriver \u00e0 faire rentrer le stage dans le cadre administratif qui va bien c\u00f4t\u00e9 f\u00e9d\u00e9 (c&rsquo;est tout expliqu\u00e9 dans le m\u00e9mento de l&rsquo;organisateur de stage mais bon, je l&rsquo;ai pas -encore ??- eu).<\/li>\n<\/ul>\n<p>C\u00f4t\u00e9 commercial !<\/p>\n<p>Une fois initiateur alpi FFCAM, \u00e7a donne des tas d&rsquo;avantages accord\u00e9s par la f\u00e9d\u00e9 et l&rsquo;Etat pour favoriser et surtout valoriser le b\u00e9n\u00e9volat :<\/p>\n<ul>\n<li>si vous avez encadr\u00e9 (ou aid\u00e9 \u00e0 encadrer) 10 journ\u00e9es sur l&rsquo;exercice N, vous avez droit \u00e0 une carte de \u00ab\u00a0cadre f\u00e9d\u00e9ral\u00a0\u00bb (= gratuit\u00e9 de la partie nuit\u00e9e dans les refuges ffcam) sur l&rsquo;exercice N+1. Renseignez vous aupr\u00e8s de votre Pr\u00e9sident de club. Je peux me mettre en contact avec votre club pour les journ\u00e9es que les d\u00e9j\u00e0 initiateurs ont encadr\u00e9 aupr\u00e8s des groupes jeunes (Fabio, Seb, Valentin).<\/li>\n<li>les frais que vous avez engag\u00e9 en tant que b\u00e9n\u00e9vole peuvent \u00eatre administrativement transform\u00e9s en don \u00e0 l&rsquo;association et vous permettre d&rsquo;avoir une r\u00e9duction d&rsquo;imp\u00f4t (si vous avez la chance de payer des imp\u00f4ts). Cf <a href=\"https:\/\/www.service-public.fr\/associations\/vosdroits\/F1132\">https:\/\/www.service-public.fr\/associations\/vosdroits\/F1132<\/a><\/li>\n<li>en participant comme b\u00e9n\u00e9vole \u00e0 des manifestations comme le Gd Parcours Chamonix (et peut \u00eatre m\u00eame le Gd Parcours Chartreuse gr\u00e2ce au Pr\u00e9sident du CD38 qui se d\u00e9m\u00e8ne pour \u00e7a), l&rsquo;organisation offre une doudoune ou autre sigl\u00e9e FFCAM (parfait pour briller en bo\u00eete de nuit \ud83d\ude09 )<\/li>\n<\/ul>\n<p>&nbsp;<\/p>\n<p><em>Mettez vos r\u00e9actions et questions dans les commentaires (si possible en \u00e9tant logg\u00e9 au site pour ne pas tomber dans les spams)<\/em><\/p>\n<p>&nbsp;<\/p>\n","protected":false},"excerpt":{"rendered":"<p>Bonjour \u00e0 tous, En compl\u00e9ment des exercices et mises en situations r\u00e9alis\u00e9es plus en avant dans l&rsquo;ann\u00e9e, ce WE c&rsquo;est le final pour l&rsquo;initiateur alpinisme ! Les d\u00e9j\u00e0 initiateurs peuvent venir donner un coup de main, \u00e7a fera des r\u00e9visions et un bon exercice p\u00e9dagogique. Au programme : direction le refuge du col de la Vanoise ! RV samedi matin 8h D\u00e9cathlon Meylan (j&rsquo;ai rajout\u00e9 un tableau voiture dans le google docs https:\/\/docs.google.com\/spreadsheets\/d\/1F4yrmN0ONk43MRKlGKgMBzyAMrjmIQ9MGaYbZ_FlNxc\/edit#gid=0). Si on g\u00e8re bien on doit s&rsquo;en&#8230;<\/p>\n<p class=\"read-more\"><a class=\"btn btn-default\" href=\"https:\/\/www.ffcam38.com\/jeunes-alpinistes\/2015\/09\/23\/we-final-initiateur-26-27092015\/\">Lire la suite<span class=\"screen-reader-text\"> Lire la suite<\/span><\/a><\/p>\n","protected":false},"author":2,"featured_media":0,"comment_status":"open","ping_status":"open","sticky":false,"template":"","format":"standard","meta":{"footnotes":""},"categories":[35,8,22,23,24,25],"tags":[49,103,68,102,96,57,158],"class_list":["post-2201","post","type-post","status-publish","format-standard","hentry","category-actualites","category-programme-previ","category-programme-previ-espoir-1","category-programme-previ-espoir-2","category-programme-previ-promo-1","category-programme-previ-promo-2","tag-alpinisme","tag-encadrement","tag-formation","tag-initiateur","tag-orientation","tag-securite","tag-terrain-daventure"],"_links":{"self":[{"href":"https:\/\/www.ffcam38.com\/jeunes-alpinistes\/wp-json\/wp\/v2\/posts\/2201","targetHints":{"allow":["GET"]}}],"collection":[{"href":"https:\/\/www.ffcam38.com\/jeunes-alpinistes\/wp-json\/wp\/v2\/posts"}],"about":[{"href":"https:\/\/www.ffcam38.com\/jeunes-alpinistes\/wp-json\/wp\/v2\/types\/post"}],"author":[{"embeddable":true,"href":"https:\/\/www.ffcam38.com\/jeunes-alpinistes\/wp-json\/wp\/v2\/users\/2"}],"replies":[{"embeddable":true,"href":"https:\/\/www.ffcam38.com\/jeunes-alpinistes\/wp-json\/wp\/v2\/comments?post=2201"}],"version-history":[{"count":4,"href":"https:\/\/www.ffcam38.com\/jeunes-alpinistes\/wp-json\/wp\/v2\/posts\/2201\/revisions"}],"predecessor-version":[{"id":2205,"href":"https:\/\/www.ffcam38.com\/jeunes-alpinistes\/wp-json\/wp\/v2\/posts\/2201\/revisions\/2205"}],"wp:attachment":[{"href":"https:\/\/www.ffcam38.com\/jeunes-alpinistes\/wp-json\/wp\/v2\/media?parent=2201"}],"wp:term":[{"taxonomy":"category","embeddable":true,"href":"https:\/\/www.ffcam38.com\/jeunes-alpinistes\/wp-json\/wp\/v2\/categories?post=2201"},{"taxonomy":"post_tag","embeddable":true,"href":"https:\/\/www.ffcam38.com\/jeunes-alpinistes\/wp-json\/wp\/v2\/tags?post=2201"}],"curies":[{"name":"wp","href":"https:\/\/api.w.org\/{rel}","templated":true}]}}