{"id":2488,"date":"2015-12-22T12:54:00","date_gmt":"2015-12-22T11:54:00","guid":{"rendered":"http:\/\/jeunes-alpinistes.ffcam38.com\/?p=2488"},"modified":"2015-12-24T11:42:42","modified_gmt":"2015-12-24T10:42:42","slug":"oscar-gravier","status":"publish","type":"post","link":"https:\/\/www.ffcam38.com\/jeunes-alpinistes\/2015\/12\/22\/oscar-gravier\/","title":{"rendered":"Oscar Gravier"},"content":{"rendered":"<p><strong>Oscar, 17 ans<\/strong><\/p>\n<p>J&rsquo;habite \u00e0 Lumbin, au pied de la chartreuse et face \u00e0\u00a0Belledonne. Je suis \u00e0 la\u00a0base un skieur, en\u00a0commen\u00e7ant\u00a0par le\u00a0ski\u00a0en\u00a0comp\u00e9tition puis le freeride. j&rsquo;ai commenc\u00e9 \u00e0 grimper en salle puis j&rsquo;ai\u00a0int\u00e9gr\u00e9\u00a0le CAF jeune Is\u00e8re pour me mettre \u00e0\u00a0l&rsquo;alpinisme !<\/p>\n<p><a href=\"https:\/\/www.ffcam38.com\/jeunes-alpinistes\/wp-content\/uploads\/2015\/12\/G0075016.jpg\" rel=\"attachment wp-att-2491\"><img loading=\"lazy\" decoding=\"async\" class=\" wp-image-2491\" src=\"https:\/\/www.ffcam38.com\/jeunes-alpinistes\/wp-content\/uploads\/2015\/12\/G0075016-300x225.jpg\" alt=\"DCIM114GOPRO\" width=\"600\" height=\"450\" srcset=\"https:\/\/www.ffcam38.com\/jeunes-alpinistes\/wp-content\/uploads\/2015\/12\/G0075016-300x225.jpg 300w, https:\/\/www.ffcam38.com\/jeunes-alpinistes\/wp-content\/uploads\/2015\/12\/G0075016-768x576.jpg 768w, https:\/\/www.ffcam38.com\/jeunes-alpinistes\/wp-content\/uploads\/2015\/12\/G0075016-1024x768.jpg 1024w, https:\/\/www.ffcam38.com\/jeunes-alpinistes\/wp-content\/uploads\/2015\/12\/G0075016-624x468.jpg 624w, https:\/\/www.ffcam38.com\/jeunes-alpinistes\/wp-content\/uploads\/2015\/12\/G0075016-900x675.jpg 900w\" sizes=\"auto, (max-width: 600px) 100vw, 600px\" \/><\/a><\/p>\n<p><i><\/i><i><strong>\u00c9tudes :<\/strong><\/i> Je suis le plus jeune des \u00e9quipes, alors je ne suis ni ing\u00e9nieur ni kin\u00e9, mais juste au\u00a0lyc\u00e9e en terminal S et je compte faire une pr\u00e9pa pour\u00a0int\u00e9grer\u00a0une \u00e9cole\u00a0d\u2019ing\u00e9nieur.(maths\/physique)<\/p>\n<p><b><i>Caract\u00e9ristiques<\/i><\/b><strong><i>\u00a0:\u00a0<\/i><\/strong><\/p>\n<p>J&rsquo;aime faire de l&rsquo;alpinisme alors je suis de bonne humeur en montagne ! J&rsquo;aime quand il faut forcer et\u00a0gal\u00e9rer d\u2019ailleurs je suis un peu bourrin&#8230; Sinon j&rsquo;aime les d\u00e9fis\u00a0et je ne dirais pas non \u00e0 une petite variante plus p\u00e9tillante ! J\u2019adore l&rsquo;hiver et la neige alors si vous voulez aller faire un p&rsquo;tit couloir ou se taper une belle face bien poudreuse je suis partant !<\/p>\n<p><a href=\"https:\/\/www.ffcam38.com\/jeunes-alpinistes\/wp-content\/uploads\/2015\/12\/peuf-.jpg\" rel=\"attachment wp-att-2492\"><img loading=\"lazy\" decoding=\"async\" class=\"alignnone wp-image-2492\" src=\"https:\/\/www.ffcam38.com\/jeunes-alpinistes\/wp-content\/uploads\/2015\/12\/peuf--300x169.jpg\" alt=\"peuf !\" width=\"616\" height=\"347\" srcset=\"https:\/\/www.ffcam38.com\/jeunes-alpinistes\/wp-content\/uploads\/2015\/12\/peuf--300x169.jpg 300w, https:\/\/www.ffcam38.com\/jeunes-alpinistes\/wp-content\/uploads\/2015\/12\/peuf--768x432.jpg 768w, https:\/\/www.ffcam38.com\/jeunes-alpinistes\/wp-content\/uploads\/2015\/12\/peuf--1024x576.jpg 1024w, https:\/\/www.ffcam38.com\/jeunes-alpinistes\/wp-content\/uploads\/2015\/12\/peuf--624x351.jpg 624w, https:\/\/www.ffcam38.com\/jeunes-alpinistes\/wp-content\/uploads\/2015\/12\/peuf--900x506.jpg 900w, https:\/\/www.ffcam38.com\/jeunes-alpinistes\/wp-content\/uploads\/2015\/12\/peuf-.jpg 1920w\" sizes=\"auto, (max-width: 616px) 100vw, 616px\" \/><\/a><\/p>\n<p><strong><i>Anecdote alpine :<\/i><\/strong><\/p>\n<p>Grimper une voie de 11 longueurs, arriver en haut \u00e0 la nuit et ne jamais trouver le rappel &#8230; Une exp\u00e9rience \u00e0 retenir pour le futur<\/p>\n<p><strong><i>Quelques courses :<\/i><\/strong><\/p>\n<p>Trip escalade en Croatie \u00e0 Paklenica, avec des grandes voies magnifiques,<\/p>\n<p><i><a href=\"https:\/\/www.ffcam38.com\/jeunes-alpinistes\/wp-content\/uploads\/2015\/12\/unnamed.jpg\" rel=\"attachment wp-att-2489\"><img loading=\"lazy\" decoding=\"async\" class=\"wp-image-2489 alignleft\" src=\"https:\/\/www.ffcam38.com\/jeunes-alpinistes\/wp-content\/uploads\/2015\/12\/unnamed-300x169.jpg\" alt=\"unnamed\" width=\"596\" height=\"336\" srcset=\"https:\/\/www.ffcam38.com\/jeunes-alpinistes\/wp-content\/uploads\/2015\/12\/unnamed-300x169.jpg 300w, https:\/\/www.ffcam38.com\/jeunes-alpinistes\/wp-content\/uploads\/2015\/12\/unnamed-768x432.jpg 768w, https:\/\/www.ffcam38.com\/jeunes-alpinistes\/wp-content\/uploads\/2015\/12\/unnamed-1024x576.jpg 1024w, https:\/\/www.ffcam38.com\/jeunes-alpinistes\/wp-content\/uploads\/2015\/12\/unnamed-624x351.jpg 624w, https:\/\/www.ffcam38.com\/jeunes-alpinistes\/wp-content\/uploads\/2015\/12\/unnamed-900x506.jpg 900w\" sizes=\"auto, (max-width: 596px) 100vw, 596px\" \/><\/a><\/i>Ar\u00eates du Gerbier, Rocher du Midi ( De long en large et en travers),\u00a0Vallon de la Moulette : Voie de la Poire, et d&rsquo;autre.<\/p>\n<p>Pas encore de voies majeures mais \u00e7a va venir !<\/p>\n<p><a href=\"https:\/\/www.ffcam38.com\/jeunes-alpinistes\/wp-content\/uploads\/2015\/12\/P6070082.jpg\" rel=\"attachment wp-att-2490\"><img loading=\"lazy\" decoding=\"async\" class=\" wp-image-2490\" src=\"https:\/\/www.ffcam38.com\/jeunes-alpinistes\/wp-content\/uploads\/2015\/12\/P6070082-300x225.jpg\" alt=\"OLYMPUS DIGITAL CAMERA\" width=\"587\" height=\"440\" srcset=\"https:\/\/www.ffcam38.com\/jeunes-alpinistes\/wp-content\/uploads\/2015\/12\/P6070082-300x225.jpg 300w, https:\/\/www.ffcam38.com\/jeunes-alpinistes\/wp-content\/uploads\/2015\/12\/P6070082-768x576.jpg 768w, https:\/\/www.ffcam38.com\/jeunes-alpinistes\/wp-content\/uploads\/2015\/12\/P6070082-1024x768.jpg 1024w, https:\/\/www.ffcam38.com\/jeunes-alpinistes\/wp-content\/uploads\/2015\/12\/P6070082-624x468.jpg 624w, https:\/\/www.ffcam38.com\/jeunes-alpinistes\/wp-content\/uploads\/2015\/12\/P6070082-900x675.jpg 900w\" sizes=\"auto, (max-width: 587px) 100vw, 587px\" \/><\/a><\/p>\n<p><strong>Objectif en montagne :<\/strong><\/p>\n<p>Se faire plaisir, progresser et passer des nuits en portaledge pour faire de grandes faces. Faire de la rando et de l&rsquo;alpi pour se taper des couloirs \u00e0 ski. R\u00e9aliser de grands sommets, d\u00e9couvrir, aller toujours plus hauts et partager tous ces moments avec mes compagnons !<\/p>\n<p><strong><i>Objectifs au s<\/i><i>ein du groupe :<\/i><\/strong><\/p>\n<p>Partager de bons moments avec toutes les \u00e9quipes, gagner en connaissances, g\u00e9rer une bonne s\u00e9curit\u00e9 de la cord\u00e9e et prendre en autonomie pour r\u00e9aliser\u00a0mes propres exp\u00e9ditions. Et puis former\u00a0un groupe de personnes motiv\u00e9es en qui j&rsquo;ai confiance pour faire plus de montagne !<\/p>\n<p><i><strong>Autres centres d\u2019int\u00e9r\u00eat que la montagne :<\/strong><br \/>\n<\/i><\/p>\n<p>Le sport en g\u00e9n\u00e9ral : le surf, l&rsquo;entrainement physique et la boxe anglaise (je suis gentil ne vous inqui\u00e9tez pas !), et puis les conneries entre potes !<\/p>\n<p><strong>Quelques vid\u00e9os de ski des saisons derni\u00e8res pour patienter ! \u00a0:<\/strong><\/p>\n<p>http:\/\/www.zapiks.fr\/profil\/oscride\/<\/p>\n","protected":false},"excerpt":{"rendered":"<p>Oscar, 17 ans J&rsquo;habite \u00e0 Lumbin, au pied de la chartreuse et face \u00e0\u00a0Belledonne. Je suis \u00e0 la\u00a0base un skieur, en\u00a0commen\u00e7ant\u00a0par le\u00a0ski\u00a0en\u00a0comp\u00e9tition puis le freeride. j&rsquo;ai commenc\u00e9 \u00e0 grimper en salle puis j&rsquo;ai\u00a0int\u00e9gr\u00e9\u00a0le CAF jeune Is\u00e8re pour me mettre \u00e0\u00a0l&rsquo;alpinisme ! \u00c9tudes : Je suis le plus jeune des \u00e9quipes, alors je ne suis ni ing\u00e9nieur ni kin\u00e9, mais juste au\u00a0lyc\u00e9e en terminal S et je compte faire une pr\u00e9pa pour\u00a0int\u00e9grer\u00a0une \u00e9cole\u00a0d\u2019ing\u00e9nieur.(maths\/physique) Caract\u00e9ristiques\u00a0:\u00a0 J&rsquo;aime faire de l&rsquo;alpinisme alors je suis&#8230;<\/p>\n<p class=\"read-more\"><a class=\"btn btn-default\" href=\"https:\/\/www.ffcam38.com\/jeunes-alpinistes\/2015\/12\/22\/oscar-gravier\/\">Lire la suite<span class=\"screen-reader-text\"> Lire la suite<\/span><\/a><\/p>\n","protected":false},"author":2,"featured_media":0,"comment_status":"open","ping_status":"open","sticky":false,"template":"","format":"standard","meta":{"footnotes":""},"categories":[181,186,7],"tags":[213,211,212,209,210],"class_list":["post-2488","post","type-post","status-publish","format-standard","hentry","category-equipe-2016","category-portraits-promo-2-2016","category-portraits","tag-alpiniste","tag-equipes","tag-jeunes","tag-oscar","tag-portrait-equipes"],"_links":{"self":[{"href":"https:\/\/www.ffcam38.com\/jeunes-alpinistes\/wp-json\/wp\/v2\/posts\/2488","targetHints":{"allow":["GET"]}}],"collection":[{"href":"https:\/\/www.ffcam38.com\/jeunes-alpinistes\/wp-json\/wp\/v2\/posts"}],"about":[{"href":"https:\/\/www.ffcam38.com\/jeunes-alpinistes\/wp-json\/wp\/v2\/types\/post"}],"author":[{"embeddable":true,"href":"https:\/\/www.ffcam38.com\/jeunes-alpinistes\/wp-json\/wp\/v2\/users\/2"}],"replies":[{"embeddable":true,"href":"https:\/\/www.ffcam38.com\/jeunes-alpinistes\/wp-json\/wp\/v2\/comments?post=2488"}],"version-history":[{"count":5,"href":"https:\/\/www.ffcam38.com\/jeunes-alpinistes\/wp-json\/wp\/v2\/posts\/2488\/revisions"}],"predecessor-version":[{"id":2506,"href":"https:\/\/www.ffcam38.com\/jeunes-alpinistes\/wp-json\/wp\/v2\/posts\/2488\/revisions\/2506"}],"wp:attachment":[{"href":"https:\/\/www.ffcam38.com\/jeunes-alpinistes\/wp-json\/wp\/v2\/media?parent=2488"}],"wp:term":[{"taxonomy":"category","embeddable":true,"href":"https:\/\/www.ffcam38.com\/jeunes-alpinistes\/wp-json\/wp\/v2\/categories?post=2488"},{"taxonomy":"post_tag","embeddable":true,"href":"https:\/\/www.ffcam38.com\/jeunes-alpinistes\/wp-json\/wp\/v2\/tags?post=2488"}],"curies":[{"name":"wp","href":"https:\/\/api.w.org\/{rel}","templated":true}]}}