{"id":2523,"date":"2016-01-10T20:06:25","date_gmt":"2016-01-10T19:06:25","guid":{"rendered":"http:\/\/jeunes-alpinistes.ffcam38.com\/?p=2523"},"modified":"2016-01-11T10:37:16","modified_gmt":"2016-01-11T09:37:16","slug":"arete-nord-de-la-pointe-du-sifflet-promo-2","status":"publish","type":"post","link":"https:\/\/www.ffcam38.com\/jeunes-alpinistes\/2016\/01\/10\/arete-nord-de-la-pointe-du-sifflet-promo-2\/","title":{"rendered":"Ar\u00eate Nord de la pointe du Sifflet, Promo 2"},"content":{"rendered":"<p>Le Samedi 19 D\u00e9cembre 2015 nous sommes all\u00e9s toucher la neige en r\u00e9alisant une petite ar\u00eate enneig\u00e9e : l\u2019ar\u00eate Nord de la pointe du Sifflet.<\/p>\n<p>Apr\u00e8s une bonne heure de marche d&rsquo;approche en crampons nous sommes arriv\u00e9s au pas de la Coche o\u00f9 nous avons retrouv\u00e9 des compagnons de cord\u00e9e rest\u00e9s dormir au petit chalet Habert d\u2019Aiguebelle apr\u00e8s la sortie des promo 1. Nous avons donc choisi notre course et sommes partis en direction de la pointe du Sifflet.<\/p>\n<p>Une fois la marche d&rsquo;approche termin\u00e9e nous avons constitu\u00e9 2 groupes :<\/p>\n<ul>\n<li>Un qui remontait le couloir principal pour atteindre l\u2019ar\u00eate.<\/li>\n<\/ul>\n<p><a href=\"https:\/\/www.ffcam38.com\/jeunes-alpinistes\/wp-content\/uploads\/2016\/01\/Ar\u00eate-du-Sifflet-1.jpg\" rel=\"attachment wp-att-2526\"><img loading=\"lazy\" decoding=\"async\" class=\"alignnone wp-image-2526 size-full\" src=\"https:\/\/www.ffcam38.com\/jeunes-alpinistes\/wp-content\/uploads\/2016\/01\/Ar\u00eate-du-Sifflet-1.jpg\" alt=\"Ar\u00eate du Sifflet 1\" width=\"190\" height=\"94\" \/><\/a><\/p>\n<ul>\n<li>Un autre qui prenait une variante pour espacer les cord\u00e9es. (trait vert)<\/li>\n<\/ul>\n<p><a href=\"https:\/\/www.ffcam38.com\/jeunes-alpinistes\/wp-content\/uploads\/2016\/01\/kkkkkkkkkk.jpg\" rel=\"attachment wp-att-2525\"><img loading=\"lazy\" decoding=\"async\" class=\"alignnone wp-image-2525\" src=\"https:\/\/www.ffcam38.com\/jeunes-alpinistes\/wp-content\/uploads\/2016\/01\/kkkkkkkkkk-1024x260.jpg\" alt=\"\" width=\"1270\" height=\"323\" srcset=\"https:\/\/www.ffcam38.com\/jeunes-alpinistes\/wp-content\/uploads\/2016\/01\/kkkkkkkkkk-1024x260.jpg 1024w, https:\/\/www.ffcam38.com\/jeunes-alpinistes\/wp-content\/uploads\/2016\/01\/kkkkkkkkkk-300x76.jpg 300w, https:\/\/www.ffcam38.com\/jeunes-alpinistes\/wp-content\/uploads\/2016\/01\/kkkkkkkkkk-768x195.jpg 768w, https:\/\/www.ffcam38.com\/jeunes-alpinistes\/wp-content\/uploads\/2016\/01\/kkkkkkkkkk-624x159.jpg 624w, https:\/\/www.ffcam38.com\/jeunes-alpinistes\/wp-content\/uploads\/2016\/01\/kkkkkkkkkk.jpg 1879w\" sizes=\"auto, (max-width: 1270px) 100vw, 1270px\" \/><\/a><\/p>\n<p>Arriv\u00e9s au fil de l\u2019ar\u00eate nous l&rsquo;avons suivi pour atteindre la pointe du Sifflet, sur laquelle nous avons mang\u00e9. On a ensuite trouv\u00e9 un endroit pour faire des recherches ARVA, chacun est pass\u00e9 sur un atelier de recherche double victimes avec succ\u00e8s.<\/p>\n<p>Une bonne journ\u00e9e qui s&rsquo;est fini avec le soleil ! (Et oui, les frontales n&rsquo;ont m\u00eame pas march\u00e9 !!) Rendez-vous \u00e0 l&rsquo;ICE Climbing Ecrins !<\/p>\n<p>&nbsp;<\/p>\n<p><a href=\"https:\/\/www.ffcam38.com\/jeunes-alpinistes\/wp-content\/uploads\/2016\/01\/Ar\u00eate-du-Sifflet-3.jpg\" rel=\"attachment wp-att-2527\"><img loading=\"lazy\" decoding=\"async\" class=\"aligncenter wp-image-2529 size-full\" src=\"https:\/\/www.ffcam38.com\/jeunes-alpinistes\/wp-content\/uploads\/2016\/01\/2015_12_19_pic-pin-sifflet_104.jpg\" alt=\"2015_12_19_pic-pin-sifflet_104\" width=\"190\" height=\"142\" \/><img loading=\"lazy\" decoding=\"async\" class=\"alignnone wp-image-2527 size-full\" src=\"https:\/\/www.ffcam38.com\/jeunes-alpinistes\/wp-content\/uploads\/2016\/01\/Ar\u00eate-du-Sifflet-3.jpg\" alt=\"Ar\u00eate du Sifflet 3\" width=\"141\" height=\"190\" \/><\/a><\/p>\n<p><a href=\"https:\/\/www.ffcam38.com\/jeunes-alpinistes\/wp-content\/uploads\/2016\/01\/Ar\u00eate-du-Sifflet-2.jpg\" rel=\"attachment wp-att-2528\"><img loading=\"lazy\" decoding=\"async\" class=\"alignnone wp-image-2528 size-full\" src=\"https:\/\/www.ffcam38.com\/jeunes-alpinistes\/wp-content\/uploads\/2016\/01\/Ar\u00eate-du-Sifflet-2.jpg\" alt=\"Ar\u00eate du Sifflet 2\" width=\"190\" height=\"134\" \/><\/a><\/p>\n","protected":false},"excerpt":{"rendered":"<p>Le Samedi 19 D\u00e9cembre 2015 nous sommes all\u00e9s toucher la neige en r\u00e9alisant une petite ar\u00eate enneig\u00e9e : l\u2019ar\u00eate Nord de la pointe du Sifflet. Apr\u00e8s une bonne heure de marche d&rsquo;approche en crampons nous sommes arriv\u00e9s au pas de la Coche o\u00f9 nous avons retrouv\u00e9 des compagnons de cord\u00e9e rest\u00e9s dormir au petit chalet Habert d\u2019Aiguebelle apr\u00e8s la sortie des promo 1. Nous avons donc choisi notre course et sommes partis en direction de la pointe du Sifflet. Une&#8230;<\/p>\n<p class=\"read-more\"><a class=\"btn btn-default\" href=\"https:\/\/www.ffcam38.com\/jeunes-alpinistes\/2016\/01\/10\/arete-nord-de-la-pointe-du-sifflet-promo-2\/\">Lire la suite<span class=\"screen-reader-text\"> Lire la suite<\/span><\/a><\/p>\n","protected":false},"author":2,"featured_media":0,"comment_status":"open","ping_status":"open","sticky":false,"template":"","format":"standard","meta":{"footnotes":""},"categories":[35,10,33],"tags":[49,215,214,216],"class_list":["post-2523","post","type-post","status-publish","format-standard","hentry","category-actualites","category-les-sorties","category-sorties-promo-2","tag-alpinisme","tag-arete","tag-pointe-du-sifflet","tag-promo-2"],"_links":{"self":[{"href":"https:\/\/www.ffcam38.com\/jeunes-alpinistes\/wp-json\/wp\/v2\/posts\/2523","targetHints":{"allow":["GET"]}}],"collection":[{"href":"https:\/\/www.ffcam38.com\/jeunes-alpinistes\/wp-json\/wp\/v2\/posts"}],"about":[{"href":"https:\/\/www.ffcam38.com\/jeunes-alpinistes\/wp-json\/wp\/v2\/types\/post"}],"author":[{"embeddable":true,"href":"https:\/\/www.ffcam38.com\/jeunes-alpinistes\/wp-json\/wp\/v2\/users\/2"}],"replies":[{"embeddable":true,"href":"https:\/\/www.ffcam38.com\/jeunes-alpinistes\/wp-json\/wp\/v2\/comments?post=2523"}],"version-history":[{"count":3,"href":"https:\/\/www.ffcam38.com\/jeunes-alpinistes\/wp-json\/wp\/v2\/posts\/2523\/revisions"}],"predecessor-version":[{"id":2532,"href":"https:\/\/www.ffcam38.com\/jeunes-alpinistes\/wp-json\/wp\/v2\/posts\/2523\/revisions\/2532"}],"wp:attachment":[{"href":"https:\/\/www.ffcam38.com\/jeunes-alpinistes\/wp-json\/wp\/v2\/media?parent=2523"}],"wp:term":[{"taxonomy":"category","embeddable":true,"href":"https:\/\/www.ffcam38.com\/jeunes-alpinistes\/wp-json\/wp\/v2\/categories?post=2523"},{"taxonomy":"post_tag","embeddable":true,"href":"https:\/\/www.ffcam38.com\/jeunes-alpinistes\/wp-json\/wp\/v2\/tags?post=2523"}],"curies":[{"name":"wp","href":"https:\/\/api.w.org\/{rel}","templated":true}]}}