{"id":2637,"date":"2016-03-03T13:46:36","date_gmt":"2016-03-03T12:46:36","guid":{"rendered":"http:\/\/jeunes-alpinistes.ffcam38.com\/?p=2637"},"modified":"2016-03-03T13:46:36","modified_gmt":"2016-03-03T12:46:36","slug":"soiree-orientation-mercredi-9-mars-2016","status":"publish","type":"post","link":"https:\/\/www.ffcam38.com\/jeunes-alpinistes\/2016\/03\/03\/soiree-orientation-mercredi-9-mars-2016\/","title":{"rendered":"soir\u00e9e orientation &#8211; mercredi 9 mars 2016"},"content":{"rendered":"<p><a href=\"http:\/\/jeunes-alpinistes.ffcam38.com\/mathieu-ringot-promo-2-2014\/\">Mathieu Ringot<\/a>, charg\u00e9 de d\u00e9veloppement \u00e0 la f\u00e9d\u00e9ration fran\u00e7aise de course d&rsquo;orientation, accompagnateur en moyenne montagne et ancien des \u00e9quipes, nous fera un topo sur l&rsquo;orientation mercredi 9\/3 \u00e0 18.30 au CAF Grenoble-Oisans. Comme d&rsquo;habitude, prenez un petit quelque chose \u00e0 manger ou \u00e0 boire et votre gobelet r\u00e9utilisable !<\/p>\n<p><a href=\"https:\/\/www.ffcam38.com\/jeunes-alpinistes\/wp-content\/uploads\/2015\/10\/carte.jpg\" rel=\"attachment wp-att-2269\"><img loading=\"lazy\" decoding=\"async\" class=\"aligncenter wp-image-2269 size-medium\" src=\"https:\/\/www.ffcam38.com\/jeunes-alpinistes\/wp-content\/uploads\/2015\/10\/carte-300x225.jpg\" alt=\"carte\" width=\"300\" height=\"225\" srcset=\"https:\/\/www.ffcam38.com\/jeunes-alpinistes\/wp-content\/uploads\/2015\/10\/carte-300x225.jpg 300w, https:\/\/www.ffcam38.com\/jeunes-alpinistes\/wp-content\/uploads\/2015\/10\/carte-1024x768.jpg 1024w, https:\/\/www.ffcam38.com\/jeunes-alpinistes\/wp-content\/uploads\/2015\/10\/carte-624x468.jpg 624w, https:\/\/www.ffcam38.com\/jeunes-alpinistes\/wp-content\/uploads\/2015\/10\/carte-900x675.jpg 900w, https:\/\/www.ffcam38.com\/jeunes-alpinistes\/wp-content\/uploads\/2015\/10\/carte.jpg 1440w\" sizes=\"auto, (max-width: 300px) 100vw, 300px\" \/><\/a>Si il y a des points qui vous int\u00e9ressent plus particuli\u00e8rement, ou des questions \u00e0 ne pas rater, notez-les dans les commentaires !<\/p>\n<p>&nbsp;<\/p>\n","protected":false},"excerpt":{"rendered":"<p>Mathieu Ringot, charg\u00e9 de d\u00e9veloppement \u00e0 la f\u00e9d\u00e9ration fran\u00e7aise de course d&rsquo;orientation, accompagnateur en moyenne montagne et ancien des \u00e9quipes, nous fera un topo sur l&rsquo;orientation mercredi 9\/3 \u00e0 18.30 au CAF Grenoble-Oisans. Comme d&rsquo;habitude, prenez un petit quelque chose \u00e0 manger ou \u00e0 boire et votre gobelet r\u00e9utilisable ! Si il y a des points qui vous int\u00e9ressent plus particuli\u00e8rement, ou des questions \u00e0 ne pas rater, notez-les dans les commentaires ! &nbsp;<\/p>\n","protected":false},"author":2,"featured_media":0,"comment_status":"open","ping_status":"open","sticky":false,"template":"","format":"standard","meta":{"footnotes":""},"categories":[35,8,136],"tags":[96],"class_list":["post-2637","post","type-post","status-publish","format-standard","hentry","category-actualites","category-programme-previ","category-programme-previ-soirees-techniques","tag-orientation"],"_links":{"self":[{"href":"https:\/\/www.ffcam38.com\/jeunes-alpinistes\/wp-json\/wp\/v2\/posts\/2637","targetHints":{"allow":["GET"]}}],"collection":[{"href":"https:\/\/www.ffcam38.com\/jeunes-alpinistes\/wp-json\/wp\/v2\/posts"}],"about":[{"href":"https:\/\/www.ffcam38.com\/jeunes-alpinistes\/wp-json\/wp\/v2\/types\/post"}],"author":[{"embeddable":true,"href":"https:\/\/www.ffcam38.com\/jeunes-alpinistes\/wp-json\/wp\/v2\/users\/2"}],"replies":[{"embeddable":true,"href":"https:\/\/www.ffcam38.com\/jeunes-alpinistes\/wp-json\/wp\/v2\/comments?post=2637"}],"version-history":[{"count":1,"href":"https:\/\/www.ffcam38.com\/jeunes-alpinistes\/wp-json\/wp\/v2\/posts\/2637\/revisions"}],"predecessor-version":[{"id":2638,"href":"https:\/\/www.ffcam38.com\/jeunes-alpinistes\/wp-json\/wp\/v2\/posts\/2637\/revisions\/2638"}],"wp:attachment":[{"href":"https:\/\/www.ffcam38.com\/jeunes-alpinistes\/wp-json\/wp\/v2\/media?parent=2637"}],"wp:term":[{"taxonomy":"category","embeddable":true,"href":"https:\/\/www.ffcam38.com\/jeunes-alpinistes\/wp-json\/wp\/v2\/categories?post=2637"},{"taxonomy":"post_tag","embeddable":true,"href":"https:\/\/www.ffcam38.com\/jeunes-alpinistes\/wp-json\/wp\/v2\/tags?post=2637"}],"curies":[{"name":"wp","href":"https:\/\/api.w.org\/{rel}","templated":true}]}}