{"id":2640,"date":"2016-03-08T18:09:52","date_gmt":"2016-03-08T17:09:52","guid":{"rendered":"http:\/\/jeunes-alpinistes.ffcam38.com\/?p=2640"},"modified":"2016-03-08T21:05:01","modified_gmt":"2016-03-08T20:05:01","slug":"une-derniere-glace-week-end-du-28-2902","status":"publish","type":"post","link":"https:\/\/www.ffcam38.com\/jeunes-alpinistes\/2016\/03\/08\/une-derniere-glace-week-end-du-28-2902\/","title":{"rendered":"Une derni\u00e8re glace? (week-end du 28-29\/02)"},"content":{"rendered":"<p>\u00ab\u00a0C&rsquo;est probablement le dernier cr\u00e9neau cascade de l&rsquo;ann\u00e9e\u00a0\u00bb et c&rsquo;est avec cette triste annonce que nous sommes parti : Nico, Victor, Maelys, antoine, Amandine, Ad\u00e8le, Oscar, Arthur et Fabio pour un week-end \u00e0 l&rsquo;Alpe d&rsquo;Huez, h\u00e9berg\u00e9 par Arthur.<\/p>\n<p>Apr\u00e8s une petite approche par les pistes, nous arrivons au pied de Ice billy, pour faire des voies d&rsquo;une longueur, avec un soleil qui pointe \u00e0 peine le bout de son nez et un petit vent gla\u00e7ant.<a href=\"https:\/\/www.ffcam38.com\/jeunes-alpinistes\/wp-content\/uploads\/2016\/03\/ice-bill.jpg\" rel=\"attachment wp-att-2643\"><img loading=\"lazy\" decoding=\"async\" class=\"alignnone size-medium wp-image-2643\" src=\"https:\/\/www.ffcam38.com\/jeunes-alpinistes\/wp-content\/uploads\/2016\/03\/ice-bill-300x200.jpg\" alt=\"ice bill\" width=\"300\" height=\"200\" srcset=\"https:\/\/www.ffcam38.com\/jeunes-alpinistes\/wp-content\/uploads\/2016\/03\/ice-bill-300x200.jpg 300w, https:\/\/www.ffcam38.com\/jeunes-alpinistes\/wp-content\/uploads\/2016\/03\/ice-bill.jpg 319w\" sizes=\"auto, (max-width: 300px) 100vw, 300px\" \/><\/a><\/p>\n<p>&nbsp;<\/p>\n<p>Vers une heure de l&rsquo;apr\u00e8s midi, le vent \u00e0 plut\u00f4t forci et nous fait couler de la neige dans la figure en pleine voie. Les conditions se d\u00e9t\u00e9riorent, nous partons.<\/p>\n<p>&nbsp;<\/p>\n<p>De retour \u00e0 la station, nous sommes abrit\u00e9 du vent et le soleil est de retour : atelier igloo dirig\u00e9 par Nico. On empile tous nos sac qu&rsquo;on recouvre d&rsquo;une bonne couche de neige, on creuse sur un des bords un trou, pour retirer les sac par en dessous&#8230; et on creuse encore, et au bout d&rsquo;une demi-heure voil\u00e0 le travail :<\/p>\n<p><a href=\"https:\/\/www.ffcam38.com\/jeunes-alpinistes\/wp-content\/uploads\/2016\/03\/igloo-1.jpg\" rel=\"attachment wp-att-2644\"><img loading=\"lazy\" decoding=\"async\" class=\"alignnone size-full wp-image-2644\" src=\"https:\/\/www.ffcam38.com\/jeunes-alpinistes\/wp-content\/uploads\/2016\/03\/igloo-1.jpg\" alt=\"igloo 1\" width=\"287\" height=\"191\" \/><\/a> <a href=\"https:\/\/www.ffcam38.com\/jeunes-alpinistes\/wp-content\/uploads\/2016\/03\/igloo-2.jpg\" rel=\"attachment wp-att-2645\"><img loading=\"lazy\" decoding=\"async\" class=\"alignnone size-medium wp-image-2645\" src=\"https:\/\/www.ffcam38.com\/jeunes-alpinistes\/wp-content\/uploads\/2016\/03\/igloo-2.jpg\" alt=\"igloo 2\" width=\"287\" height=\"191\" \/><\/a><\/p>\n<p>&nbsp;<\/p>\n<p>On se pose dans le caf\u00e9 du coin \u00e0 boire th\u00e9, caf\u00e9 ou vin chaud, et on conclu qu&rsquo;il nous faut partir. le vent soufflera toute la nuit et il y aurait trop de risque \u00e0 y retourner, nous rentrons chez nous&#8230; pour mieux repartir le lendemain \u00e0 Bessans \u00e0 une \u00e9cole de cascade de glace (avec un peu de dry quand m\u00eame) perdu au fin fond de la Maurienne.<\/p>\n<p>&nbsp;<\/p>\n<p>Quand nous arrivons sur place une trentaine de d&rsquo;enfants sont l\u00e0 \u00e0 courir partout et grimpoullier sur une bonne partie de la cascade! Nous partageons les deux cordes en places les plus verticales avec un autre groupe accompagn\u00e9 par un guide et grimpons un peu. Mais heureusement apres la pause de midi, la cascade est vide et nous nous empressons de grimper en t\u00eate, de mettre des broches ou de nous \u00e9puiser dans le dry.<\/p>\n<p><a href=\"https:\/\/www.ffcam38.com\/jeunes-alpinistes\/wp-content\/uploads\/2016\/03\/dry.jpg\" rel=\"attachment wp-att-2646\"><img loading=\"lazy\" decoding=\"async\" class=\"alignnone size-medium wp-image-2646\" src=\"https:\/\/www.ffcam38.com\/jeunes-alpinistes\/wp-content\/uploads\/2016\/03\/dry-200x300.jpg\" alt=\"dry\" width=\"200\" height=\"300\" srcset=\"https:\/\/www.ffcam38.com\/jeunes-alpinistes\/wp-content\/uploads\/2016\/03\/dry-200x300.jpg 200w, https:\/\/www.ffcam38.com\/jeunes-alpinistes\/wp-content\/uploads\/2016\/03\/dry.jpg 293w\" sizes=\"auto, (max-width: 200px) 100vw, 200px\" \/><\/a><\/p>\n<p>&nbsp;<\/p>\n<p>Ce fut un week-end frais, vivifiant et riche en \u00e9motions dont on gardera de nombreux souvenirs.<\/p>\n","protected":false},"excerpt":{"rendered":"<p>\u00ab\u00a0C&rsquo;est probablement le dernier cr\u00e9neau cascade de l&rsquo;ann\u00e9e\u00a0\u00bb et c&rsquo;est avec cette triste annonce que nous sommes parti : Nico, Victor, Maelys, antoine, Amandine, Ad\u00e8le, Oscar, Arthur et Fabio pour un week-end \u00e0 l&rsquo;Alpe d&rsquo;Huez, h\u00e9berg\u00e9 par Arthur. Apr\u00e8s une petite approche par les pistes, nous arrivons au pied de Ice billy, pour faire des voies d&rsquo;une longueur, avec un soleil qui pointe \u00e0 peine le bout de son nez et un petit vent gla\u00e7ant. &nbsp; Vers une heure de&#8230;<\/p>\n<p class=\"read-more\"><a class=\"btn btn-default\" href=\"https:\/\/www.ffcam38.com\/jeunes-alpinistes\/2016\/03\/08\/une-derniere-glace-week-end-du-28-2902\/\">Lire la suite<span class=\"screen-reader-text\"> Lire la suite<\/span><\/a><\/p>\n","protected":false},"author":2,"featured_media":0,"comment_status":"open","ping_status":"open","sticky":false,"template":"","format":"standard","meta":{"footnotes":""},"categories":[33],"tags":[],"class_list":["post-2640","post","type-post","status-publish","format-standard","hentry","category-sorties-promo-2"],"_links":{"self":[{"href":"https:\/\/www.ffcam38.com\/jeunes-alpinistes\/wp-json\/wp\/v2\/posts\/2640","targetHints":{"allow":["GET"]}}],"collection":[{"href":"https:\/\/www.ffcam38.com\/jeunes-alpinistes\/wp-json\/wp\/v2\/posts"}],"about":[{"href":"https:\/\/www.ffcam38.com\/jeunes-alpinistes\/wp-json\/wp\/v2\/types\/post"}],"author":[{"embeddable":true,"href":"https:\/\/www.ffcam38.com\/jeunes-alpinistes\/wp-json\/wp\/v2\/users\/2"}],"replies":[{"embeddable":true,"href":"https:\/\/www.ffcam38.com\/jeunes-alpinistes\/wp-json\/wp\/v2\/comments?post=2640"}],"version-history":[{"count":3,"href":"https:\/\/www.ffcam38.com\/jeunes-alpinistes\/wp-json\/wp\/v2\/posts\/2640\/revisions"}],"predecessor-version":[{"id":2647,"href":"https:\/\/www.ffcam38.com\/jeunes-alpinistes\/wp-json\/wp\/v2\/posts\/2640\/revisions\/2647"}],"wp:attachment":[{"href":"https:\/\/www.ffcam38.com\/jeunes-alpinistes\/wp-json\/wp\/v2\/media?parent=2640"}],"wp:term":[{"taxonomy":"category","embeddable":true,"href":"https:\/\/www.ffcam38.com\/jeunes-alpinistes\/wp-json\/wp\/v2\/categories?post=2640"},{"taxonomy":"post_tag","embeddable":true,"href":"https:\/\/www.ffcam38.com\/jeunes-alpinistes\/wp-json\/wp\/v2\/tags?post=2640"}],"curies":[{"name":"wp","href":"https:\/\/api.w.org\/{rel}","templated":true}]}}