{"id":2688,"date":"2016-04-07T14:49:43","date_gmt":"2016-04-07T13:49:43","guid":{"rendered":"http:\/\/jeunes-alpinistes.ffcam38.com\/?p=2688"},"modified":"2016-04-07T14:54:27","modified_gmt":"2016-04-07T13:54:27","slug":"quelques-notions-dartif","status":"publish","type":"post","link":"https:\/\/www.ffcam38.com\/jeunes-alpinistes\/2016\/04\/07\/quelques-notions-dartif\/","title":{"rendered":"Quelques notions d&rsquo;artif"},"content":{"rendered":"<p>Selon un r\u00e9cent sondage, on retrouve dans le top 3 des sports les plus absurdes le curling, la course de chaises de bureau et l&rsquo;escalade artificielle. Pour mourir moins b\u00eate quand on sera au fond d&rsquo;une crevasse (et surtout parce qu&rsquo;il pleuvait toute la journ\u00e9e) on est all\u00e9 tester la derni\u00e8re activit\u00e9 pour vous avec Eloi.<\/p>\n<figure id=\"attachment_2695\" aria-describedby=\"caption-attachment-2695\" style=\"width: 225px\" class=\"wp-caption alignright\"><a href=\"https:\/\/www.ffcam38.com\/jeunes-alpinistes\/wp-content\/uploads\/2016\/04\/P4050001.jpg\" rel=\"attachment wp-att-2695\"><img loading=\"lazy\" decoding=\"async\" class=\"size-medium wp-image-2695\" src=\"https:\/\/www.ffcam38.com\/jeunes-alpinistes\/wp-content\/uploads\/2016\/04\/P4050001-225x300.jpg\" alt=\"Cascade des Moulins Marquis\" width=\"225\" height=\"300\" srcset=\"https:\/\/www.ffcam38.com\/jeunes-alpinistes\/wp-content\/uploads\/2016\/04\/P4050001-225x300.jpg 225w, https:\/\/www.ffcam38.com\/jeunes-alpinistes\/wp-content\/uploads\/2016\/04\/P4050001-768x1024.jpg 768w, https:\/\/www.ffcam38.com\/jeunes-alpinistes\/wp-content\/uploads\/2016\/04\/P4050001-624x832.jpg 624w\" sizes=\"auto, (max-width: 225px) 100vw, 225px\" \/><\/a><figcaption id=\"caption-attachment-2695\" class=\"wp-caption-text\">Cascade des Moulins Marquis<\/figcaption><\/figure>\n<p>Direction Presles ! Non, non, pas les belles falaises plein sud proposant de belles envol\u00e9es plus ou moins \u00e9quip\u00e9es avec du beau rocher&#8230; Tournez plut\u00f4t votre regard de l&rsquo;autre cot\u00e9 de la vall\u00e9e et imaginez : quelques minutes apr\u00e8s avoir quitt\u00e9 une riante\u00a0usine hydro\u00e9lectrique vous d\u00e9couvrez\u00a0<span style=\"line-height: 1.71429; font-size: 1rem;\">une superbe cascade de plus de 300 m (voie majeure de glace qui se forme extr\u00eamement rarement, les Moulins Marquis) qui vous transporte imm\u00e9diatement au Venezuela. L&rsquo;humidit\u00e9 et la douceur aidant, on se croirait presque avec Sean Villanueva et ses camarades Belges a l&rsquo;approche d&rsquo;un Big Wall sauvage. Mais au dernier moment, surprise, le sentier tourne l\u00e9g\u00e8rement et l&rsquo;on d\u00e9couvre l&rsquo;un des plus grand porches d&rsquo;Europe. Un vrai d\u00e9cor de cin\u00e9ma !<\/span><\/p>\n<figure id=\"attachment_2690\" aria-describedby=\"caption-attachment-2690\" style=\"width: 300px\" class=\"wp-caption alignleft\"><a href=\"https:\/\/www.ffcam38.com\/jeunes-alpinistes\/wp-content\/uploads\/2016\/04\/P4050008.jpg\" rel=\"attachment wp-att-2690\"><img loading=\"lazy\" decoding=\"async\" class=\"wp-image-2690\" src=\"https:\/\/www.ffcam38.com\/jeunes-alpinistes\/wp-content\/uploads\/2016\/04\/P4050008-300x200.jpg\" alt=\"Pour donner l'\u00e9chelle, le petit point orange et bleu en bas \u00e0 droite c'est Eloi\" width=\"300\" height=\"200\" srcset=\"https:\/\/www.ffcam38.com\/jeunes-alpinistes\/wp-content\/uploads\/2016\/04\/P4050008-300x200.jpg 300w, https:\/\/www.ffcam38.com\/jeunes-alpinistes\/wp-content\/uploads\/2016\/04\/P4050008-768x512.jpg 768w, https:\/\/www.ffcam38.com\/jeunes-alpinistes\/wp-content\/uploads\/2016\/04\/P4050008-1024x683.jpg 1024w, https:\/\/www.ffcam38.com\/jeunes-alpinistes\/wp-content\/uploads\/2016\/04\/P4050008-624x416.jpg 624w\" sizes=\"auto, (max-width: 300px) 100vw, 300px\" \/><\/a><figcaption id=\"caption-attachment-2690\" class=\"wp-caption-text\">Pour donner l&rsquo;\u00e9chelle, le petit point orange et bleu en bas \u00e0 droite c&rsquo;est Eloi<\/figcaption><\/figure>\n<p>Petit d\u00e9tail qui a son importance, sous cet immense plafond on ne trouve pas le sol mais un vaste lac qui permet de capter la r\u00e9surgence souterraine pour la centrale plus bas&#8230; Ca change un peu la donne quant aux options de r\u00e9chappe !\u00a0On s&rsquo;enfonce donc jusqu&rsquo;au bout de la cavit\u00e9 pour s&rsquo;\u00e9quiper et attaquer la voie, il est midi, un bon sandwich et c&rsquo;est parti.<\/p>\n<figure id=\"attachment_2691\" aria-describedby=\"caption-attachment-2691\" style=\"width: 200px\" class=\"wp-caption alignright\"><a href=\"https:\/\/www.ffcam38.com\/jeunes-alpinistes\/wp-content\/uploads\/2016\/04\/P4050009.jpg\" rel=\"attachment wp-att-2691\"><img loading=\"lazy\" decoding=\"async\" class=\"wp-image-2691\" src=\"https:\/\/www.ffcam38.com\/jeunes-alpinistes\/wp-content\/uploads\/2016\/04\/P4050009-200x300.jpg\" alt=\"Arriv\u00e9e \u00e0 R1\" width=\"200\" height=\"300\" srcset=\"https:\/\/www.ffcam38.com\/jeunes-alpinistes\/wp-content\/uploads\/2016\/04\/P4050009-200x300.jpg 200w, https:\/\/www.ffcam38.com\/jeunes-alpinistes\/wp-content\/uploads\/2016\/04\/P4050009-768x1152.jpg 768w, https:\/\/www.ffcam38.com\/jeunes-alpinistes\/wp-content\/uploads\/2016\/04\/P4050009-683x1024.jpg 683w, https:\/\/www.ffcam38.com\/jeunes-alpinistes\/wp-content\/uploads\/2016\/04\/P4050009-624x936.jpg 624w\" sizes=\"auto, (max-width: 200px) 100vw, 200px\" \/><\/a><figcaption id=\"caption-attachment-2691\" class=\"wp-caption-text\">Arriv\u00e9e \u00e0 R1<\/figcaption><\/figure>\n<p>&nbsp;<\/p>\n<p>Gros avantage, la voie a \u00e9t\u00e9 r\u00e9\u00e9quip\u00e9e en beaux spits tout neufs sur les 3 ou 4 premi\u00e8res longueurs. Ca permet de se concentrer sur les manips de longe et d&rsquo;\u00e9triers sous le toit sans se soucier de la tenue des points, et c&rsquo;est tr\u00e8s bien comme \u00e7a parce que c&rsquo;est d\u00e9j\u00e0 pas facile ! Tout s&rsquo;encha\u00eene donc \u00e0 merveille entre grosses s\u00e9ances de gainage \u00e0 jouer au pantin avec les pieds dans le vide et longues pauses au relais cal\u00e9 dans le hamac ou sur la sellette (qui finira par casser par surprise provocant une petite mont\u00e9e d&rsquo;adr\u00e9naline \u00e0 Eloi \ud83d\ude42 )<\/p>\n<p>&nbsp;<\/p>\n<p>&nbsp;<\/p>\n<figure id=\"attachment_2693\" aria-describedby=\"caption-attachment-2693\" style=\"width: 200px\" class=\"wp-caption alignleft\"><a href=\"https:\/\/www.ffcam38.com\/jeunes-alpinistes\/wp-content\/uploads\/2016\/04\/P4050045.jpg\" rel=\"attachment wp-att-2693\"><img loading=\"lazy\" decoding=\"async\" class=\"size-medium wp-image-2693\" src=\"https:\/\/www.ffcam38.com\/jeunes-alpinistes\/wp-content\/uploads\/2016\/04\/P4050045-200x300.jpg\" alt=\"Retour sur terre... ou presque\" width=\"200\" height=\"300\" srcset=\"https:\/\/www.ffcam38.com\/jeunes-alpinistes\/wp-content\/uploads\/2016\/04\/P4050045-200x300.jpg 200w, https:\/\/www.ffcam38.com\/jeunes-alpinistes\/wp-content\/uploads\/2016\/04\/P4050045-768x1152.jpg 768w, https:\/\/www.ffcam38.com\/jeunes-alpinistes\/wp-content\/uploads\/2016\/04\/P4050045-683x1024.jpg 683w, https:\/\/www.ffcam38.com\/jeunes-alpinistes\/wp-content\/uploads\/2016\/04\/P4050045-624x936.jpg 624w\" sizes=\"auto, (max-width: 200px) 100vw, 200px\" \/><\/a><figcaption id=\"caption-attachment-2693\" class=\"wp-caption-text\">Retour sur terre&#8230; ou presque<\/figcaption><\/figure>\n<p>Au bout de 2 longueurs et demi et d\u00e9j\u00e0 6 heures \u00e0 saucissoner dans la voie, un providentiel relais\u00a0de rappel\u00a0nous fait de l\u2019\u0153il. On commence a avoir bien compris le concept et bien que l&rsquo;activit\u00e9 soit fort ludique, on se dit qu&rsquo;on a plus envie de rentrer boire un coup \u00e0 Grenoble que de passer encore 6 heures dans les baudriers. Rassemblement de tout le matos, pliage du hamac et installation du rappel&#8230; Celui ci arrive \u00e0 4\/5 m\u00e8tres de la rive gauche du lac, juste au dessus de l&rsquo;eau. Un bon balancier lanc\u00e9 par Eloi encore au relais me permet d&rsquo;agripper le bord sans passer \u00e0 l&rsquo;eau et de retrouver la terre ferme.<\/p>\n<p>&nbsp;<\/p>\n<p>Pour les motiv\u00e9s, quelques d\u00e9tails :<\/p>\n<ul>\n<li>La voie est vraiment super bien r\u00e9\u00e9quip\u00e9e ce qui permet de grimper sans aucune expo (les spits et relais sont b\u00e9tons), par contre c&rsquo;est quand m\u00eame un peu engag\u00e9 une fois la haut, il faut r\u00e9ussir \u00e0 avancer puisque on ne peut pas redescendre \u00e0 tout moment.<\/li>\n<li>Niveau matos il faut pr\u00e9voir a minima : Cordes 2*40 ou 1*80, 30 \u00e0 40 d\u00e9gaines, 2 \u00e9triers par personne (r\u00e9alisable avec des sangles larges de 120 ou 180), une longe r\u00e9glable (avec microtraxion ou ropeman) et une longe courte par personne, des chaussures et un baudrier confortables ! \u00c9ventuellement hamac ou sellette artisanale pour les relais (on y reste bien 2h en r\u00e9versible) .<\/li>\n<li>Du cot\u00e9 physique et technique, c&rsquo;est pas mal physique et un peu technique \ud83d\ude00 Il faut surtout bien trouver sa m\u00e9thode pour \u00eatre efficace avec les longes et les \u00e9triers et s&rsquo;\u00e9conomiser pour pas avoir des courbatures pendant 2 jours. Autre point, ne pas \u00eatre trop sensibles des doigts, on a vite fait de se les \u00e9craser entre deux mousquetons ou contre le rocher !<\/li>\n<li>Pour les conditions et la m\u00e9t\u00e9o c&rsquo;est praticable 365 jours par an et m\u00eame de nuit si vous voulez (avec frontale pour pas louper les spits !). Attention quand m\u00eame aux journ\u00e9es trop froides, on est inactif assez longtemps au relais.<\/li>\n<\/ul>\n<p>Bref une activit\u00e9 bien d\u00e9jant\u00e9e\u00a0qui peut provoquer quelques fou rires de cord\u00e9e, mais \u00e7a vaut quand m\u00eame pas la grimpe sur le beau granite de Chamonix ! En tout cas certainement mieux que le Curling \ud83d\ude09<\/p>\n<p>Topo\u00a0C2C :\u00a0<a href=\"http:\/\/www.camptocamp.org\/routes\/127396\/fr\/cirque-de-bournillon-toit-du-bournillon-voie-liberte\">http:\/\/www.camptocamp.org\/routes\/127396\/fr\/cirque-de-bournillon-toit-du-bournillon-voie-liberte<\/a><\/p>\n<div id='gallery-1' class='gallery galleryid-2688 gallery-columns-2 gallery-size-medium'><figure class='gallery-item'>\n\t\t\t<div class='gallery-icon landscape'>\n\t\t\t\t<a href='https:\/\/www.ffcam38.com\/jeunes-alpinistes\/2016\/04\/07\/quelques-notions-dartif\/olympus-digital-camera-46\/'><img loading=\"lazy\" decoding=\"async\" width=\"300\" height=\"200\" src=\"https:\/\/www.ffcam38.com\/jeunes-alpinistes\/wp-content\/uploads\/2016\/04\/P4050029-300x200.jpg\" class=\"attachment-medium size-medium\" alt=\"\" aria-describedby=\"gallery-1-2692\" srcset=\"https:\/\/www.ffcam38.com\/jeunes-alpinistes\/wp-content\/uploads\/2016\/04\/P4050029-300x200.jpg 300w, https:\/\/www.ffcam38.com\/jeunes-alpinistes\/wp-content\/uploads\/2016\/04\/P4050029-768x512.jpg 768w, https:\/\/www.ffcam38.com\/jeunes-alpinistes\/wp-content\/uploads\/2016\/04\/P4050029-1024x683.jpg 1024w, https:\/\/www.ffcam38.com\/jeunes-alpinistes\/wp-content\/uploads\/2016\/04\/P4050029-624x416.jpg 624w\" sizes=\"auto, (max-width: 300px) 100vw, 300px\" \/><\/a>\n\t\t\t<\/div>\n\t\t\t\t<figcaption class='wp-caption-text gallery-caption' id='gallery-1-2692'>\n\t\t\t\tGros gainage de rigueur\n\t\t\t\t<\/figcaption><\/figure><figure class='gallery-item'>\n\t\t\t<div class='gallery-icon landscape'>\n\t\t\t\t<a href='https:\/\/www.ffcam38.com\/jeunes-alpinistes\/2016\/04\/07\/quelques-notions-dartif\/olympus-digital-camera-48\/'><img loading=\"lazy\" decoding=\"async\" width=\"300\" height=\"200\" src=\"https:\/\/www.ffcam38.com\/jeunes-alpinistes\/wp-content\/uploads\/2016\/04\/P4050048-300x200.jpg\" class=\"attachment-medium size-medium\" alt=\"\" aria-describedby=\"gallery-1-2694\" srcset=\"https:\/\/www.ffcam38.com\/jeunes-alpinistes\/wp-content\/uploads\/2016\/04\/P4050048-300x200.jpg 300w, https:\/\/www.ffcam38.com\/jeunes-alpinistes\/wp-content\/uploads\/2016\/04\/P4050048-768x512.jpg 768w, https:\/\/www.ffcam38.com\/jeunes-alpinistes\/wp-content\/uploads\/2016\/04\/P4050048-1024x683.jpg 1024w, https:\/\/www.ffcam38.com\/jeunes-alpinistes\/wp-content\/uploads\/2016\/04\/P4050048-624x416.jpg 624w\" sizes=\"auto, (max-width: 300px) 100vw, 300px\" \/><\/a>\n\t\t\t<\/div>\n\t\t\t\t<figcaption class='wp-caption-text gallery-caption' id='gallery-1-2694'>\n\t\t\t\tEt maintenant ?\n\t\t\t\t<\/figcaption><\/figure>\n\t\t<\/div>\n\n","protected":false},"excerpt":{"rendered":"<p>Selon un r\u00e9cent sondage, on retrouve dans le top 3 des sports les plus absurdes le curling, la course de chaises de bureau et l&rsquo;escalade artificielle. Pour mourir moins b\u00eate quand on sera au fond d&rsquo;une crevasse (et surtout parce qu&rsquo;il pleuvait toute la journ\u00e9e) on est all\u00e9 tester la derni\u00e8re activit\u00e9 pour vous avec Eloi. Direction Presles ! Non, non, pas les belles falaises plein sud proposant de belles envol\u00e9es plus ou moins \u00e9quip\u00e9es avec du beau rocher&#8230; Tournez&#8230;<\/p>\n<p class=\"read-more\"><a class=\"btn btn-default\" href=\"https:\/\/www.ffcam38.com\/jeunes-alpinistes\/2016\/04\/07\/quelques-notions-dartif\/\">Lire la suite<span class=\"screen-reader-text\"> Lire la suite<\/span><\/a><\/p>\n","protected":false},"author":2,"featured_media":2697,"comment_status":"open","ping_status":"open","sticky":false,"template":"","format":"standard","meta":{"footnotes":""},"categories":[84],"tags":[],"class_list":["post-2688","post","type-post","status-publish","format-standard","has-post-thumbnail","hentry","category-recits-de-sorties-entre-potes"],"_links":{"self":[{"href":"https:\/\/www.ffcam38.com\/jeunes-alpinistes\/wp-json\/wp\/v2\/posts\/2688","targetHints":{"allow":["GET"]}}],"collection":[{"href":"https:\/\/www.ffcam38.com\/jeunes-alpinistes\/wp-json\/wp\/v2\/posts"}],"about":[{"href":"https:\/\/www.ffcam38.com\/jeunes-alpinistes\/wp-json\/wp\/v2\/types\/post"}],"author":[{"embeddable":true,"href":"https:\/\/www.ffcam38.com\/jeunes-alpinistes\/wp-json\/wp\/v2\/users\/2"}],"replies":[{"embeddable":true,"href":"https:\/\/www.ffcam38.com\/jeunes-alpinistes\/wp-json\/wp\/v2\/comments?post=2688"}],"version-history":[{"count":7,"href":"https:\/\/www.ffcam38.com\/jeunes-alpinistes\/wp-json\/wp\/v2\/posts\/2688\/revisions"}],"predecessor-version":[{"id":2703,"href":"https:\/\/www.ffcam38.com\/jeunes-alpinistes\/wp-json\/wp\/v2\/posts\/2688\/revisions\/2703"}],"wp:featuredmedia":[{"embeddable":true,"href":"https:\/\/www.ffcam38.com\/jeunes-alpinistes\/wp-json\/wp\/v2\/media\/2697"}],"wp:attachment":[{"href":"https:\/\/www.ffcam38.com\/jeunes-alpinistes\/wp-json\/wp\/v2\/media?parent=2688"}],"wp:term":[{"taxonomy":"category","embeddable":true,"href":"https:\/\/www.ffcam38.com\/jeunes-alpinistes\/wp-json\/wp\/v2\/categories?post=2688"},{"taxonomy":"post_tag","embeddable":true,"href":"https:\/\/www.ffcam38.com\/jeunes-alpinistes\/wp-json\/wp\/v2\/tags?post=2688"}],"curies":[{"name":"wp","href":"https:\/\/api.w.org\/{rel}","templated":true}]}}