{"id":2739,"date":"2016-05-12T10:20:12","date_gmt":"2016-05-12T09:20:12","guid":{"rendered":"http:\/\/jeunes-alpinistes.ffcam38.com\/?p=2739"},"modified":"2016-05-12T10:20:12","modified_gmt":"2016-05-12T09:20:12","slug":"camp-equipe-alpinisme-les-9-1011-et-1206-chamonix-mont-blanc","status":"publish","type":"post","link":"https:\/\/www.ffcam38.com\/jeunes-alpinistes\/2016\/05\/12\/camp-equipe-alpinisme-les-9-1011-et-1206-chamonix-mont-blanc\/","title":{"rendered":"CAMP EQUIPE ALPINISME, LES 9, 10,11 et 12\/06 &#8211; CHAMONIX MONT BLANC"},"content":{"rendered":"<p>Bonjour \u00e0 tous,<\/p>\n<p>nous pr\u00e9voyons d&rsquo;aller \u00e0 Chamonix les 9, 10, 11 et 12 juin. Nous vous proposons l&rsquo;<strong>h\u00e9bergement au centre UCPA de chamonix<\/strong> (http:\/\/www.ucpa-vacances.com\/centre\/france\/chamonix\/) autour duquel nous partirons en \u00e9toile. La demi pension est de 33\u20ac. Le centre nous propose aussi des forfaits \u00e0 des prix tr\u00e8s avantageux, 17\u20ac\/j avec lequel nous pouvons acc\u00e9der \u00e0 tous le domaine. Le seul inconv\u00e9nient est que le centre ne peut pas nous h\u00e9berger le samedi.<\/p>\n<p>Nous pensons donc faire un h\u00e9bergement et demi pension au centre les jeudi et vendredi et b\u00e9n\u00e9ficier des forfaits les 4j avec une nuit samedi soir en refuge ou en bivouac.<\/p>\n<p>Comptez donc pour le s\u00e9jour par pers: (33&#215;2) + (17&#215;4) =<strong> 134 \u20ac<\/strong>. Rapporter \u00e0 la journ\u00e9e \u00e7\u00e0 fait vraiment pas cher pour Cham, enfin c&rsquo;est notre avis.<\/p>\n<p><strong>Nous fonctionnerons comme au Verdon. Vous serez en autonomie sur les itin\u00e9raires et avec Ben nous tacherons de vous orienter au mieux et d&rsquo;accompagner chaque fois une partie d&rsquo;entre vous en fonction des niveaux, des itin\u00e9raires&#8230;<\/strong><\/p>\n<p><span style=\"color: #000000;\">Pr\u00e9voyez le mat\u00e9riel d&rsquo;alpinisme en cons\u00e9quence +DVA, pelle et sonde et de quoi camper \u00e9ventuellement.<\/span><\/p>\n<p><span style=\"color: #ff0000;\"><strong>Merci de nous nous confirmer le plus t\u00f4t possible votre participation car nous devons r\u00e9server \u00e0 l&rsquo;UCPA &#8211; r\u00e9ponse souhait\u00e9e avant le 20 mai.<\/strong><\/span><\/p>\n<p>A ++<\/p>\n<p><a href=\"https:\/\/www.ffcam38.com\/jeunes-alpinistes\/wp-content\/uploads\/2016\/05\/P1050060.jpg\"><img loading=\"lazy\" decoding=\"async\" class=\"size-medium wp-image-2740 aligncenter\" src=\"https:\/\/www.ffcam38.com\/jeunes-alpinistes\/wp-content\/uploads\/2016\/05\/P1050060-300x225.jpg\" alt=\"P1050060\" width=\"300\" height=\"225\" srcset=\"https:\/\/www.ffcam38.com\/jeunes-alpinistes\/wp-content\/uploads\/2016\/05\/P1050060-300x225.jpg 300w, https:\/\/www.ffcam38.com\/jeunes-alpinistes\/wp-content\/uploads\/2016\/05\/P1050060-768x576.jpg 768w, https:\/\/www.ffcam38.com\/jeunes-alpinistes\/wp-content\/uploads\/2016\/05\/P1050060-1024x768.jpg 1024w, https:\/\/www.ffcam38.com\/jeunes-alpinistes\/wp-content\/uploads\/2016\/05\/P1050060-624x468.jpg 624w\" sizes=\"auto, (max-width: 300px) 100vw, 300px\" \/><\/a><\/p>\n<p>&nbsp;<\/p>\n<p>&nbsp;<\/p>\n","protected":false},"excerpt":{"rendered":"<p>Bonjour \u00e0 tous, nous pr\u00e9voyons d&rsquo;aller \u00e0 Chamonix les 9, 10, 11 et 12 juin. Nous vous proposons l&rsquo;h\u00e9bergement au centre UCPA de chamonix (http:\/\/www.ucpa-vacances.com\/centre\/france\/chamonix\/) autour duquel nous partirons en \u00e9toile. La demi pension est de 33\u20ac. Le centre nous propose aussi des forfaits \u00e0 des prix tr\u00e8s avantageux, 17\u20ac\/j avec lequel nous pouvons acc\u00e9der \u00e0 tous le domaine. Le seul inconv\u00e9nient est que le centre ne peut pas nous h\u00e9berger le samedi. Nous pensons donc faire un h\u00e9bergement et&#8230;<\/p>\n<p class=\"read-more\"><a class=\"btn btn-default\" href=\"https:\/\/www.ffcam38.com\/jeunes-alpinistes\/2016\/05\/12\/camp-equipe-alpinisme-les-9-1011-et-1206-chamonix-mont-blanc\/\">Lire la suite<span class=\"screen-reader-text\"> Lire la suite<\/span><\/a><\/p>\n","protected":false},"author":2,"featured_media":0,"comment_status":"open","ping_status":"open","sticky":false,"template":"","format":"standard","meta":{"footnotes":""},"categories":[35],"tags":[],"class_list":["post-2739","post","type-post","status-publish","format-standard","hentry","category-actualites"],"_links":{"self":[{"href":"https:\/\/www.ffcam38.com\/jeunes-alpinistes\/wp-json\/wp\/v2\/posts\/2739","targetHints":{"allow":["GET"]}}],"collection":[{"href":"https:\/\/www.ffcam38.com\/jeunes-alpinistes\/wp-json\/wp\/v2\/posts"}],"about":[{"href":"https:\/\/www.ffcam38.com\/jeunes-alpinistes\/wp-json\/wp\/v2\/types\/post"}],"author":[{"embeddable":true,"href":"https:\/\/www.ffcam38.com\/jeunes-alpinistes\/wp-json\/wp\/v2\/users\/2"}],"replies":[{"embeddable":true,"href":"https:\/\/www.ffcam38.com\/jeunes-alpinistes\/wp-json\/wp\/v2\/comments?post=2739"}],"version-history":[{"count":1,"href":"https:\/\/www.ffcam38.com\/jeunes-alpinistes\/wp-json\/wp\/v2\/posts\/2739\/revisions"}],"predecessor-version":[{"id":2741,"href":"https:\/\/www.ffcam38.com\/jeunes-alpinistes\/wp-json\/wp\/v2\/posts\/2739\/revisions\/2741"}],"wp:attachment":[{"href":"https:\/\/www.ffcam38.com\/jeunes-alpinistes\/wp-json\/wp\/v2\/media?parent=2739"}],"wp:term":[{"taxonomy":"category","embeddable":true,"href":"https:\/\/www.ffcam38.com\/jeunes-alpinistes\/wp-json\/wp\/v2\/categories?post=2739"},{"taxonomy":"post_tag","embeddable":true,"href":"https:\/\/www.ffcam38.com\/jeunes-alpinistes\/wp-json\/wp\/v2\/tags?post=2739"}],"curies":[{"name":"wp","href":"https:\/\/api.w.org\/{rel}","templated":true}]}}