{"id":2761,"date":"2016-05-23T13:56:25","date_gmt":"2016-05-23T12:56:25","guid":{"rendered":"http:\/\/jeunes-alpinistes.ffcam38.com\/?p=2761"},"modified":"2019-01-27T09:21:10","modified_gmt":"2019-01-27T08:21:10","slug":"we-initiateur-alpiniste-21-22-mai-2016","status":"publish","type":"post","link":"https:\/\/www.ffcam38.com\/jeunes-alpinistes\/2016\/05\/23\/we-initiateur-alpiniste-21-22-mai-2016\/","title":{"rendered":"We Initiateur alpiniste 21-22 Mai 2016"},"content":{"rendered":"<p>Week end de validation du brevet d&rsquo;initiateur alpiniste pour les jeunes des \u00e9quipes promo et espoirs, avant d&rsquo;\u00eatre lanc\u00e9s sur le terrain lors du Grand Parcours Alpinisme \u00e0 la B\u00e9rarde le weekend suivant. Direction le brian\u00e7onnais et son soleil (trop) accueillant!<\/p>\n<p>Au programme du samedi, une course d&rsquo;ar\u00eates avec mise en situation d&rsquo;encadrement \u00e0 <a href=\"http:\/\/www.camptocamp.org\/routes\/57401\/fr\/falaise-de-bouchier-eperon-de-bouchier\">l&rsquo;\u00e9peron de Bouchier,<\/a> histoire de mettre en pratique toutes les formes d&rsquo;\u00e9volution en terrain rocher. Sous un soleil de plomb, chacun m\u00e8ne sa cord\u00e9e en toute s\u00e9curit\u00e9, sans m\u00eame s&rsquo;aider (ou presque) des multiples indications peinturlur\u00e9es sur le rocher.<\/p>\n<p>Le reste de la journ\u00e9e est consacr\u00e9 \u00e0 la r\u00e9vision de la proc\u00e9dure de secours en cas d&rsquo;accident et aux manips d&rsquo;aide au second. Entre r\u00e9vision et apprentissage (du noeud de mule notamment), l&rsquo;apr\u00e8s midi file et nous voil\u00e0 d\u00e9j\u00e0 attabl\u00e9s au refuge de l&rsquo;Eychauda, qui n&rsquo;a de refuge que le nom au vu du confort! La s\u00e9ance manip en salle et bloc post-repas est rendue difficile apr\u00e8s le fondant chocolat maison des gardiens.<\/p>\n<p>Dimanche nous trouve tous au pr\u00e9 de Mme Carle, d&rsquo;o\u00f9 nous partons \u00e0 l&rsquo;assaut du glacier Blanc par le chemin des guides, \u00e9tape formatrice pour la progression en cord\u00e9e. Arriv\u00e9s au pied du glacier, nous testons l&rsquo;\u00e9tanch\u00e9it\u00e9 de nos v\u00eatements par de nombreuses roulades dans la neige. Mouflages, mariner simple au double et progression sur glacier n&rsquo;ont plus de secrets pour nous. Nous sommes tous d\u00e9clar\u00e9s aptes \u00e0 encadrer le weekend prochain et c&rsquo;est avec la satisfaction du devoir accompli que nous quittons les Hautes Alpes\u00a0pour retrouver une pluie grenobloise quelques kilom\u00e8tres plus tard.<\/p>\n","protected":false},"excerpt":{"rendered":"<p>Week end de validation du brevet d&rsquo;initiateur alpiniste pour les jeunes des \u00e9quipes promo et espoirs, avant d&rsquo;\u00eatre lanc\u00e9s sur le terrain lors du Grand Parcours Alpinisme \u00e0 la B\u00e9rarde le weekend suivant. Direction le brian\u00e7onnais et son soleil (trop) accueillant! Au programme du samedi, une course d&rsquo;ar\u00eates avec mise en situation d&rsquo;encadrement \u00e0 l&rsquo;\u00e9peron de Bouchier, histoire de mettre en pratique toutes les formes d&rsquo;\u00e9volution en terrain rocher. Sous un soleil de plomb, chacun m\u00e8ne sa cord\u00e9e en toute&#8230;<\/p>\n<p class=\"read-more\"><a class=\"btn btn-default\" href=\"https:\/\/www.ffcam38.com\/jeunes-alpinistes\/2016\/05\/23\/we-initiateur-alpiniste-21-22-mai-2016\/\">Lire la suite<span class=\"screen-reader-text\"> Lire la suite<\/span><\/a><\/p>\n","protected":false},"author":2,"featured_media":0,"comment_status":"open","ping_status":"open","sticky":false,"template":"","format":"standard","meta":{"footnotes":""},"categories":[10,30,31,32,33],"tags":[],"class_list":["post-2761","post","type-post","status-publish","format-standard","hentry","category-les-sorties","category-sorties-espoir-1","category-sorties-espoir-2","category-sorties-promo-1","category-sorties-promo-2"],"_links":{"self":[{"href":"https:\/\/www.ffcam38.com\/jeunes-alpinistes\/wp-json\/wp\/v2\/posts\/2761","targetHints":{"allow":["GET"]}}],"collection":[{"href":"https:\/\/www.ffcam38.com\/jeunes-alpinistes\/wp-json\/wp\/v2\/posts"}],"about":[{"href":"https:\/\/www.ffcam38.com\/jeunes-alpinistes\/wp-json\/wp\/v2\/types\/post"}],"author":[{"embeddable":true,"href":"https:\/\/www.ffcam38.com\/jeunes-alpinistes\/wp-json\/wp\/v2\/users\/2"}],"replies":[{"embeddable":true,"href":"https:\/\/www.ffcam38.com\/jeunes-alpinistes\/wp-json\/wp\/v2\/comments?post=2761"}],"version-history":[{"count":1,"href":"https:\/\/www.ffcam38.com\/jeunes-alpinistes\/wp-json\/wp\/v2\/posts\/2761\/revisions"}],"predecessor-version":[{"id":2762,"href":"https:\/\/www.ffcam38.com\/jeunes-alpinistes\/wp-json\/wp\/v2\/posts\/2761\/revisions\/2762"}],"wp:attachment":[{"href":"https:\/\/www.ffcam38.com\/jeunes-alpinistes\/wp-json\/wp\/v2\/media?parent=2761"}],"wp:term":[{"taxonomy":"category","embeddable":true,"href":"https:\/\/www.ffcam38.com\/jeunes-alpinistes\/wp-json\/wp\/v2\/categories?post=2761"},{"taxonomy":"post_tag","embeddable":true,"href":"https:\/\/www.ffcam38.com\/jeunes-alpinistes\/wp-json\/wp\/v2\/tags?post=2761"}],"curies":[{"name":"wp","href":"https:\/\/api.w.org\/{rel}","templated":true}]}}