{"id":280,"date":"2013-11-30T22:53:10","date_gmt":"2013-11-30T21:53:10","guid":{"rendered":"http:\/\/jeunes-alpinistes.ffcam38.com\/?p=280"},"modified":"2015-01-20T18:32:18","modified_gmt":"2015-01-20T17:32:18","slug":"loic-chevrel-espoir-1-2014","status":"publish","type":"post","link":"https:\/\/www.ffcam38.com\/jeunes-alpinistes\/2013\/11\/30\/loic-chevrel-espoir-1-2014\/","title":{"rendered":"Lo\u00efc Chevrel &#8211; Espoir 1 &#8211; 2015"},"content":{"rendered":"<p style=\"text-align: left;\"><strong><a href=\"https:\/\/www.ffcam38.com\/jeunes-alpinistes\/wp-content\/uploads\/2013\/11\/photo-pour-projet.jpg\"><img loading=\"lazy\" decoding=\"async\" class=\"size-medium wp-image-590 alignleft\" alt=\"photo pour projet\" src=\"https:\/\/www.ffcam38.com\/jeunes-alpinistes\/wp-content\/uploads\/2013\/11\/photo-pour-projet-200x300.jpg\" width=\"200\" height=\"300\" srcset=\"https:\/\/www.ffcam38.com\/jeunes-alpinistes\/wp-content\/uploads\/2013\/11\/photo-pour-projet-200x300.jpg 200w, https:\/\/www.ffcam38.com\/jeunes-alpinistes\/wp-content\/uploads\/2013\/11\/photo-pour-projet-624x936.jpg 624w, https:\/\/www.ffcam38.com\/jeunes-alpinistes\/wp-content\/uploads\/2013\/11\/photo-pour-projet.jpg 640w\" sizes=\"auto, (max-width: 200px) 100vw, 200px\" \/><\/a><\/strong>J&rsquo;ai 18 ans. Originaire du nord Is\u00e8re, \u00a0je suis venu \u00e0 Grenoble\u00a0 pour mes \u00e9tudes mais surtout pour me rapprocher de la montagne. J&rsquo;ai commenc\u00e9 par l&rsquo;escalade et le canyoning, puis je me suis mis \u00e0 l&rsquo;alpinisme. Dans les groupes j&rsquo;ai acquis de l&rsquo;autonomie et de la technique (j&rsquo;ai pu valider les formations d&rsquo;initiateur alpinisme et canyoning) .<\/p>\n<p style=\"text-align: left;\">En montagne j&rsquo;aime avant tout me faire plaisir et d\u00e9couvrir de nouveaux endroits mais aussi partager ma passion avec ceux qui m&rsquo;entourent. Je me suis inscrit dans les groupes pour avoir de nouvelles exp\u00e9riences, perfectionner ma technique, pousser un peu plus ma passion et bien s\u00fbr m\u2019\u00e9clater un max<\/p>\n<p>Y&rsquo;a autre chose que la montagne dans ma vie : musique, jonglage&#8230;<\/p>\n","protected":false},"excerpt":{"rendered":"<p>J&rsquo;ai 18 ans. Originaire du nord Is\u00e8re, \u00a0je suis venu \u00e0 Grenoble\u00a0 pour mes \u00e9tudes mais surtout pour me rapprocher de la montagne. J&rsquo;ai commenc\u00e9 par l&rsquo;escalade et le canyoning, puis je me suis mis \u00e0 l&rsquo;alpinisme. Dans les groupes j&rsquo;ai acquis de l&rsquo;autonomie et de la technique (j&rsquo;ai pu valider les formations d&rsquo;initiateur alpinisme et canyoning) . En montagne j&rsquo;aime avant tout me faire plaisir et d\u00e9couvrir de nouveaux endroits mais aussi partager ma passion avec ceux qui m&rsquo;entourent&#8230;.<\/p>\n<p class=\"read-more\"><a class=\"btn btn-default\" href=\"https:\/\/www.ffcam38.com\/jeunes-alpinistes\/2013\/11\/30\/loic-chevrel-espoir-1-2014\/\">Lire la suite<span class=\"screen-reader-text\"> Lire la suite<\/span><\/a><\/p>\n","protected":false},"author":2,"featured_media":0,"comment_status":"open","ping_status":"open","sticky":false,"template":"","format":"standard","meta":{"footnotes":""},"categories":[116,117,26,122,7],"tags":[],"class_list":["post-280","post","type-post","status-publish","format-standard","hentry","category-equipe2014","category-equipe2015","category-portraits-espoir-1-2014","category-portraits-espoir-1-2014-equipe2015","category-portraits"],"_links":{"self":[{"href":"https:\/\/www.ffcam38.com\/jeunes-alpinistes\/wp-json\/wp\/v2\/posts\/280","targetHints":{"allow":["GET"]}}],"collection":[{"href":"https:\/\/www.ffcam38.com\/jeunes-alpinistes\/wp-json\/wp\/v2\/posts"}],"about":[{"href":"https:\/\/www.ffcam38.com\/jeunes-alpinistes\/wp-json\/wp\/v2\/types\/post"}],"author":[{"embeddable":true,"href":"https:\/\/www.ffcam38.com\/jeunes-alpinistes\/wp-json\/wp\/v2\/users\/2"}],"replies":[{"embeddable":true,"href":"https:\/\/www.ffcam38.com\/jeunes-alpinistes\/wp-json\/wp\/v2\/comments?post=280"}],"version-history":[{"count":11,"href":"https:\/\/www.ffcam38.com\/jeunes-alpinistes\/wp-json\/wp\/v2\/posts\/280\/revisions"}],"predecessor-version":[{"id":1635,"href":"https:\/\/www.ffcam38.com\/jeunes-alpinistes\/wp-json\/wp\/v2\/posts\/280\/revisions\/1635"}],"wp:attachment":[{"href":"https:\/\/www.ffcam38.com\/jeunes-alpinistes\/wp-json\/wp\/v2\/media?parent=280"}],"wp:term":[{"taxonomy":"category","embeddable":true,"href":"https:\/\/www.ffcam38.com\/jeunes-alpinistes\/wp-json\/wp\/v2\/categories?post=280"},{"taxonomy":"post_tag","embeddable":true,"href":"https:\/\/www.ffcam38.com\/jeunes-alpinistes\/wp-json\/wp\/v2\/tags?post=280"}],"curies":[{"name":"wp","href":"https:\/\/api.w.org\/{rel}","templated":true}]}}