{"id":3018,"date":"2016-09-30T15:46:38","date_gmt":"2016-09-30T14:46:38","guid":{"rendered":"http:\/\/jeunes-alpinistes.ffcam38.com\/?p=3018"},"modified":"2016-09-30T15:46:38","modified_gmt":"2016-09-30T14:46:38","slug":"du-bonheur-partage","status":"publish","type":"post","link":"https:\/\/www.ffcam38.com\/jeunes-alpinistes\/2016\/09\/30\/du-bonheur-partage\/","title":{"rendered":"Du bonheur partag\u00e9 !"},"content":{"rendered":"<p>A la Une du dernier num\u00e9ro de La Montagne et Alpinisme, un dossier sur les 18-30 ans mont\u00e9 par Philippe Vouillon. Nous avons fait un bout de WE avec lui lors de notre camp de base chamoniard \u00e0 l&rsquo;UCPA en juin dernier, je vous laisse vous r\u00e9galer !<\/p>\n<div id='gallery-1' class='gallery galleryid-3018 gallery-columns-2 gallery-size-medium'><figure class='gallery-item'>\n\t\t\t<div class='gallery-icon portrait'>\n\t\t\t\t<a href='https:\/\/www.ffcam38.com\/jeunes-alpinistes\/wp-content\/uploads\/2016\/09\/LMA-2016-09p1.jpg'><img loading=\"lazy\" decoding=\"async\" width=\"210\" height=\"300\" src=\"https:\/\/www.ffcam38.com\/jeunes-alpinistes\/wp-content\/uploads\/2016\/09\/LMA-2016-09p1-210x300.jpg\" class=\"attachment-medium size-medium\" alt=\"\" srcset=\"https:\/\/www.ffcam38.com\/jeunes-alpinistes\/wp-content\/uploads\/2016\/09\/LMA-2016-09p1-210x300.jpg 210w, https:\/\/www.ffcam38.com\/jeunes-alpinistes\/wp-content\/uploads\/2016\/09\/LMA-2016-09p1-715x1024.jpg 715w, https:\/\/www.ffcam38.com\/jeunes-alpinistes\/wp-content\/uploads\/2016\/09\/LMA-2016-09p1-189x270.jpg 189w, https:\/\/www.ffcam38.com\/jeunes-alpinistes\/wp-content\/uploads\/2016\/09\/LMA-2016-09p1.jpg 744w\" sizes=\"auto, (max-width: 210px) 100vw, 210px\" \/><\/a>\n\t\t\t<\/div><\/figure><figure class='gallery-item'>\n\t\t\t<div class='gallery-icon portrait'>\n\t\t\t\t<a href='https:\/\/www.ffcam38.com\/jeunes-alpinistes\/wp-content\/uploads\/2016\/09\/LMA-2016-09p2.jpg'><img loading=\"lazy\" decoding=\"async\" width=\"201\" height=\"300\" src=\"https:\/\/www.ffcam38.com\/jeunes-alpinistes\/wp-content\/uploads\/2016\/09\/LMA-2016-09p2-201x300.jpg\" class=\"attachment-medium size-medium\" alt=\"\" srcset=\"https:\/\/www.ffcam38.com\/jeunes-alpinistes\/wp-content\/uploads\/2016\/09\/LMA-2016-09p2-201x300.jpg 201w, https:\/\/www.ffcam38.com\/jeunes-alpinistes\/wp-content\/uploads\/2016\/09\/LMA-2016-09p2-686x1024.jpg 686w, https:\/\/www.ffcam38.com\/jeunes-alpinistes\/wp-content\/uploads\/2016\/09\/LMA-2016-09p2-181x270.jpg 181w, https:\/\/www.ffcam38.com\/jeunes-alpinistes\/wp-content\/uploads\/2016\/09\/LMA-2016-09p2.jpg 716w\" sizes=\"auto, (max-width: 201px) 100vw, 201px\" \/><\/a>\n\t\t\t<\/div><\/figure><figure class='gallery-item'>\n\t\t\t<div class='gallery-icon portrait'>\n\t\t\t\t<a href='https:\/\/www.ffcam38.com\/jeunes-alpinistes\/wp-content\/uploads\/2016\/09\/LMA-2016-09p3.jpg'><img loading=\"lazy\" decoding=\"async\" width=\"204\" height=\"300\" src=\"https:\/\/www.ffcam38.com\/jeunes-alpinistes\/wp-content\/uploads\/2016\/09\/LMA-2016-09p3-204x300.jpg\" class=\"attachment-medium size-medium\" alt=\"\" srcset=\"https:\/\/www.ffcam38.com\/jeunes-alpinistes\/wp-content\/uploads\/2016\/09\/LMA-2016-09p3-204x300.jpg 204w, https:\/\/www.ffcam38.com\/jeunes-alpinistes\/wp-content\/uploads\/2016\/09\/LMA-2016-09p3-698x1024.jpg 698w, https:\/\/www.ffcam38.com\/jeunes-alpinistes\/wp-content\/uploads\/2016\/09\/LMA-2016-09p3-184x270.jpg 184w, https:\/\/www.ffcam38.com\/jeunes-alpinistes\/wp-content\/uploads\/2016\/09\/LMA-2016-09p3.jpg 730w\" sizes=\"auto, (max-width: 204px) 100vw, 204px\" \/><\/a>\n\t\t\t<\/div><\/figure><figure class='gallery-item'>\n\t\t\t<div class='gallery-icon portrait'>\n\t\t\t\t<a href='https:\/\/www.ffcam38.com\/jeunes-alpinistes\/wp-content\/uploads\/2016\/09\/LMA-2016-09p4.jpg'><img loading=\"lazy\" decoding=\"async\" width=\"197\" height=\"300\" src=\"https:\/\/www.ffcam38.com\/jeunes-alpinistes\/wp-content\/uploads\/2016\/09\/LMA-2016-09p4-197x300.jpg\" class=\"attachment-medium size-medium\" alt=\"\" srcset=\"https:\/\/www.ffcam38.com\/jeunes-alpinistes\/wp-content\/uploads\/2016\/09\/LMA-2016-09p4-197x300.jpg 197w, https:\/\/www.ffcam38.com\/jeunes-alpinistes\/wp-content\/uploads\/2016\/09\/LMA-2016-09p4-178x270.jpg 178w, https:\/\/www.ffcam38.com\/jeunes-alpinistes\/wp-content\/uploads\/2016\/09\/LMA-2016-09p4.jpg 650w\" sizes=\"auto, (max-width: 197px) 100vw, 197px\" \/><\/a>\n\t\t\t<\/div><\/figure>\n\t\t<\/div>\n\n<p>&nbsp;<\/p>\n","protected":false},"excerpt":{"rendered":"<p>A la Une du dernier num\u00e9ro de La Montagne et Alpinisme, un dossier sur les 18-30 ans mont\u00e9 par Philippe Vouillon. Nous avons fait un bout de WE avec lui lors de notre camp de base chamoniard \u00e0 l&rsquo;UCPA en juin dernier, je vous laisse vous r\u00e9galer ! &nbsp;<\/p>\n","protected":false},"author":2,"featured_media":0,"comment_status":"open","ping_status":"open","sticky":false,"template":"","format":"standard","meta":{"footnotes":""},"categories":[35,188,187,10,30,31,32,33],"tags":[145,243,242,241],"class_list":["post-3018","post","type-post","status-publish","format-standard","hentry","category-actualites","category-bilans-reporting","category-recits-au-top","category-les-sorties","category-sorties-espoir-1","category-sorties-espoir-2","category-sorties-promo-1","category-sorties-promo-2","tag-chamonix","tag-interview","tag-la-montagne-et-alpinisme","tag-press-book"],"_links":{"self":[{"href":"https:\/\/www.ffcam38.com\/jeunes-alpinistes\/wp-json\/wp\/v2\/posts\/3018","targetHints":{"allow":["GET"]}}],"collection":[{"href":"https:\/\/www.ffcam38.com\/jeunes-alpinistes\/wp-json\/wp\/v2\/posts"}],"about":[{"href":"https:\/\/www.ffcam38.com\/jeunes-alpinistes\/wp-json\/wp\/v2\/types\/post"}],"author":[{"embeddable":true,"href":"https:\/\/www.ffcam38.com\/jeunes-alpinistes\/wp-json\/wp\/v2\/users\/2"}],"replies":[{"embeddable":true,"href":"https:\/\/www.ffcam38.com\/jeunes-alpinistes\/wp-json\/wp\/v2\/comments?post=3018"}],"version-history":[{"count":1,"href":"https:\/\/www.ffcam38.com\/jeunes-alpinistes\/wp-json\/wp\/v2\/posts\/3018\/revisions"}],"predecessor-version":[{"id":3023,"href":"https:\/\/www.ffcam38.com\/jeunes-alpinistes\/wp-json\/wp\/v2\/posts\/3018\/revisions\/3023"}],"wp:attachment":[{"href":"https:\/\/www.ffcam38.com\/jeunes-alpinistes\/wp-json\/wp\/v2\/media?parent=3018"}],"wp:term":[{"taxonomy":"category","embeddable":true,"href":"https:\/\/www.ffcam38.com\/jeunes-alpinistes\/wp-json\/wp\/v2\/categories?post=3018"},{"taxonomy":"post_tag","embeddable":true,"href":"https:\/\/www.ffcam38.com\/jeunes-alpinistes\/wp-json\/wp\/v2\/tags?post=3018"}],"curies":[{"name":"wp","href":"https:\/\/api.w.org\/{rel}","templated":true}]}}