{"id":3137,"date":"2016-11-22T09:56:11","date_gmt":"2016-11-22T08:56:11","guid":{"rendered":"http:\/\/jeunes-alpinistes.ffcam38.com\/?p=3137"},"modified":"2016-11-22T10:03:06","modified_gmt":"2016-11-22T09:03:06","slug":"soiree-orientation-cartographie-mercredi-23-novembre","status":"publish","type":"post","link":"https:\/\/www.ffcam38.com\/jeunes-alpinistes\/2016\/11\/22\/soiree-orientation-cartographie-mercredi-23-novembre\/","title":{"rendered":"Soir\u00e9e Orientation \/ Cartographie Mercredi 23 Novembre"},"content":{"rendered":"<p>RDV le mercredi 23 novembre \u00e0 18H30 au CAF GO pour la soir\u00e9e Orientation \/ Cartographie.<\/p>\n<p>Au programme :<\/p>\n<ul>\n<li>L&rsquo;orientation en Montagne<\/li>\n<li>Les Outils \u00e0 dispo pour moins gal\u00e9rer \u00e0 trouver une voie<\/li>\n<li>M\u00e9thodologie et navigation, un peu de th\u00e9orie \u00e7a fait pas de mal&#8230;<\/li>\n<\/ul>\n<p>&nbsp;<\/p>\n<p>L&rsquo;objectif est de vous donner quelques billes suppl\u00e9mentaires pour :<\/p>\n<ul>\n<li>\u00e9viter au maximum les buts en approche de voie<\/li>\n<li>\u00e9viter les retours aux voitures de nuit<\/li>\n<li>tout simplement, mener un groupe sereinement en montagne<\/li>\n<\/ul>\n<p>&nbsp;<\/p>\n<p>Cette ann\u00e9e vous aurez le droit de mettre en pratique le contenu de la soir\u00e9e\u00a0sur une journ\u00e9e terrain aux alentours de Grenoble. Surement le Vercors, le dimanche 27 Novembre !<\/p>\n<p>Nous ferons un petit ap\u00e9ro dans la foul\u00e9e, vers 20H, chacun am\u00e8ne quelque chose \u00e0 boire et, ou \u00e0 manger.<\/p>\n<p>PS : Prenez de quoi prendre des notes&#8230;<\/p>\n<p><a href=\"https:\/\/www.ffcam38.com\/jeunes-alpinistes\/wp-content\/uploads\/2016\/11\/Boussole.jpg\"><img loading=\"lazy\" decoding=\"async\" class=\"alignleft wp-image-3138\" src=\"https:\/\/www.ffcam38.com\/jeunes-alpinistes\/wp-content\/uploads\/2016\/11\/Boussole-300x192.jpg\" alt=\"boussole\" width=\"372\" height=\"238\" srcset=\"https:\/\/www.ffcam38.com\/jeunes-alpinistes\/wp-content\/uploads\/2016\/11\/Boussole-300x192.jpg 300w, https:\/\/www.ffcam38.com\/jeunes-alpinistes\/wp-content\/uploads\/2016\/11\/Boussole-768x491.jpg 768w, https:\/\/www.ffcam38.com\/jeunes-alpinistes\/wp-content\/uploads\/2016\/11\/Boussole-423x270.jpg 423w, https:\/\/www.ffcam38.com\/jeunes-alpinistes\/wp-content\/uploads\/2016\/11\/Boussole.jpg 828w\" sizes=\"auto, (max-width: 372px) 100vw, 372px\" \/><\/a><\/p>\n<p>&nbsp;<\/p>\n","protected":false},"excerpt":{"rendered":"<p>RDV le mercredi 23 novembre \u00e0 18H30 au CAF GO pour la soir\u00e9e Orientation \/ Cartographie. Au programme : L&rsquo;orientation en Montagne Les Outils \u00e0 dispo pour moins gal\u00e9rer \u00e0 trouver une voie M\u00e9thodologie et navigation, un peu de th\u00e9orie \u00e7a fait pas de mal&#8230; &nbsp; L&rsquo;objectif est de vous donner quelques billes suppl\u00e9mentaires pour : \u00e9viter au maximum les buts en approche de voie \u00e9viter les retours aux voitures de nuit tout simplement, mener un groupe sereinement en montagne&#8230;<\/p>\n<p class=\"read-more\"><a class=\"btn btn-default\" href=\"https:\/\/www.ffcam38.com\/jeunes-alpinistes\/2016\/11\/22\/soiree-orientation-cartographie-mercredi-23-novembre\/\">Lire la suite<span class=\"screen-reader-text\"> Lire la suite<\/span><\/a><\/p>\n","protected":false},"author":2,"featured_media":0,"comment_status":"open","ping_status":"open","sticky":false,"template":"","format":"standard","meta":{"footnotes":""},"categories":[35,8,136],"tags":[],"class_list":["post-3137","post","type-post","status-publish","format-standard","hentry","category-actualites","category-programme-previ","category-programme-previ-soirees-techniques"],"_links":{"self":[{"href":"https:\/\/www.ffcam38.com\/jeunes-alpinistes\/wp-json\/wp\/v2\/posts\/3137","targetHints":{"allow":["GET"]}}],"collection":[{"href":"https:\/\/www.ffcam38.com\/jeunes-alpinistes\/wp-json\/wp\/v2\/posts"}],"about":[{"href":"https:\/\/www.ffcam38.com\/jeunes-alpinistes\/wp-json\/wp\/v2\/types\/post"}],"author":[{"embeddable":true,"href":"https:\/\/www.ffcam38.com\/jeunes-alpinistes\/wp-json\/wp\/v2\/users\/2"}],"replies":[{"embeddable":true,"href":"https:\/\/www.ffcam38.com\/jeunes-alpinistes\/wp-json\/wp\/v2\/comments?post=3137"}],"version-history":[{"count":3,"href":"https:\/\/www.ffcam38.com\/jeunes-alpinistes\/wp-json\/wp\/v2\/posts\/3137\/revisions"}],"predecessor-version":[{"id":3142,"href":"https:\/\/www.ffcam38.com\/jeunes-alpinistes\/wp-json\/wp\/v2\/posts\/3137\/revisions\/3142"}],"wp:attachment":[{"href":"https:\/\/www.ffcam38.com\/jeunes-alpinistes\/wp-json\/wp\/v2\/media?parent=3137"}],"wp:term":[{"taxonomy":"category","embeddable":true,"href":"https:\/\/www.ffcam38.com\/jeunes-alpinistes\/wp-json\/wp\/v2\/categories?post=3137"},{"taxonomy":"post_tag","embeddable":true,"href":"https:\/\/www.ffcam38.com\/jeunes-alpinistes\/wp-json\/wp\/v2\/tags?post=3137"}],"curies":[{"name":"wp","href":"https:\/\/api.w.org\/{rel}","templated":true}]}}