{"id":3219,"date":"2017-01-30T10:33:52","date_gmt":"2017-01-30T09:33:52","guid":{"rendered":"http:\/\/jeunes-alpinistes.ffcam38.com\/?p=3219"},"modified":"2017-01-30T10:35:03","modified_gmt":"2017-01-30T09:35:03","slug":"bastien-levy","status":"publish","type":"post","link":"https:\/\/www.ffcam38.com\/jeunes-alpinistes\/2017\/01\/30\/bastien-levy\/","title":{"rendered":"Bastien Levy"},"content":{"rendered":"<p>Bastien, 23 ans<\/p>\n<p>Bien que grenoblois de souche, je me suis mis \u00e0 la montagne sur le tard. Apr\u00e8s la d\u00e9couverte des grandes voies avec l\u2019ESMUG (club grimpe de la fac de Grenoble), j\u2019ai quitt\u00e9 ma ville natale pour aller \u00e9tudier dans le sud, \u00e0 Aix en Provence. Alors certes le caillou, c\u2019est bien, mais le caillou en altitude, je trouve en \u00e7a encore mieux\u00a0!<\/p>\n<p>De retour \u00e0 Grenoble en 2016, je d\u00e9couvre le ski de rando, la cascade de glace, le terrain de montagne et l\u2019alpinisme plus g\u00e9n\u00e9ralement. Rapidement mordu par ces disciplines, j\u2019ai pass\u00e9 la s\u00e9lection pour pouvoir rentrer dans le groupe \u00ab\u00a0Jeunes alpinistes Is\u00e8re \u2013 FFCAM 38\u00a0\u00bb en septembre 2016.<\/p>\n<p>Int\u00e9grer dans ce groupe, c\u2019est rencontrer des gens qui partagent ma passion et mon engouement pour la montagne. Apprendre, progresser, d\u00e9couvrir\u00a0! Maintenant, place \u00e0 l\u2019aventure ! \ud83d\ude42<\/p>\n","protected":false},"excerpt":{"rendered":"<p>Bastien, 23 ans Bien que grenoblois de souche, je me suis mis \u00e0 la montagne sur le tard. Apr\u00e8s la d\u00e9couverte des grandes voies avec l\u2019ESMUG (club grimpe de la fac de Grenoble), j\u2019ai quitt\u00e9 ma ville natale pour aller \u00e9tudier dans le sud, \u00e0 Aix en Provence. Alors certes le caillou, c\u2019est bien, mais le caillou en altitude, je trouve en \u00e7a encore mieux\u00a0! De retour \u00e0 Grenoble en 2016, je d\u00e9couvre le ski de rando, la cascade de&#8230;<\/p>\n<p class=\"read-more\"><a class=\"btn btn-default\" href=\"https:\/\/www.ffcam38.com\/jeunes-alpinistes\/2017\/01\/30\/bastien-levy\/\">Lire la suite<span class=\"screen-reader-text\"> Lire la suite<\/span><\/a><\/p>\n","protected":false},"author":2,"featured_media":3220,"comment_status":"open","ping_status":"open","sticky":false,"template":"","format":"standard","meta":{"footnotes":""},"categories":[35,232,234,7],"tags":[],"class_list":["post-3219","post","type-post","status-publish","format-standard","has-post-thumbnail","hentry","category-actualites","category-equipe-2016-2017","category-portraits-equipe-2016-2017-espoir-2-promo-a","category-portraits"],"_links":{"self":[{"href":"https:\/\/www.ffcam38.com\/jeunes-alpinistes\/wp-json\/wp\/v2\/posts\/3219","targetHints":{"allow":["GET"]}}],"collection":[{"href":"https:\/\/www.ffcam38.com\/jeunes-alpinistes\/wp-json\/wp\/v2\/posts"}],"about":[{"href":"https:\/\/www.ffcam38.com\/jeunes-alpinistes\/wp-json\/wp\/v2\/types\/post"}],"author":[{"embeddable":true,"href":"https:\/\/www.ffcam38.com\/jeunes-alpinistes\/wp-json\/wp\/v2\/users\/2"}],"replies":[{"embeddable":true,"href":"https:\/\/www.ffcam38.com\/jeunes-alpinistes\/wp-json\/wp\/v2\/comments?post=3219"}],"version-history":[{"count":3,"href":"https:\/\/www.ffcam38.com\/jeunes-alpinistes\/wp-json\/wp\/v2\/posts\/3219\/revisions"}],"predecessor-version":[{"id":3223,"href":"https:\/\/www.ffcam38.com\/jeunes-alpinistes\/wp-json\/wp\/v2\/posts\/3219\/revisions\/3223"}],"wp:featuredmedia":[{"embeddable":true,"href":"https:\/\/www.ffcam38.com\/jeunes-alpinistes\/wp-json\/wp\/v2\/media\/3220"}],"wp:attachment":[{"href":"https:\/\/www.ffcam38.com\/jeunes-alpinistes\/wp-json\/wp\/v2\/media?parent=3219"}],"wp:term":[{"taxonomy":"category","embeddable":true,"href":"https:\/\/www.ffcam38.com\/jeunes-alpinistes\/wp-json\/wp\/v2\/categories?post=3219"},{"taxonomy":"post_tag","embeddable":true,"href":"https:\/\/www.ffcam38.com\/jeunes-alpinistes\/wp-json\/wp\/v2\/tags?post=3219"}],"curies":[{"name":"wp","href":"https:\/\/api.w.org\/{rel}","templated":true}]}}