{"id":325,"date":"2013-12-11T20:52:35","date_gmt":"2013-12-11T19:52:35","guid":{"rendered":"http:\/\/jeunes-alpinistes.ffcam38.com\/?p=325"},"modified":"2015-03-05T09:06:25","modified_gmt":"2015-03-05T08:06:25","slug":"josephine-broi-espoir-2-2014","status":"publish","type":"post","link":"https:\/\/www.ffcam38.com\/jeunes-alpinistes\/2013\/12\/11\/josephine-broi-espoir-2-2014\/","title":{"rendered":"Jos\u00e9phine Broi &#8211; Espoir 2 &#8211; 2015"},"content":{"rendered":"<p><a href=\"https:\/\/www.ffcam38.com\/jeunes-alpinistes\/wp-content\/uploads\/2013\/12\/IMG_1029-2.jpg\"><img loading=\"lazy\" decoding=\"async\" class=\"alignnone size-medium wp-image-521\" src=\"https:\/\/www.ffcam38.com\/jeunes-alpinistes\/wp-content\/uploads\/2013\/12\/IMG_1029-2-267x300.jpg\" alt=\"IMG_1029 (2)\" width=\"267\" height=\"300\" srcset=\"https:\/\/www.ffcam38.com\/jeunes-alpinistes\/wp-content\/uploads\/2013\/12\/IMG_1029-2-267x300.jpg 267w, https:\/\/www.ffcam38.com\/jeunes-alpinistes\/wp-content\/uploads\/2013\/12\/IMG_1029-2-911x1024.jpg 911w, https:\/\/www.ffcam38.com\/jeunes-alpinistes\/wp-content\/uploads\/2013\/12\/IMG_1029-2-624x700.jpg 624w, https:\/\/www.ffcam38.com\/jeunes-alpinistes\/wp-content\/uploads\/2013\/12\/IMG_1029-2-900x1010.jpg 900w, https:\/\/www.ffcam38.com\/jeunes-alpinistes\/wp-content\/uploads\/2013\/12\/IMG_1029-2.jpg 1595w\" sizes=\"auto, (max-width: 267px) 100vw, 267px\" \/><\/a><\/p>\n<p><span style=\"line-height: 1.714285714;font-size: 1rem\">20 ans<\/span><\/p>\n<p>Etudiante en 2\u00e8me ann\u00e9e de Psychologie<\/p>\n<p>Parcours : Originaire de Paris, j&rsquo;ai commenc\u00e9 \u00e0 grimper en salle l\u00e0 bas et dans les Alpes en famille. Quelques ann\u00e9es pass\u00e9es \u00e0 Lyon mais finalement, les montagnes \u00e9taient toujours trop loin et d\u00e9cision de venir \u00e9tudier \u00e0 Grenoble pour en profiter un maximum.<\/p>\n<p>Objectif au sein de l&rsquo;\u00e9quipe: Rencontrer des nouveaux compagnons de cord\u00e9e, rando ski,&#8230; et pratiquer!<\/p>\n<p>Objectif en montagne: Se faire plaisir avec tous les types de pratique et voyager dans diff\u00e9rents massifs&#8230;<\/p>\n","protected":false},"excerpt":{"rendered":"<p>20 ans Etudiante en 2\u00e8me ann\u00e9e de Psychologie Parcours : Originaire de Paris, j&rsquo;ai commenc\u00e9 \u00e0 grimper en salle l\u00e0 bas et dans les Alpes en famille. Quelques ann\u00e9es pass\u00e9es \u00e0 Lyon mais finalement, les montagnes \u00e9taient toujours trop loin et d\u00e9cision de venir \u00e9tudier \u00e0 Grenoble pour en profiter un maximum. Objectif au sein de l&rsquo;\u00e9quipe: Rencontrer des nouveaux compagnons de cord\u00e9e, rando ski,&#8230; et pratiquer! Objectif en montagne: Se faire plaisir avec tous les types de pratique et&#8230;<\/p>\n<p class=\"read-more\"><a class=\"btn btn-default\" href=\"https:\/\/www.ffcam38.com\/jeunes-alpinistes\/2013\/12\/11\/josephine-broi-espoir-2-2014\/\">Lire la suite<span class=\"screen-reader-text\"> Lire la suite<\/span><\/a><\/p>\n","protected":false},"author":2,"featured_media":0,"comment_status":"open","ping_status":"open","sticky":false,"template":"","format":"standard","meta":{"footnotes":""},"categories":[116,117,27,123,7],"tags":[],"class_list":["post-325","post","type-post","status-publish","format-standard","hentry","category-equipe2014","category-equipe2015","category-portraits-espoir-2-2014","category-portraits-espoir-2-2014-equipe2015","category-portraits"],"_links":{"self":[{"href":"https:\/\/www.ffcam38.com\/jeunes-alpinistes\/wp-json\/wp\/v2\/posts\/325","targetHints":{"allow":["GET"]}}],"collection":[{"href":"https:\/\/www.ffcam38.com\/jeunes-alpinistes\/wp-json\/wp\/v2\/posts"}],"about":[{"href":"https:\/\/www.ffcam38.com\/jeunes-alpinistes\/wp-json\/wp\/v2\/types\/post"}],"author":[{"embeddable":true,"href":"https:\/\/www.ffcam38.com\/jeunes-alpinistes\/wp-json\/wp\/v2\/users\/2"}],"replies":[{"embeddable":true,"href":"https:\/\/www.ffcam38.com\/jeunes-alpinistes\/wp-json\/wp\/v2\/comments?post=325"}],"version-history":[{"count":6,"href":"https:\/\/www.ffcam38.com\/jeunes-alpinistes\/wp-json\/wp\/v2\/posts\/325\/revisions"}],"predecessor-version":[{"id":1826,"href":"https:\/\/www.ffcam38.com\/jeunes-alpinistes\/wp-json\/wp\/v2\/posts\/325\/revisions\/1826"}],"wp:attachment":[{"href":"https:\/\/www.ffcam38.com\/jeunes-alpinistes\/wp-json\/wp\/v2\/media?parent=325"}],"wp:term":[{"taxonomy":"category","embeddable":true,"href":"https:\/\/www.ffcam38.com\/jeunes-alpinistes\/wp-json\/wp\/v2\/categories?post=325"},{"taxonomy":"post_tag","embeddable":true,"href":"https:\/\/www.ffcam38.com\/jeunes-alpinistes\/wp-json\/wp\/v2\/tags?post=325"}],"curies":[{"name":"wp","href":"https:\/\/api.w.org\/{rel}","templated":true}]}}