{"id":3255,"date":"2017-01-31T15:15:36","date_gmt":"2017-01-31T14:15:36","guid":{"rendered":"http:\/\/jeunes-alpinistes.ffcam38.com\/?p=3255"},"modified":"2017-01-31T15:18:58","modified_gmt":"2017-01-31T14:18:58","slug":"anouk-felix-faure","status":"publish","type":"post","link":"https:\/\/www.ffcam38.com\/jeunes-alpinistes\/2017\/01\/31\/anouk-felix-faure\/","title":{"rendered":"Anouk F\u00e9lix-Faure"},"content":{"rendered":"<p><a href=\"https:\/\/www.ffcam38.com\/jeunes-alpinistes\/wp-content\/uploads\/2017\/01\/DSCF2564.jpg\"><img loading=\"lazy\" decoding=\"async\" class=\"aligncenter size-large wp-image-3258\" src=\"https:\/\/www.ffcam38.com\/jeunes-alpinistes\/wp-content\/uploads\/2017\/01\/DSCF2564-1024x768.jpg\" alt=\"\" width=\"640\" height=\"480\" srcset=\"https:\/\/www.ffcam38.com\/jeunes-alpinistes\/wp-content\/uploads\/2017\/01\/DSCF2564-1024x768.jpg 1024w, https:\/\/www.ffcam38.com\/jeunes-alpinistes\/wp-content\/uploads\/2017\/01\/DSCF2564-300x225.jpg 300w, https:\/\/www.ffcam38.com\/jeunes-alpinistes\/wp-content\/uploads\/2017\/01\/DSCF2564-768x576.jpg 768w, https:\/\/www.ffcam38.com\/jeunes-alpinistes\/wp-content\/uploads\/2017\/01\/DSCF2564-360x270.jpg 360w\" sizes=\"auto, (max-width: 640px) 100vw, 640px\" \/><\/a><br \/>\nJe m&rsquo;appelle Anouk, je m&rsquo;habille comme une plouck, quand je vais au souk avec mon bouc.<br \/>\nJ&rsquo;ai 20 ans, presque toutes mes dents et pas encore d&rsquo;enfants.<br \/>\nJe suis blonde aux yeux bleus, je ne parle pas l&rsquo;h\u00e9breu, impossible de ne pas bouger d&rsquo;un cheveu, il me faut des enjeux!<br \/>\nJe suis en m\u00e9decine et m\u00eame quand j&rsquo;hallucine, je n&rsquo;ai pas de piscine.<br \/>\nJ&rsquo;aime la montagne, et qu&rsquo;on m&rsquo;y accompagne, surtout quand je gagne.<br \/>\nJe fais pas mal d&rsquo;escalade, et non ce n&rsquo;est pas fade, passer un certain stade, je vous en persuade, c&rsquo;est d&rsquo;la rigolade.<br \/>\nJ&rsquo;aime voyager, aller \u00e0 l&rsquo;\u00e9tranger, j&rsquo;aime m&rsquo;envoler, sur les sommets enneig\u00e9s, surtout quand le sac est l\u00e9ger.<br \/>\nJ&rsquo;aime les trips un peu fous, pourquoi pas au P\u00e9rou, tant qu&rsquo;il y a du caillou, je cours de partout !<\/p>\n<p><strong>Projets qui me tiennent \u00e0 c\u0153ur :<\/strong><br \/>\n\uf02d Voie Anouk aux petites Jorasses (\u00e9tonnant non? :p )<br \/>\n\uf02d Travers\u00e9e Obiou \u2013 Grand Ferrand<br \/>\n\uf02d Meije : Mitchka, Pierre \u2013 Allain, Z \u2026<br \/>\n\uf02d Un GRAND voyage v\u00e9lo \u2013 grimpe ou v\u00e9lo \u2013 alpi<\/p>\n<p><strong>Anecdote alpine :<\/strong><\/p>\n<p>Partir faire la Dibona en bus, puis v\u00e9lo de Bourg d&rsquo;Oisans \u00e0 la B\u00e9rarde (on dirait pas mais si si je vous assure, \u00e7a monte pas mal!), suivi de la marche d&rsquo;approche, planter la tente sur le seul replat d&rsquo;\u00e0 peine 2m\u00b2, le lendemain commencer Visite Obligatoire au soleil et finir en plein brouillard, se mettre une grosse mission \u00e0 la descente car face N + fin mai = encore pas mal de neige et neige + brouillard = tout blanc, r\u00e9sultat retour \u00e0 22h au refuge alors qu&rsquo;on pensait redescendre le soir\u2026 Mais sinon j&rsquo;en garde un super souvenir \ud83d\ude42<\/p>\n<p>Y a autre chose que la montagne dans la vie : la grimpe, le cirque et trips entre copains !<\/p>\n<p><a href=\"https:\/\/www.ffcam38.com\/jeunes-alpinistes\/wp-content\/uploads\/2017\/01\/Mont-Blanc-2015-4.jpg\"><img loading=\"lazy\" decoding=\"async\" class=\"aligncenter size-large wp-image-3259\" src=\"https:\/\/www.ffcam38.com\/jeunes-alpinistes\/wp-content\/uploads\/2017\/01\/Mont-Blanc-2015-4-1024x768.jpg\" alt=\"\" width=\"640\" height=\"480\" srcset=\"https:\/\/www.ffcam38.com\/jeunes-alpinistes\/wp-content\/uploads\/2017\/01\/Mont-Blanc-2015-4-1024x768.jpg 1024w, https:\/\/www.ffcam38.com\/jeunes-alpinistes\/wp-content\/uploads\/2017\/01\/Mont-Blanc-2015-4-300x225.jpg 300w, https:\/\/www.ffcam38.com\/jeunes-alpinistes\/wp-content\/uploads\/2017\/01\/Mont-Blanc-2015-4-768x576.jpg 768w, https:\/\/www.ffcam38.com\/jeunes-alpinistes\/wp-content\/uploads\/2017\/01\/Mont-Blanc-2015-4-360x270.jpg 360w\" sizes=\"auto, (max-width: 640px) 100vw, 640px\" \/><\/a><\/p>\n","protected":false},"excerpt":{"rendered":"<p>Je m&rsquo;appelle Anouk, je m&rsquo;habille comme une plouck, quand je vais au souk avec mon bouc. J&rsquo;ai 20 ans, presque toutes mes dents et pas encore d&rsquo;enfants. Je suis blonde aux yeux bleus, je ne parle pas l&rsquo;h\u00e9breu, impossible de ne pas bouger d&rsquo;un cheveu, il me faut des enjeux! Je suis en m\u00e9decine et m\u00eame quand j&rsquo;hallucine, je n&rsquo;ai pas de piscine. J&rsquo;aime la montagne, et qu&rsquo;on m&rsquo;y accompagne, surtout quand je gagne. Je fais pas mal d&rsquo;escalade, et&#8230;<\/p>\n<p class=\"read-more\"><a class=\"btn btn-default\" href=\"https:\/\/www.ffcam38.com\/jeunes-alpinistes\/2017\/01\/31\/anouk-felix-faure\/\">Lire la suite<span class=\"screen-reader-text\"> Lire la suite<\/span><\/a><\/p>\n","protected":false},"author":2,"featured_media":0,"comment_status":"open","ping_status":"open","sticky":false,"template":"","format":"image","meta":{"footnotes":""},"categories":[35,232,234],"tags":[],"class_list":["post-3255","post","type-post","status-publish","format-image","hentry","category-actualites","category-equipe-2016-2017","category-portraits-equipe-2016-2017-espoir-2-promo-a","post_format-post-format-image"],"_links":{"self":[{"href":"https:\/\/www.ffcam38.com\/jeunes-alpinistes\/wp-json\/wp\/v2\/posts\/3255","targetHints":{"allow":["GET"]}}],"collection":[{"href":"https:\/\/www.ffcam38.com\/jeunes-alpinistes\/wp-json\/wp\/v2\/posts"}],"about":[{"href":"https:\/\/www.ffcam38.com\/jeunes-alpinistes\/wp-json\/wp\/v2\/types\/post"}],"author":[{"embeddable":true,"href":"https:\/\/www.ffcam38.com\/jeunes-alpinistes\/wp-json\/wp\/v2\/users\/2"}],"replies":[{"embeddable":true,"href":"https:\/\/www.ffcam38.com\/jeunes-alpinistes\/wp-json\/wp\/v2\/comments?post=3255"}],"version-history":[{"count":4,"href":"https:\/\/www.ffcam38.com\/jeunes-alpinistes\/wp-json\/wp\/v2\/posts\/3255\/revisions"}],"predecessor-version":[{"id":3269,"href":"https:\/\/www.ffcam38.com\/jeunes-alpinistes\/wp-json\/wp\/v2\/posts\/3255\/revisions\/3269"}],"wp:attachment":[{"href":"https:\/\/www.ffcam38.com\/jeunes-alpinistes\/wp-json\/wp\/v2\/media?parent=3255"}],"wp:term":[{"taxonomy":"category","embeddable":true,"href":"https:\/\/www.ffcam38.com\/jeunes-alpinistes\/wp-json\/wp\/v2\/categories?post=3255"},{"taxonomy":"post_tag","embeddable":true,"href":"https:\/\/www.ffcam38.com\/jeunes-alpinistes\/wp-json\/wp\/v2\/tags?post=3255"}],"curies":[{"name":"wp","href":"https:\/\/api.w.org\/{rel}","templated":true}]}}