{"id":329,"date":"2013-12-11T20:55:16","date_gmt":"2013-12-11T19:55:16","guid":{"rendered":"http:\/\/jeunes-alpinistes.ffcam38.com\/?p=329"},"modified":"2014-06-04T23:42:33","modified_gmt":"2014-06-04T22:42:33","slug":"laetitia-chomette-espoir-2-2014","status":"publish","type":"post","link":"https:\/\/www.ffcam38.com\/jeunes-alpinistes\/2013\/12\/11\/laetitia-chomette-espoir-2-2014\/","title":{"rendered":"Laetitia Chomette &#8211; Espoir 2 &#8211; 2014"},"content":{"rendered":"<p>22 ans<\/p>\n<p>L3\u00a0 physique g\u00e9oscience et m\u00e9canique<\/p>\n<p>j&rsquo;ai commenc\u00e9 \u00e0 partir en montagne \u00e0 mon arriv\u00e9e a grenoble avec des erasmus allemand. et la se fut &#8230;&#8230;&#8230;&#8230;. le coup de foudre yipah j\u2019investis dans une corde et des chausson et c&rsquo;est partit.\u00a0 plus tard c&rsquo;est les crampons viennent\u00a0 prendre le relais<\/p>\n<p>Mon objectif est autonome, pouvoir partir avec des personnes de confiance , \u00e9voluer et progresser ensemble.<\/p>\n<p>&nbsp;<\/p>\n<p>&nbsp;<\/p>\n<p>Y\u2019a autre chose que la montagne dans la vie :\u00a0 des millions , la musique les copains et toutes les belles choses de la vie =)<\/p>\n","protected":false},"excerpt":{"rendered":"<p>22 ans L3\u00a0 physique g\u00e9oscience et m\u00e9canique j&rsquo;ai commenc\u00e9 \u00e0 partir en montagne \u00e0 mon arriv\u00e9e a grenoble avec des erasmus allemand. et la se fut &#8230;&#8230;&#8230;&#8230;. le coup de foudre yipah j\u2019investis dans une corde et des chausson et c&rsquo;est partit.\u00a0 plus tard c&rsquo;est les crampons viennent\u00a0 prendre le relais Mon objectif est autonome, pouvoir partir avec des personnes de confiance , \u00e9voluer et progresser ensemble. &nbsp; &nbsp; Y\u2019a autre chose que la montagne dans la vie :\u00a0 des&#8230;<\/p>\n<p class=\"read-more\"><a class=\"btn btn-default\" href=\"https:\/\/www.ffcam38.com\/jeunes-alpinistes\/2013\/12\/11\/laetitia-chomette-espoir-2-2014\/\">Lire la suite<span class=\"screen-reader-text\"> Lire la suite<\/span><\/a><\/p>\n","protected":false},"author":2,"featured_media":0,"comment_status":"open","ping_status":"open","sticky":false,"template":"","format":"standard","meta":{"footnotes":""},"categories":[27,7],"tags":[],"class_list":["post-329","post","type-post","status-publish","format-standard","hentry","category-portraits-espoir-2-2014","category-portraits"],"_links":{"self":[{"href":"https:\/\/www.ffcam38.com\/jeunes-alpinistes\/wp-json\/wp\/v2\/posts\/329","targetHints":{"allow":["GET"]}}],"collection":[{"href":"https:\/\/www.ffcam38.com\/jeunes-alpinistes\/wp-json\/wp\/v2\/posts"}],"about":[{"href":"https:\/\/www.ffcam38.com\/jeunes-alpinistes\/wp-json\/wp\/v2\/types\/post"}],"author":[{"embeddable":true,"href":"https:\/\/www.ffcam38.com\/jeunes-alpinistes\/wp-json\/wp\/v2\/users\/2"}],"replies":[{"embeddable":true,"href":"https:\/\/www.ffcam38.com\/jeunes-alpinistes\/wp-json\/wp\/v2\/comments?post=329"}],"version-history":[{"count":3,"href":"https:\/\/www.ffcam38.com\/jeunes-alpinistes\/wp-json\/wp\/v2\/posts\/329\/revisions"}],"predecessor-version":[{"id":552,"href":"https:\/\/www.ffcam38.com\/jeunes-alpinistes\/wp-json\/wp\/v2\/posts\/329\/revisions\/552"}],"wp:attachment":[{"href":"https:\/\/www.ffcam38.com\/jeunes-alpinistes\/wp-json\/wp\/v2\/media?parent=329"}],"wp:term":[{"taxonomy":"category","embeddable":true,"href":"https:\/\/www.ffcam38.com\/jeunes-alpinistes\/wp-json\/wp\/v2\/categories?post=329"},{"taxonomy":"post_tag","embeddable":true,"href":"https:\/\/www.ffcam38.com\/jeunes-alpinistes\/wp-json\/wp\/v2\/tags?post=329"}],"curies":[{"name":"wp","href":"https:\/\/api.w.org\/{rel}","templated":true}]}}