{"id":333,"date":"2013-12-11T20:57:01","date_gmt":"2013-12-11T19:57:01","guid":{"rendered":"http:\/\/jeunes-alpinistes.ffcam38.com\/?p=333"},"modified":"2015-01-20T18:30:16","modified_gmt":"2015-01-20T17:30:16","slug":"jean-baptiste-espoir-2-2014","status":"publish","type":"post","link":"https:\/\/www.ffcam38.com\/jeunes-alpinistes\/2013\/12\/11\/jean-baptiste-espoir-2-2014\/","title":{"rendered":"Jean-Baptiste &#8211; Espoir 2 &#8211; 2015"},"content":{"rendered":"<p>Trame propos\u00e9e pour le portrait (vous pouvez broder !)<\/p>\n<p>\u00e2ge:<\/p>\n<p><em>-7,8*10^8 s, pour \u00eatre pr\u00e9cis<\/em><\/p>\n<p>Photo(s) (au moins une o\u00f9 on peut te reconnaitre !<\/p>\n<p>)<a href=\"https:\/\/www.ffcam38.com\/jeunes-alpinistes\/wp-content\/uploads\/2013\/12\/277EB_mac-gyver.jpg\"><img loading=\"lazy\" decoding=\"async\" class=\"alignnone size-medium wp-image-604\" alt=\"277EB_mac-gyver\" src=\"https:\/\/www.ffcam38.com\/jeunes-alpinistes\/wp-content\/uploads\/2013\/12\/277EB_mac-gyver-300x225.jpg\" width=\"300\" height=\"225\" srcset=\"https:\/\/www.ffcam38.com\/jeunes-alpinistes\/wp-content\/uploads\/2013\/12\/277EB_mac-gyver-300x225.jpg 300w, https:\/\/www.ffcam38.com\/jeunes-alpinistes\/wp-content\/uploads\/2013\/12\/277EB_mac-gyver.jpg 320w\" sizes=\"auto, (max-width: 300px) 100vw, 300px\" \/><\/a><\/p>\n<p>\u00e9tudes \/ job<\/p>\n<p><em>-Mac Gyver<\/em><\/p>\n<p>parcours et exp\u00e9rience alpine \/ liste de courses montagne et escalade:<\/p>\n<p><em>-J&rsquo;ai arrach\u00e9 une prise cl\u00e9 dans la Dibona,<\/em><\/p>\n<p>objectifs en montagne en g\u00e9n\u00e9ral:<\/p>\n<p>&#8211;<em>monter et redescendre, \u00a0(ou l&rsquo;inverse)<\/em><\/p>\n<p>objectifs au sein du groupe<\/p>\n<p>&#8211;<em>voir ci dessus<\/em><\/p>\n<p>Y\u2019a autre chose que la montagne dans la vie :<\/p>\n<p><em>-les filles\u00a0<\/em><\/p>\n","protected":false},"excerpt":{"rendered":"<p>Trame propos\u00e9e pour le portrait (vous pouvez broder !) \u00e2ge: -7,8*10^8 s, pour \u00eatre pr\u00e9cis Photo(s) (au moins une o\u00f9 on peut te reconnaitre ! ) \u00e9tudes \/ job -Mac Gyver parcours et exp\u00e9rience alpine \/ liste de courses montagne et escalade: -J&rsquo;ai arrach\u00e9 une prise cl\u00e9 dans la Dibona, objectifs en montagne en g\u00e9n\u00e9ral: &#8211;monter et redescendre, \u00a0(ou l&rsquo;inverse) objectifs au sein du groupe &#8211;voir ci dessus Y\u2019a autre chose que la montagne dans la vie : -les filles\u00a0<\/p>\n","protected":false},"author":2,"featured_media":0,"comment_status":"open","ping_status":"open","sticky":false,"template":"","format":"standard","meta":{"footnotes":""},"categories":[116,117,27,123,7],"tags":[],"class_list":["post-333","post","type-post","status-publish","format-standard","hentry","category-equipe2014","category-equipe2015","category-portraits-espoir-2-2014","category-portraits-espoir-2-2014-equipe2015","category-portraits"],"_links":{"self":[{"href":"https:\/\/www.ffcam38.com\/jeunes-alpinistes\/wp-json\/wp\/v2\/posts\/333","targetHints":{"allow":["GET"]}}],"collection":[{"href":"https:\/\/www.ffcam38.com\/jeunes-alpinistes\/wp-json\/wp\/v2\/posts"}],"about":[{"href":"https:\/\/www.ffcam38.com\/jeunes-alpinistes\/wp-json\/wp\/v2\/types\/post"}],"author":[{"embeddable":true,"href":"https:\/\/www.ffcam38.com\/jeunes-alpinistes\/wp-json\/wp\/v2\/users\/2"}],"replies":[{"embeddable":true,"href":"https:\/\/www.ffcam38.com\/jeunes-alpinistes\/wp-json\/wp\/v2\/comments?post=333"}],"version-history":[{"count":5,"href":"https:\/\/www.ffcam38.com\/jeunes-alpinistes\/wp-json\/wp\/v2\/posts\/333\/revisions"}],"predecessor-version":[{"id":1632,"href":"https:\/\/www.ffcam38.com\/jeunes-alpinistes\/wp-json\/wp\/v2\/posts\/333\/revisions\/1632"}],"wp:attachment":[{"href":"https:\/\/www.ffcam38.com\/jeunes-alpinistes\/wp-json\/wp\/v2\/media?parent=333"}],"wp:term":[{"taxonomy":"category","embeddable":true,"href":"https:\/\/www.ffcam38.com\/jeunes-alpinistes\/wp-json\/wp\/v2\/categories?post=333"},{"taxonomy":"post_tag","embeddable":true,"href":"https:\/\/www.ffcam38.com\/jeunes-alpinistes\/wp-json\/wp\/v2\/tags?post=333"}],"curies":[{"name":"wp","href":"https:\/\/api.w.org\/{rel}","templated":true}]}}