{"id":3342,"date":"2017-05-02T16:07:39","date_gmt":"2017-05-02T15:07:39","guid":{"rendered":"http:\/\/jeunes-alpinistes.ffcam38.com\/?p=3342"},"modified":"2017-05-03T19:48:46","modified_gmt":"2017-05-03T18:48:46","slug":"les-jeunes-alpinistes-portent-la-parite-au-sommet","status":"publish","type":"post","link":"https:\/\/www.ffcam38.com\/jeunes-alpinistes\/2017\/05\/02\/les-jeunes-alpinistes-portent-la-parite-au-sommet\/","title":{"rendered":"Les Jeunes Alpinistes portent la parit\u00e9 au sommet !"},"content":{"rendered":"<p class=\"first\">Le 26 juin 2016, les \u00e9quipes jeunes alpinistes FFCAM 38 ont port\u00e9 la parit\u00e9 au sommet de la Barre des Ecrins \u00e0 4102 m.<br \/>\nSoutenus par la <a href=\"http:\/\/www.ffcam.fr\/\">FFCAM<\/a>, <a href=\"http:\/\/www.lametro.fr\/\">Grenoble-Alpes M\u00e9tropole <\/a>et la <a href=\"http:\/\/www.maison-egalite-femmes-hommes.fr\/\">Maison pour l\u2019\u00e9galit\u00e9 femmes-hommes<\/a>, ils ont mont\u00e9 leur projet de A \u00e0 Z au niveau financier, logistique et technique.<\/p>\n<p>L&rsquo;objectif \u00e0 travers ces ascensions est de r\u00e9v\u00e9ler les in\u00e9galit\u00e9s qui persistent en montagne et de mettre en avant la compl\u00e9mentarit\u00e9 des forces qui peuvent na\u00eetre au sein d&rsquo;une cord\u00e9e mixte. Une belle r\u00e9alisation pour les 14 jeunes de 16 \u00e0 25 ans qui ont tous atteint leur objectif en cord\u00e9es autonomes sur 4 itin\u00e9raires diff\u00e9rents :<\/p>\n<p>&#8211; Couloir de Barre Noire et Couloir Whymper<br \/>\n&#8211; Couloir de Barre Noire et ar\u00eate NE<br \/>\n&#8211; Petite travers\u00e9e des \u00c9crins par la Br\u00e8che Lory<br \/>\n&#8211; Travers\u00e9e des \u00c9crins par le versant S de la Barre<\/p>\n<p>Retour sur leur projet \u00e0 travers quelques images : \u00ab\u00a0Des alpinistes au f\u00e9minin, au masculin, \u00e0 4102 m\u00a0\u00bb<\/p>\n<p><iframe loading=\"lazy\" title=\"Des alpinistes, au f\u00e9minin, au masculin, \u00e0 4102 m\" src=\"https:\/\/player.vimeo.com\/video\/214794583?dnt=1&amp;app_id=122963\" width=\"640\" height=\"360\" frameborder=\"0\" allow=\"autoplay; fullscreen; picture-in-picture; clipboard-write\"><\/iframe><\/p>\n","protected":false},"excerpt":{"rendered":"<p>Le 26 juin 2016, les \u00e9quipes jeunes alpinistes FFCAM 38 ont port\u00e9 la parit\u00e9 au sommet de la Barre des Ecrins \u00e0 4102 m. Soutenus par la FFCAM, Grenoble-Alpes M\u00e9tropole et la Maison pour l\u2019\u00e9galit\u00e9 femmes-hommes, ils ont mont\u00e9 leur projet de A \u00e0 Z au niveau financier, logistique et technique. L&rsquo;objectif \u00e0 travers ces ascensions est de r\u00e9v\u00e9ler les in\u00e9galit\u00e9s qui persistent en montagne et de mettre en avant la compl\u00e9mentarit\u00e9 des forces qui peuvent na\u00eetre au sein d&rsquo;une&#8230;<\/p>\n<p class=\"read-more\"><a class=\"btn btn-default\" href=\"https:\/\/www.ffcam38.com\/jeunes-alpinistes\/2017\/05\/02\/les-jeunes-alpinistes-portent-la-parite-au-sommet\/\">Lire la suite<span class=\"screen-reader-text\"> Lire la suite<\/span><\/a><\/p>\n","protected":false},"author":2,"featured_media":0,"comment_status":"open","ping_status":"open","sticky":false,"template":"","format":"standard","meta":{"footnotes":""},"categories":[35,187,10,30,31,32,33],"tags":[],"class_list":["post-3342","post","type-post","status-publish","format-standard","hentry","category-actualites","category-recits-au-top","category-les-sorties","category-sorties-espoir-1","category-sorties-espoir-2","category-sorties-promo-1","category-sorties-promo-2"],"_links":{"self":[{"href":"https:\/\/www.ffcam38.com\/jeunes-alpinistes\/wp-json\/wp\/v2\/posts\/3342","targetHints":{"allow":["GET"]}}],"collection":[{"href":"https:\/\/www.ffcam38.com\/jeunes-alpinistes\/wp-json\/wp\/v2\/posts"}],"about":[{"href":"https:\/\/www.ffcam38.com\/jeunes-alpinistes\/wp-json\/wp\/v2\/types\/post"}],"author":[{"embeddable":true,"href":"https:\/\/www.ffcam38.com\/jeunes-alpinistes\/wp-json\/wp\/v2\/users\/2"}],"replies":[{"embeddable":true,"href":"https:\/\/www.ffcam38.com\/jeunes-alpinistes\/wp-json\/wp\/v2\/comments?post=3342"}],"version-history":[{"count":3,"href":"https:\/\/www.ffcam38.com\/jeunes-alpinistes\/wp-json\/wp\/v2\/posts\/3342\/revisions"}],"predecessor-version":[{"id":3346,"href":"https:\/\/www.ffcam38.com\/jeunes-alpinistes\/wp-json\/wp\/v2\/posts\/3342\/revisions\/3346"}],"wp:attachment":[{"href":"https:\/\/www.ffcam38.com\/jeunes-alpinistes\/wp-json\/wp\/v2\/media?parent=3342"}],"wp:term":[{"taxonomy":"category","embeddable":true,"href":"https:\/\/www.ffcam38.com\/jeunes-alpinistes\/wp-json\/wp\/v2\/categories?post=3342"},{"taxonomy":"post_tag","embeddable":true,"href":"https:\/\/www.ffcam38.com\/jeunes-alpinistes\/wp-json\/wp\/v2\/tags?post=3342"}],"curies":[{"name":"wp","href":"https:\/\/api.w.org\/{rel}","templated":true}]}}