{"id":335,"date":"2013-12-11T20:57:43","date_gmt":"2013-12-11T19:57:43","guid":{"rendered":"http:\/\/jeunes-alpinistes.ffcam38.com\/?p=335"},"modified":"2015-01-20T18:24:32","modified_gmt":"2015-01-20T17:24:32","slug":"beatriz-del-castillo-espoir-2-2014","status":"publish","type":"post","link":"https:\/\/www.ffcam38.com\/jeunes-alpinistes\/2013\/12\/11\/beatriz-del-castillo-espoir-2-2014\/","title":{"rendered":"B\u00e9atriz del Castillo &#8211; Espoir 2 &#8211; 2015"},"content":{"rendered":"<p><a href=\"https:\/\/www.ffcam38.com\/jeunes-alpinistes\/wp-content\/uploads\/2013\/12\/P1090555.jpg\"><img loading=\"lazy\" decoding=\"async\" class=\"size-medium wp-image-673 alignright\" alt=\"P1090555\" src=\"https:\/\/www.ffcam38.com\/jeunes-alpinistes\/wp-content\/uploads\/2013\/12\/P1090555-251x300.jpg\" width=\"251\" height=\"300\" srcset=\"https:\/\/www.ffcam38.com\/jeunes-alpinistes\/wp-content\/uploads\/2013\/12\/P1090555-251x300.jpg 251w, https:\/\/www.ffcam38.com\/jeunes-alpinistes\/wp-content\/uploads\/2013\/12\/P1090555-858x1024.jpg 858w, https:\/\/www.ffcam38.com\/jeunes-alpinistes\/wp-content\/uploads\/2013\/12\/P1090555-624x744.jpg 624w, https:\/\/www.ffcam38.com\/jeunes-alpinistes\/wp-content\/uploads\/2013\/12\/P1090555-900x1073.jpg 900w\" sizes=\"auto, (max-width: 251px) 100vw, 251px\" \/><\/a>25 ans<\/p>\n<p>Originaire des \u00eeles Canaries (Tenerife)<\/p>\n<p>J&rsquo;\u00e9tudie en Master 2 en architecture-paysage et montagne<\/p>\n<p>J&rsquo;ai fait de la rando et du Vtt depuis long temps. J&rsquo;ai commenc\u00e9 a grimper a Madrid il y a 4 ans. J&rsquo;ai profit\u00e9 de voies dans les Pyr\u00e9n\u00e9es, en Italie, en France et presque toute l&rsquo;Espagne ! J&rsquo;ai commenc\u00e9 l&rsquo;alpi en France avec une formation d\u2019initiation hiver et une formation autonomie avec le CAF. \u00a0J&rsquo;ai fait quelques raids et courses. Ma passion c&rsquo;est la montagne.<\/p>\n<p>Mes objectif principaux sont d&rsquo;apprendre a \u00eatre compl\u00e8tement autonome en montagne, faire du ski alpin, cascade en glace et devenir tr\u00e8s forte en escalade pour profiter de la montagne sans limites. Partager de voyages et faire des exp\u00e9s avec des gens sympas.<\/p>\n<p>&nbsp;<\/p>\n","protected":false},"excerpt":{"rendered":"<p>25 ans Originaire des \u00eeles Canaries (Tenerife) J&rsquo;\u00e9tudie en Master 2 en architecture-paysage et montagne J&rsquo;ai fait de la rando et du Vtt depuis long temps. J&rsquo;ai commenc\u00e9 a grimper a Madrid il y a 4 ans. J&rsquo;ai profit\u00e9 de voies dans les Pyr\u00e9n\u00e9es, en Italie, en France et presque toute l&rsquo;Espagne ! J&rsquo;ai commenc\u00e9 l&rsquo;alpi en France avec une formation d\u2019initiation hiver et une formation autonomie avec le CAF. \u00a0J&rsquo;ai fait quelques raids et courses. Ma passion c&rsquo;est la&#8230;<\/p>\n<p class=\"read-more\"><a class=\"btn btn-default\" href=\"https:\/\/www.ffcam38.com\/jeunes-alpinistes\/2013\/12\/11\/beatriz-del-castillo-espoir-2-2014\/\">Lire la suite<span class=\"screen-reader-text\"> Lire la suite<\/span><\/a><\/p>\n","protected":false},"author":2,"featured_media":0,"comment_status":"open","ping_status":"open","sticky":false,"template":"","format":"standard","meta":{"footnotes":""},"categories":[117,27,123,7],"tags":[],"class_list":["post-335","post","type-post","status-publish","format-standard","hentry","category-equipe2015","category-portraits-espoir-2-2014","category-portraits-espoir-2-2014-equipe2015","category-portraits"],"_links":{"self":[{"href":"https:\/\/www.ffcam38.com\/jeunes-alpinistes\/wp-json\/wp\/v2\/posts\/335","targetHints":{"allow":["GET"]}}],"collection":[{"href":"https:\/\/www.ffcam38.com\/jeunes-alpinistes\/wp-json\/wp\/v2\/posts"}],"about":[{"href":"https:\/\/www.ffcam38.com\/jeunes-alpinistes\/wp-json\/wp\/v2\/types\/post"}],"author":[{"embeddable":true,"href":"https:\/\/www.ffcam38.com\/jeunes-alpinistes\/wp-json\/wp\/v2\/users\/2"}],"replies":[{"embeddable":true,"href":"https:\/\/www.ffcam38.com\/jeunes-alpinistes\/wp-json\/wp\/v2\/comments?post=335"}],"version-history":[{"count":6,"href":"https:\/\/www.ffcam38.com\/jeunes-alpinistes\/wp-json\/wp\/v2\/posts\/335\/revisions"}],"predecessor-version":[{"id":1629,"href":"https:\/\/www.ffcam38.com\/jeunes-alpinistes\/wp-json\/wp\/v2\/posts\/335\/revisions\/1629"}],"wp:attachment":[{"href":"https:\/\/www.ffcam38.com\/jeunes-alpinistes\/wp-json\/wp\/v2\/media?parent=335"}],"wp:term":[{"taxonomy":"category","embeddable":true,"href":"https:\/\/www.ffcam38.com\/jeunes-alpinistes\/wp-json\/wp\/v2\/categories?post=335"},{"taxonomy":"post_tag","embeddable":true,"href":"https:\/\/www.ffcam38.com\/jeunes-alpinistes\/wp-json\/wp\/v2\/tags?post=335"}],"curies":[{"name":"wp","href":"https:\/\/api.w.org\/{rel}","templated":true}]}}