{"id":3542,"date":"2017-10-20T14:22:15","date_gmt":"2017-10-20T13:22:15","guid":{"rendered":"http:\/\/jeunes-alpinistes.ffcam38.com\/?p=3542"},"modified":"2017-10-20T21:27:12","modified_gmt":"2017-10-20T20:27:12","slug":"soiree-retour-dexpes-le-2610","status":"publish","type":"post","link":"https:\/\/www.ffcam38.com\/jeunes-alpinistes\/2017\/10\/20\/soiree-retour-dexpes-le-2610\/","title":{"rendered":"Soir\u00e9e retour d&rsquo;Exp\u00e9s le 26\/10 !"},"content":{"rendered":"<p>Salut \u00e0 tous,<\/p>\n<p>On se retrouve jeudi prochain \u00e0 <strong>18h30 au CAF Grenoble Is\u00e8re<\/strong> (32 av F\u00e9lix Viallet) pour une soir\u00e9e exceptionnelle avec <strong><a href=\"http:\/\/lavoixdescimes.wixsite.com\/lavoixdescimes\/blog\">La Voix des Cimes<\/a><\/strong> !<br \/>\nArthur, Corentin et Anouk (des anciens des \u00e9quipes) nous emm\u00e8neront en voyage du Canada au P\u00e9rou en passant par la Nouvelle Z\u00e9lande, le Maroc et le\u00a0Kirghizstan avec toujours un (gros) bout de montagne \u00e0 gravir et des aventures insolites !<\/p>\n<p>Ce sera aussi l&rsquo;occasion de discuter pr\u00e9paration pour un tel projet, logistique et improvisation au long cours. Ceux qui r\u00eavent de partir profitez en pour poser toutes vos questions et ceux qui sont d\u00e9j\u00e0 partis \u00e0 l&rsquo;aventure, on attend vos anecdotes !<\/p>\n<p>Pensez \u00e0 prendre un truc pour l&rsquo;ap\u00e9ro ensuite, \u00e0 boire ou \u00e0 manger et n&rsquo;oubliez pas vos Ecocups !<\/p>\n<p>Sur ce, bon weekend neigeux \ud83d\ude09<\/p>\n<p><img loading=\"lazy\" decoding=\"async\" class=\"alignnone size-medium\" src=\"https:\/\/static.wixstatic.com\/media\/3979ec_e437dc192bab4f2ab22e7f89827f8687~mv2_d_5472_3080_s_4_2.jpg\/v1\/fill\/w_788,h_443,al_c,q_80,usm_0.66_1.00_0.01\/3979ec_e437dc192bab4f2ab22e7f89827f8687~mv2_d_5472_3080_s_4_2.webp\" width=\"788\" height=\"443\" \/>(Photo La Voix des Cimes)<\/p>\n","protected":false},"excerpt":{"rendered":"<p>Salut \u00e0 tous, On se retrouve jeudi prochain \u00e0 18h30 au CAF Grenoble Is\u00e8re (32 av F\u00e9lix Viallet) pour une soir\u00e9e exceptionnelle avec La Voix des Cimes ! Arthur, Corentin et Anouk (des anciens des \u00e9quipes) nous emm\u00e8neront en voyage du Canada au P\u00e9rou en passant par la Nouvelle Z\u00e9lande, le Maroc et le\u00a0Kirghizstan avec toujours un (gros) bout de montagne \u00e0 gravir et des aventures insolites ! Ce sera aussi l&rsquo;occasion de discuter pr\u00e9paration pour un tel projet, logistique&#8230;<\/p>\n<p class=\"read-more\"><a class=\"btn btn-default\" href=\"https:\/\/www.ffcam38.com\/jeunes-alpinistes\/2017\/10\/20\/soiree-retour-dexpes-le-2610\/\">Lire la suite<span class=\"screen-reader-text\"> Lire la suite<\/span><\/a><\/p>\n","protected":false},"author":2,"featured_media":0,"comment_status":"open","ping_status":"open","sticky":false,"template":"","format":"standard","meta":{"footnotes":""},"categories":[35,8,136],"tags":[265],"class_list":["post-3542","post","type-post","status-publish","format-standard","hentry","category-actualites","category-programme-previ","category-programme-previ-soirees-techniques","tag-expe"],"_links":{"self":[{"href":"https:\/\/www.ffcam38.com\/jeunes-alpinistes\/wp-json\/wp\/v2\/posts\/3542","targetHints":{"allow":["GET"]}}],"collection":[{"href":"https:\/\/www.ffcam38.com\/jeunes-alpinistes\/wp-json\/wp\/v2\/posts"}],"about":[{"href":"https:\/\/www.ffcam38.com\/jeunes-alpinistes\/wp-json\/wp\/v2\/types\/post"}],"author":[{"embeddable":true,"href":"https:\/\/www.ffcam38.com\/jeunes-alpinistes\/wp-json\/wp\/v2\/users\/2"}],"replies":[{"embeddable":true,"href":"https:\/\/www.ffcam38.com\/jeunes-alpinistes\/wp-json\/wp\/v2\/comments?post=3542"}],"version-history":[{"count":5,"href":"https:\/\/www.ffcam38.com\/jeunes-alpinistes\/wp-json\/wp\/v2\/posts\/3542\/revisions"}],"predecessor-version":[{"id":3547,"href":"https:\/\/www.ffcam38.com\/jeunes-alpinistes\/wp-json\/wp\/v2\/posts\/3542\/revisions\/3547"}],"wp:attachment":[{"href":"https:\/\/www.ffcam38.com\/jeunes-alpinistes\/wp-json\/wp\/v2\/media?parent=3542"}],"wp:term":[{"taxonomy":"category","embeddable":true,"href":"https:\/\/www.ffcam38.com\/jeunes-alpinistes\/wp-json\/wp\/v2\/categories?post=3542"},{"taxonomy":"post_tag","embeddable":true,"href":"https:\/\/www.ffcam38.com\/jeunes-alpinistes\/wp-json\/wp\/v2\/tags?post=3542"}],"curies":[{"name":"wp","href":"https:\/\/api.w.org\/{rel}","templated":true}]}}