{"id":3580,"date":"2017-12-20T15:00:44","date_gmt":"2017-12-20T14:00:44","guid":{"rendered":"http:\/\/jeunes-alpinistes.ffcam38.com\/?p=3580"},"modified":"2017-12-21T09:13:39","modified_gmt":"2017-12-21T08:13:39","slug":"artif-et-mixte-du-deluge-ecossais-au-brassage-siberien-pour-les-espoirs-25-26-novembre","status":"publish","type":"post","link":"https:\/\/www.ffcam38.com\/jeunes-alpinistes\/2017\/12\/20\/artif-et-mixte-du-deluge-ecossais-au-brassage-siberien-pour-les-espoirs-25-26-novembre\/","title":{"rendered":"Artif et mixte, du d\u00e9luge \u00e9cossais au brassage sib\u00e9rien pour les Espoirs ! 25-26 novembre 2017."},"content":{"rendered":"<p>Au vue de la m\u00e9t\u00e9o humide , nous sommes all\u00e9s non pas\u00a0\u00e0 l&rsquo;Usine mais bien au secteur d&rsquo;artif du Peney. Arriv\u00e9s au bas de la falaise\u00a0, nous sommes \u00e9tonn\u00e9s de remarquer que nous ne sommes pas seuls. Une \u00e9quipe de 4\/5 grimpeurs de Savoie sont d\u00e9j\u00e0 en train de marteler. Chacun avance\u00a0\u00e0 son rythme, petit \u00e0 petit. \u00a0Au bout de 4\/5\u00a0heures de pitonnage et deux\/trois blocs qui tombent, la nuit est d\u00e9j\u00e0 pr\u00e9sente pour le retour.<\/p>\n<p class=\"x_x_MsoNormal\">Apr\u00e8s la pluie le beau temps pour dimanche \u2026 ou presque car le temps se g\u00e2te un peu dans l\u2019apr\u00e8s-midi.\u00a0 Mais bon, compar\u00e9 \u00e0 samedi c\u2019est de la rigolade\u00a0! Apr\u00e8s avoir choisi\u00a0nos compagnons de cord\u00e9e et fait nos sacs, direction le pied des goulottes de Casserousse. Une fois arriv\u00e9s en bas c\u2019est chacun sa ligne et les moutons seront bien gard\u00e9s ! Certains partent dans \u00ab Accroch\u2019 ton rhodo\u00a0\u00bb,\u00a0 d\u2019autre dans \u00ab Merci aux vieux\u00a0\u00bb. Pour d&rsquo;autres encore ce sera\u00a0 la goulotte du \u00ab Bloc Coinc\u00e9\u00a0\u00bb quand les plus frileux iront chercher le soleil \u00e0 gauche de la \u00a0goulotte du \u00ab Chien\u00a0\u00bb.\u00a0\u00a0Sage d\u00e9cision car il fait super froid.\u00a0Bien qu&rsquo;il y ait beaucoup\u00a0de neige elle est compl\u00e8tement inconsistante et il faut balayer la poudre pour trouver des prises dry. On comprend alors pourquoi Benoit\u00a0nous avait dit\u00a0de prendre nos balayettes\u00a0!<\/p>\n<p class=\"x_x_MsoNormal\">Gentiment, apr\u00e8s du crochetage de sapin, du \u00ab\u00a0touffing\u00a0\u00bb sur touffe gel\u00e9, du \u00ab\u00a0balaydry\u00a0\u00bb et une bonne grimpette, chacun arrive en haut de sa goulotte &#8230; au goutte \u00e0 goutte. En haut Victor nous attend et figurez-vous qu\u2019il est d\u00e9j\u00e0 16h\u00a0! On n\u2019aura pas vu le temps passer. Il fait vraiment trop froid pour s\u2019attendre donc direction le bar, histoire de se mettre au chaud.<\/p>\n<p class=\"x_x_MsoNormal\">Juste avant la nuit on se retrouve donc tous autour d\u2019un chocolat chaud ou d&rsquo;une bi\u00e8re bien m\u00e9rit\u00e9s.\u00a0Vivement le week-end glace\u00a0!<\/p>\n<div id='gallery-1' class='gallery galleryid-3580 gallery-columns-4 gallery-size-thumbnail'><figure class='gallery-item'>\n\t\t\t<div class='gallery-icon landscape'>\n\t\t\t\t<a href='https:\/\/www.ffcam38.com\/jeunes-alpinistes\/wp-content\/uploads\/2017\/12\/approche-1.jpg'><img loading=\"lazy\" decoding=\"async\" width=\"150\" height=\"150\" src=\"https:\/\/www.ffcam38.com\/jeunes-alpinistes\/wp-content\/uploads\/2017\/12\/approche-1-150x150.jpg\" class=\"attachment-thumbnail size-thumbnail\" alt=\"\" \/><\/a>\n\t\t\t<\/div><\/figure><figure class='gallery-item'>\n\t\t\t<div class='gallery-icon portrait'>\n\t\t\t\t<a href='https:\/\/www.ffcam38.com\/jeunes-alpinistes\/wp-content\/uploads\/2017\/12\/approche2-2.jpg'><img loading=\"lazy\" decoding=\"async\" width=\"150\" height=\"150\" src=\"https:\/\/www.ffcam38.com\/jeunes-alpinistes\/wp-content\/uploads\/2017\/12\/approche2-2-150x150.jpg\" class=\"attachment-thumbnail size-thumbnail\" alt=\"\" \/><\/a>\n\t\t\t<\/div><\/figure><figure class='gallery-item'>\n\t\t\t<div class='gallery-icon landscape'>\n\t\t\t\t<a href='https:\/\/www.ffcam38.com\/jeunes-alpinistes\/wp-content\/uploads\/2017\/12\/approche3-1.jpg'><img loading=\"lazy\" decoding=\"async\" width=\"150\" height=\"150\" src=\"https:\/\/www.ffcam38.com\/jeunes-alpinistes\/wp-content\/uploads\/2017\/12\/approche3-1-150x150.jpg\" class=\"attachment-thumbnail size-thumbnail\" alt=\"\" \/><\/a>\n\t\t\t<\/div><\/figure><figure class='gallery-item'>\n\t\t\t<div class='gallery-icon landscape'>\n\t\t\t\t<a href='https:\/\/www.ffcam38.com\/jeunes-alpinistes\/wp-content\/uploads\/2017\/12\/bloc-coinc\u00e9-et-vieux-1.jpg'><img loading=\"lazy\" decoding=\"async\" width=\"150\" height=\"150\" src=\"https:\/\/www.ffcam38.com\/jeunes-alpinistes\/wp-content\/uploads\/2017\/12\/bloc-coinc\u00e9-et-vieux-1-150x150.jpg\" class=\"attachment-thumbnail size-thumbnail\" alt=\"\" \/><\/a>\n\t\t\t<\/div><\/figure><figure class='gallery-item'>\n\t\t\t<div class='gallery-icon portrait'>\n\t\t\t\t<a href='https:\/\/www.ffcam38.com\/jeunes-alpinistes\/wp-content\/uploads\/2017\/12\/bloc-coinc\u00e91-1.jpg'><img loading=\"lazy\" decoding=\"async\" width=\"150\" height=\"150\" src=\"https:\/\/www.ffcam38.com\/jeunes-alpinistes\/wp-content\/uploads\/2017\/12\/bloc-coinc\u00e91-1-150x150.jpg\" class=\"attachment-thumbnail size-thumbnail\" alt=\"\" \/><\/a>\n\t\t\t<\/div><\/figure><figure class='gallery-item'>\n\t\t\t<div class='gallery-icon portrait'>\n\t\t\t\t<a href='https:\/\/www.ffcam38.com\/jeunes-alpinistes\/wp-content\/uploads\/2017\/12\/bloc-coinc\u00e92-1.jpg'><img loading=\"lazy\" decoding=\"async\" width=\"150\" height=\"150\" src=\"https:\/\/www.ffcam38.com\/jeunes-alpinistes\/wp-content\/uploads\/2017\/12\/bloc-coinc\u00e92-1-150x150.jpg\" class=\"attachment-thumbnail size-thumbnail\" alt=\"\" \/><\/a>\n\t\t\t<\/div><\/figure><figure class='gallery-item'>\n\t\t\t<div class='gallery-icon landscape'>\n\t\t\t\t<a href='https:\/\/www.ffcam38.com\/jeunes-alpinistes\/wp-content\/uploads\/2017\/12\/bloc-coinc\u00e93-1.jpg'><img loading=\"lazy\" decoding=\"async\" width=\"150\" height=\"150\" src=\"https:\/\/www.ffcam38.com\/jeunes-alpinistes\/wp-content\/uploads\/2017\/12\/bloc-coinc\u00e93-1-150x150.jpg\" class=\"attachment-thumbnail size-thumbnail\" alt=\"\" \/><\/a>\n\t\t\t<\/div><\/figure>\n\t\t<\/div>\n\n<p>Par M\u00e9ris et Naomi.<\/p>\n","protected":false},"excerpt":{"rendered":"<p>Au vue de la m\u00e9t\u00e9o humide , nous sommes all\u00e9s non pas\u00a0\u00e0 l&rsquo;Usine mais bien au secteur d&rsquo;artif du Peney. Arriv\u00e9s au bas de la falaise\u00a0, nous sommes \u00e9tonn\u00e9s de remarquer que nous ne sommes pas seuls. Une \u00e9quipe de 4\/5 grimpeurs de Savoie sont d\u00e9j\u00e0 en train de marteler. Chacun avance\u00a0\u00e0 son rythme, petit \u00e0 petit. \u00a0Au bout de 4\/5\u00a0heures de pitonnage et deux\/trois blocs qui tombent, la nuit est d\u00e9j\u00e0 pr\u00e9sente pour le retour. Apr\u00e8s la pluie le&#8230;<\/p>\n<p class=\"read-more\"><a class=\"btn btn-default\" href=\"https:\/\/www.ffcam38.com\/jeunes-alpinistes\/2017\/12\/20\/artif-et-mixte-du-deluge-ecossais-au-brassage-siberien-pour-les-espoirs-25-26-novembre\/\">Lire la suite<span class=\"screen-reader-text\"> Lire la suite<\/span><\/a><\/p>\n","protected":false},"author":2,"featured_media":0,"comment_status":"open","ping_status":"open","sticky":false,"template":"","format":"standard","meta":{"footnotes":""},"categories":[35,10,30,31],"tags":[],"class_list":["post-3580","post","type-post","status-publish","format-standard","hentry","category-actualites","category-les-sorties","category-sorties-espoir-1","category-sorties-espoir-2"],"_links":{"self":[{"href":"https:\/\/www.ffcam38.com\/jeunes-alpinistes\/wp-json\/wp\/v2\/posts\/3580","targetHints":{"allow":["GET"]}}],"collection":[{"href":"https:\/\/www.ffcam38.com\/jeunes-alpinistes\/wp-json\/wp\/v2\/posts"}],"about":[{"href":"https:\/\/www.ffcam38.com\/jeunes-alpinistes\/wp-json\/wp\/v2\/types\/post"}],"author":[{"embeddable":true,"href":"https:\/\/www.ffcam38.com\/jeunes-alpinistes\/wp-json\/wp\/v2\/users\/2"}],"replies":[{"embeddable":true,"href":"https:\/\/www.ffcam38.com\/jeunes-alpinistes\/wp-json\/wp\/v2\/comments?post=3580"}],"version-history":[{"count":3,"href":"https:\/\/www.ffcam38.com\/jeunes-alpinistes\/wp-json\/wp\/v2\/posts\/3580\/revisions"}],"predecessor-version":[{"id":3591,"href":"https:\/\/www.ffcam38.com\/jeunes-alpinistes\/wp-json\/wp\/v2\/posts\/3580\/revisions\/3591"}],"wp:attachment":[{"href":"https:\/\/www.ffcam38.com\/jeunes-alpinistes\/wp-json\/wp\/v2\/media?parent=3580"}],"wp:term":[{"taxonomy":"category","embeddable":true,"href":"https:\/\/www.ffcam38.com\/jeunes-alpinistes\/wp-json\/wp\/v2\/categories?post=3580"},{"taxonomy":"post_tag","embeddable":true,"href":"https:\/\/www.ffcam38.com\/jeunes-alpinistes\/wp-json\/wp\/v2\/tags?post=3580"}],"curies":[{"name":"wp","href":"https:\/\/api.w.org\/{rel}","templated":true}]}}