{"id":3612,"date":"2018-01-29T18:54:08","date_gmt":"2018-01-29T17:54:08","guid":{"rendered":"http:\/\/jeunes-alpinistes.ffcam38.com\/?p=3612"},"modified":"2018-06-30T17:46:17","modified_gmt":"2018-06-30T16:46:17","slug":"lepopee-givrante-de-la-compagnie-des-jeunes-alpinistes-disere","status":"publish","type":"post","link":"https:\/\/www.ffcam38.com\/jeunes-alpinistes\/2018\/01\/29\/lepopee-givrante-de-la-compagnie-des-jeunes-alpinistes-disere\/","title":{"rendered":"L&rsquo;\u00e9pop\u00e9e givrante de la compagnie des jeunes alpinistes d&rsquo;Is\u00e8re &#8211; 18 21\/01\/2018"},"content":{"rendered":"<p><a href=\"https:\/\/www.ffcam38.com\/jeunes-alpinistes\/wp-content\/uploads\/2018\/01\/DancingFall.jpg\"><img loading=\"lazy\" decoding=\"async\" class=\"wp-image-3614 alignleft\" src=\"https:\/\/www.ffcam38.com\/jeunes-alpinistes\/wp-content\/uploads\/2018\/01\/DancingFall-240x300.jpg\" alt=\"\" width=\"271\" height=\"339\" srcset=\"https:\/\/www.ffcam38.com\/jeunes-alpinistes\/wp-content\/uploads\/2018\/01\/DancingFall-240x300.jpg 240w, https:\/\/www.ffcam38.com\/jeunes-alpinistes\/wp-content\/uploads\/2018\/01\/DancingFall-768x960.jpg 768w, https:\/\/www.ffcam38.com\/jeunes-alpinistes\/wp-content\/uploads\/2018\/01\/DancingFall-216x270.jpg 216w, https:\/\/www.ffcam38.com\/jeunes-alpinistes\/wp-content\/uploads\/2018\/01\/DancingFall.jpg 640w\" sizes=\"auto, (max-width: 271px) 100vw, 271px\" \/><\/a><\/p>\n<p><span class=\"_5yl5\">Nous sommes partis 500 copains \u00e0 travers la Garrigue !<\/span><span class=\"_5yl5\"> Ah non c\u2019est pas \u00e7a\u2026 C\u2019\u00e9tait dans le sud mais pas tant et y\u2019avait pas les cigales.<\/span><\/p>\n<p><span class=\"_5yl5\"> C\u2019\u00e9tait dans le pays des mines d\u2019argent d\u2019autrefois, du temps du moyen-\u00e2ge et m\u00eame si on a failli y revivre la guerre de cent ans, y\u2019avait plus d\u2019argent non plus. \u00c7a tombe bien parce qu&rsquo;\u00e0 part du caillou et du gla\u00e7on, on n\u2019y allait pas pour trouver grand-chose (quoique 2\/3 diamants ne nous auraient pas d\u00e9plu\u2026). <\/span><\/p>\n<p>&nbsp;<\/p>\n<p><span class=\"_5yl5\"><a href=\"https:\/\/www.ffcam38.com\/jeunes-alpinistes\/wp-content\/uploads\/2018\/01\/Crevoux2.jpeg\"><img loading=\"lazy\" decoding=\"async\" class=\"size-medium wp-image-3613 alignright\" src=\"https:\/\/www.ffcam38.com\/jeunes-alpinistes\/wp-content\/uploads\/2018\/01\/Crevoux2-225x300.jpeg\" alt=\"\" width=\"225\" height=\"300\" srcset=\"https:\/\/www.ffcam38.com\/jeunes-alpinistes\/wp-content\/uploads\/2018\/01\/Crevoux2-225x300.jpeg 225w, https:\/\/www.ffcam38.com\/jeunes-alpinistes\/wp-content\/uploads\/2018\/01\/Crevoux2-768x1024.jpeg 768w, https:\/\/www.ffcam38.com\/jeunes-alpinistes\/wp-content\/uploads\/2018\/01\/Crevoux2-203x270.jpeg 203w, https:\/\/www.ffcam38.com\/jeunes-alpinistes\/wp-content\/uploads\/2018\/01\/Crevoux2.jpeg 600w\" sizes=\"auto, (max-width: 225px) 100vw, 225px\" \/><\/a>Ainsi, arm\u00e9s de nos pioches et de nos crampons, nous sommes partis \u00e0 l\u2019assaut des cascades de glace du pays d\u2019Argenti\u00e8re-la-Bess\u00e9e pour un p\u00e9riple de 4 jours. Notre compagnie s\u2019est divis\u00e9e en plusieurs groupes afin de conqu\u00e9rir le plus de territoire possible, de la for\u00eat des Tourengs \u00e0 la vall\u00e9e de Crevoux en passant par le val d\u2019Oriol, les falaises de Ceillac ou encore les terres de Freissini\u00e8re\u2026 Certains attaquaient \u00e0 la couenne ces murs de glace, tandis que les plus braves s\u2019aventuraient dans des grandes voies avec l\u2019espoir de pouvoir atteindre le sommet. Le soir au g\u00eete, les festins \u00e9taient majestueux, principalement \u00e0 base de crozets pour donner des forces au corps et r\u00e9chauffer l\u2019\u00e2me. Le temps \u00e9tait <\/span><span class=\"_5yl5\">en majorit\u00e9 <\/span><span class=\"_5yl5\">grandiose, malgr\u00e9 une temp\u00eate de neige qui aura eu raison des voitures des locaux mais pas des n\u00f4tres !<\/span><\/p>\n<p><span class=\"_5yl5\"> <a href=\"https:\/\/www.ffcam38.com\/jeunes-alpinistes\/wp-content\/uploads\/2018\/01\/Sombrhero.jpg\"><img loading=\"lazy\" decoding=\"async\" class=\" wp-image-3617 alignleft\" src=\"https:\/\/www.ffcam38.com\/jeunes-alpinistes\/wp-content\/uploads\/2018\/01\/Sombrhero-167x300.jpg\" alt=\"\" width=\"171\" height=\"307\" srcset=\"https:\/\/www.ffcam38.com\/jeunes-alpinistes\/wp-content\/uploads\/2018\/01\/Sombrhero-167x300.jpg 167w, https:\/\/www.ffcam38.com\/jeunes-alpinistes\/wp-content\/uploads\/2018\/01\/Sombrhero-150x270.jpg 150w, https:\/\/www.ffcam38.com\/jeunes-alpinistes\/wp-content\/uploads\/2018\/01\/Sombrhero.jpg 445w\" sizes=\"auto, (max-width: 171px) 100vw, 171px\" \/><\/a>La temp\u00e9rature, un peu trop \u00e9lev\u00e9e \u00e0 notre go\u00fbt et surtout \u00e0 celui de la glace qui a pr\u00e9f\u00e9r\u00e9 fondre sur la fin du s\u00e9jour, nous a emp\u00each\u00e9 (pour une majeure partie du groupe) de venir \u00e0 bout des cimes de Tourengs, pour finir cette aventure par un atelier DVA au soleil dans les champs de Champol\u00e9on. <\/span><\/p>\n<p><span class=\"_5yl5\">Gr\u00e2ce \u00e0 nos guides et \u00e0 leurs fid\u00e8les disciples nous avons pu d\u00e9couvrir ou perfectionner nos talents de glaci\u00e9ristes, nous les remercions encore pour nous avoir men\u00e9 au bout de cette aventure. <\/span><span class=\"_5yl5\">Et comme dans toute aventure, il y a eu du sang et des larmes, nous avons compris que ce n\u2019\u00e9tait pas une pratique sans risque. Mais dans cette aventure, la fin finit bien et nous avons tous h\u00e2te de repartir ensemble en montagne !<\/span><\/p>\n<p>Denise et Tobias.<\/p>\n<p><a href=\"https:\/\/www.ffcam38.com\/jeunes-alpinistes\/wp-content\/uploads\/2018\/01\/GusLeMagnifique.jpg\"><img loading=\"lazy\" decoding=\"async\" class=\"wp-image-3616 aligncenter\" src=\"https:\/\/www.ffcam38.com\/jeunes-alpinistes\/wp-content\/uploads\/2018\/01\/GusLeMagnifique-300x225.jpg\" alt=\"\" width=\"390\" height=\"292\" srcset=\"https:\/\/www.ffcam38.com\/jeunes-alpinistes\/wp-content\/uploads\/2018\/01\/GusLeMagnifique-300x225.jpg 300w, https:\/\/www.ffcam38.com\/jeunes-alpinistes\/wp-content\/uploads\/2018\/01\/GusLeMagnifique-768x576.jpg 768w, https:\/\/www.ffcam38.com\/jeunes-alpinistes\/wp-content\/uploads\/2018\/01\/GusLeMagnifique-360x270.jpg 360w, https:\/\/www.ffcam38.com\/jeunes-alpinistes\/wp-content\/uploads\/2018\/01\/GusLeMagnifique.jpg 960w\" sizes=\"auto, (max-width: 390px) 100vw, 390px\" \/><\/a><\/p>\n","protected":false},"excerpt":{"rendered":"<p>Nous sommes partis 500 copains \u00e0 travers la Garrigue ! Ah non c\u2019est pas \u00e7a\u2026 C\u2019\u00e9tait dans le sud mais pas tant et y\u2019avait pas les cigales. C\u2019\u00e9tait dans le pays des mines d\u2019argent d\u2019autrefois, du temps du moyen-\u00e2ge et m\u00eame si on a failli y revivre la guerre de cent ans, y\u2019avait plus d\u2019argent non plus. \u00c7a tombe bien parce qu&rsquo;\u00e0 part du caillou et du gla\u00e7on, on n\u2019y allait pas pour trouver grand-chose (quoique 2\/3 diamants ne nous&#8230;<\/p>\n<p class=\"read-more\"><a class=\"btn btn-default\" href=\"https:\/\/www.ffcam38.com\/jeunes-alpinistes\/2018\/01\/29\/lepopee-givrante-de-la-compagnie-des-jeunes-alpinistes-disere\/\">Lire la suite<span class=\"screen-reader-text\"> Lire la suite<\/span><\/a><\/p>\n","protected":false},"author":2,"featured_media":0,"comment_status":"open","ping_status":"open","sticky":false,"template":"","format":"standard","meta":{"footnotes":""},"categories":[35,10,30,31,32,33],"tags":[],"class_list":["post-3612","post","type-post","status-publish","format-standard","hentry","category-actualites","category-les-sorties","category-sorties-espoir-1","category-sorties-espoir-2","category-sorties-promo-1","category-sorties-promo-2"],"_links":{"self":[{"href":"https:\/\/www.ffcam38.com\/jeunes-alpinistes\/wp-json\/wp\/v2\/posts\/3612","targetHints":{"allow":["GET"]}}],"collection":[{"href":"https:\/\/www.ffcam38.com\/jeunes-alpinistes\/wp-json\/wp\/v2\/posts"}],"about":[{"href":"https:\/\/www.ffcam38.com\/jeunes-alpinistes\/wp-json\/wp\/v2\/types\/post"}],"author":[{"embeddable":true,"href":"https:\/\/www.ffcam38.com\/jeunes-alpinistes\/wp-json\/wp\/v2\/users\/2"}],"replies":[{"embeddable":true,"href":"https:\/\/www.ffcam38.com\/jeunes-alpinistes\/wp-json\/wp\/v2\/comments?post=3612"}],"version-history":[{"count":6,"href":"https:\/\/www.ffcam38.com\/jeunes-alpinistes\/wp-json\/wp\/v2\/posts\/3612\/revisions"}],"predecessor-version":[{"id":3727,"href":"https:\/\/www.ffcam38.com\/jeunes-alpinistes\/wp-json\/wp\/v2\/posts\/3612\/revisions\/3727"}],"wp:attachment":[{"href":"https:\/\/www.ffcam38.com\/jeunes-alpinistes\/wp-json\/wp\/v2\/media?parent=3612"}],"wp:term":[{"taxonomy":"category","embeddable":true,"href":"https:\/\/www.ffcam38.com\/jeunes-alpinistes\/wp-json\/wp\/v2\/categories?post=3612"},{"taxonomy":"post_tag","embeddable":true,"href":"https:\/\/www.ffcam38.com\/jeunes-alpinistes\/wp-json\/wp\/v2\/tags?post=3612"}],"curies":[{"name":"wp","href":"https:\/\/api.w.org\/{rel}","templated":true}]}}