{"id":3645,"date":"2018-03-14T22:15:07","date_gmt":"2018-03-14T21:15:07","guid":{"rendered":"http:\/\/jeunes-alpinistes.ffcam38.com\/?p=3645"},"modified":"2018-03-14T22:15:07","modified_gmt":"2018-03-14T21:15:07","slug":"report-we-goulotte-espoir-a","status":"publish","type":"post","link":"https:\/\/www.ffcam38.com\/jeunes-alpinistes\/2018\/03\/14\/report-we-goulotte-espoir-a\/","title":{"rendered":"Report WE goulotte espoir A"},"content":{"rendered":"<p>On annule ce WE goulotte, les conditions s\u2019annoncent d\u00e9licates en montagne.<\/p>\n<p>On vous propose un report le WE du 31 mars au 1<sup>er<\/sup> avril.<\/p>\n<p>Pensez \u00e0 remplir, le tableau d\u2019organisation pour confirmer votre pr\u00e9sence ou non,\u00a0 afin qu\u2019on organise au mieux l\u2019encadrement.<\/p>\n<p><a href=\"https:\/\/docs.google.com\/spreadsheets\/d\/1WHqA1nPBBiFP94vl6IL88amU3gGUOhvaLNeMZvIRxjw\/edit?usp=sharing\">https:\/\/docs.google.com\/spreadsheets\/d\/1WHqA1nPBBiFP94vl6IL88amU3gGUOhvaLNeMZvIRxjw\/edit?usp=sharing<\/a><\/p>\n<p>&nbsp;<\/p>\n<p>D&rsquo;apr\u00e8s les pr\u00e9visions du jour, le ski en for\u00eat ou le dry semble plus adapt\u00e9 que la goulotte pour le WE. A suivre&#8230;<\/p>\n<p><strong>Samedi 17 Mars:<\/strong><\/p>\n<p>Le ciel restera partout couvert sans interruption par plafonds bas hormis de rares \u00e9claircies sur les Hautes Alpes. On b\u00e9n\u00e9ficiera d&rsquo;averses de neige \u00e0 800 puis 400m dans du vent de Nord.<\/p>\n<p>pression 1002-&gt;997 mb en plaine: 5\u00b0C, vent NW maxi 5 noeuds \u00e0 1500m hors-sol: -2\/0\u00b0C, vent NNW faible-&gt;9-&gt;(nuit)5 noeuds \u00e0 3000m hors-sol: -12\u00b0C, vent Nord faible-&gt;NNW\/13-&gt;(nuit)8 noeuds iso 0\u00b0: 1200-&gt;1000m iso -10: 2900-&gt;2600m iso -20: 4200m<\/p>\n<p><strong>Dimanche<\/strong><\/p>\n<p>Disparition du vent et persistance de nuages \u00e0 toutes altitudes. La fra\u00eecheur va se confirmer et il neigera \u00e0 l&rsquo;Est en fin de journ\u00e9e puis partout la nuit et jusqu&rsquo;en plaine.<\/p>\n<p>http:\/\/mto38.free.fr\/<\/p>\n<p>&nbsp;<\/p>\n","protected":false},"excerpt":{"rendered":"<p>On annule ce WE goulotte, les conditions s\u2019annoncent d\u00e9licates en montagne. On vous propose un report le WE du 31 mars au 1er avril. Pensez \u00e0 remplir, le tableau d\u2019organisation pour confirmer votre pr\u00e9sence ou non,\u00a0 afin qu\u2019on organise au mieux l\u2019encadrement. https:\/\/docs.google.com\/spreadsheets\/d\/1WHqA1nPBBiFP94vl6IL88amU3gGUOhvaLNeMZvIRxjw\/edit?usp=sharing &nbsp; D&rsquo;apr\u00e8s les pr\u00e9visions du jour, le ski en for\u00eat ou le dry semble plus adapt\u00e9 que la goulotte pour le WE. A suivre&#8230; Samedi 17 Mars: Le ciel restera partout couvert sans interruption par plafonds bas&#8230;<\/p>\n<p class=\"read-more\"><a class=\"btn btn-default\" href=\"https:\/\/www.ffcam38.com\/jeunes-alpinistes\/2018\/03\/14\/report-we-goulotte-espoir-a\/\">Lire la suite<span class=\"screen-reader-text\"> Lire la suite<\/span><\/a><\/p>\n","protected":false},"author":2,"featured_media":0,"comment_status":"open","ping_status":"open","sticky":false,"template":"","format":"standard","meta":{"footnotes":""},"categories":[35,8,22],"tags":[],"class_list":["post-3645","post","type-post","status-publish","format-standard","hentry","category-actualites","category-programme-previ","category-programme-previ-espoir-1"],"_links":{"self":[{"href":"https:\/\/www.ffcam38.com\/jeunes-alpinistes\/wp-json\/wp\/v2\/posts\/3645","targetHints":{"allow":["GET"]}}],"collection":[{"href":"https:\/\/www.ffcam38.com\/jeunes-alpinistes\/wp-json\/wp\/v2\/posts"}],"about":[{"href":"https:\/\/www.ffcam38.com\/jeunes-alpinistes\/wp-json\/wp\/v2\/types\/post"}],"author":[{"embeddable":true,"href":"https:\/\/www.ffcam38.com\/jeunes-alpinistes\/wp-json\/wp\/v2\/users\/2"}],"replies":[{"embeddable":true,"href":"https:\/\/www.ffcam38.com\/jeunes-alpinistes\/wp-json\/wp\/v2\/comments?post=3645"}],"version-history":[{"count":2,"href":"https:\/\/www.ffcam38.com\/jeunes-alpinistes\/wp-json\/wp\/v2\/posts\/3645\/revisions"}],"predecessor-version":[{"id":3647,"href":"https:\/\/www.ffcam38.com\/jeunes-alpinistes\/wp-json\/wp\/v2\/posts\/3645\/revisions\/3647"}],"wp:attachment":[{"href":"https:\/\/www.ffcam38.com\/jeunes-alpinistes\/wp-json\/wp\/v2\/media?parent=3645"}],"wp:term":[{"taxonomy":"category","embeddable":true,"href":"https:\/\/www.ffcam38.com\/jeunes-alpinistes\/wp-json\/wp\/v2\/categories?post=3645"},{"taxonomy":"post_tag","embeddable":true,"href":"https:\/\/www.ffcam38.com\/jeunes-alpinistes\/wp-json\/wp\/v2\/tags?post=3645"}],"curies":[{"name":"wp","href":"https:\/\/api.w.org\/{rel}","templated":true}]}}