{"id":3656,"date":"2018-03-28T14:19:48","date_gmt":"2018-03-28T13:19:48","guid":{"rendered":"http:\/\/jeunes-alpinistes.ffcam38.com\/?p=3656"},"modified":"2018-06-30T17:45:20","modified_gmt":"2018-06-30T16:45:20","slug":"we-goulotte-espoir-a-31-03-et-01-04","status":"publish","type":"post","link":"https:\/\/www.ffcam38.com\/jeunes-alpinistes\/2018\/03\/28\/we-goulotte-espoir-a-31-03-et-01-04\/","title":{"rendered":"WE GOULOTTE &#8211; ESPOIR A &#8211; 31\/03 et 01\/04 &#8211; ANNULE"},"content":{"rendered":"<p>Bonjour \u00e0 tous,<\/p>\n<p>la m\u00e9t\u00e9o annonc\u00e9e n&rsquo;est pas si pire mais les conditions ne permettent pas d&rsquo;envisager l&rsquo;escalade de goulottes.<\/p>\n<p>Donc le stage est d\u00e9cal\u00e9.<\/p>\n<p>A tout bient\u00f4t<\/p>\n<p>&nbsp;<\/p>\n<p>Bonjour \u00e0 tous,<\/p>\n<p>la m\u00e9t\u00e9o de ce we et les conditions actuelles de goulottes ne nous permettent pas de prendre une d\u00e9cision avant demain matin.<\/p>\n<p>De ce fait, merci de remplir d\u00e9j\u00e0 le tableau pour nous faire part de votre pr\u00e9sence ou non.<\/p>\n<p>https:\/\/docs.google.com\/spreadsheets\/d\/1WHqA1nPBBiFP94vl6IL88amU3gGUOhvaLNeMZvIRxjw\/edit?usp=sharing<\/p>\n","protected":false},"excerpt":{"rendered":"<p>Bonjour \u00e0 tous, la m\u00e9t\u00e9o annonc\u00e9e n&rsquo;est pas si pire mais les conditions ne permettent pas d&rsquo;envisager l&rsquo;escalade de goulottes. Donc le stage est d\u00e9cal\u00e9. A tout bient\u00f4t &nbsp; Bonjour \u00e0 tous, la m\u00e9t\u00e9o de ce we et les conditions actuelles de goulottes ne nous permettent pas de prendre une d\u00e9cision avant demain matin. De ce fait, merci de remplir d\u00e9j\u00e0 le tableau pour nous faire part de votre pr\u00e9sence ou non. https:\/\/docs.google.com\/spreadsheets\/d\/1WHqA1nPBBiFP94vl6IL88amU3gGUOhvaLNeMZvIRxjw\/edit?usp=sharing<\/p>\n","protected":false},"author":2,"featured_media":0,"comment_status":"open","ping_status":"open","sticky":false,"template":"","format":"standard","meta":{"footnotes":""},"categories":[35,8,22,23],"tags":[],"class_list":["post-3656","post","type-post","status-publish","format-standard","hentry","category-actualites","category-programme-previ","category-programme-previ-espoir-1","category-programme-previ-espoir-2"],"_links":{"self":[{"href":"https:\/\/www.ffcam38.com\/jeunes-alpinistes\/wp-json\/wp\/v2\/posts\/3656","targetHints":{"allow":["GET"]}}],"collection":[{"href":"https:\/\/www.ffcam38.com\/jeunes-alpinistes\/wp-json\/wp\/v2\/posts"}],"about":[{"href":"https:\/\/www.ffcam38.com\/jeunes-alpinistes\/wp-json\/wp\/v2\/types\/post"}],"author":[{"embeddable":true,"href":"https:\/\/www.ffcam38.com\/jeunes-alpinistes\/wp-json\/wp\/v2\/users\/2"}],"replies":[{"embeddable":true,"href":"https:\/\/www.ffcam38.com\/jeunes-alpinistes\/wp-json\/wp\/v2\/comments?post=3656"}],"version-history":[{"count":4,"href":"https:\/\/www.ffcam38.com\/jeunes-alpinistes\/wp-json\/wp\/v2\/posts\/3656\/revisions"}],"predecessor-version":[{"id":3660,"href":"https:\/\/www.ffcam38.com\/jeunes-alpinistes\/wp-json\/wp\/v2\/posts\/3656\/revisions\/3660"}],"wp:attachment":[{"href":"https:\/\/www.ffcam38.com\/jeunes-alpinistes\/wp-json\/wp\/v2\/media?parent=3656"}],"wp:term":[{"taxonomy":"category","embeddable":true,"href":"https:\/\/www.ffcam38.com\/jeunes-alpinistes\/wp-json\/wp\/v2\/categories?post=3656"},{"taxonomy":"post_tag","embeddable":true,"href":"https:\/\/www.ffcam38.com\/jeunes-alpinistes\/wp-json\/wp\/v2\/tags?post=3656"}],"curies":[{"name":"wp","href":"https:\/\/api.w.org\/{rel}","templated":true}]}}