{"id":3684,"date":"2018-05-15T13:15:06","date_gmt":"2018-05-15T12:15:06","guid":{"rendered":"http:\/\/jeunes-alpinistes.ffcam38.com\/?p=3684"},"modified":"2018-06-30T17:29:46","modified_gmt":"2018-06-30T16:29:46","slug":"rattrapage-we-espoir-en-juillet","status":"publish","type":"post","link":"https:\/\/www.ffcam38.com\/jeunes-alpinistes\/2018\/05\/15\/rattrapage-we-espoir-en-juillet\/","title":{"rendered":"Rattrapage WE espoir en juillet !"},"content":{"rendered":"<p>Salut les espoirs,<\/p>\n<p>Nous n&rsquo;avons pas \u00e9t\u00e9 particuli\u00e8rement chanceux ce printemps avec la m\u00e9t\u00e9o et les reports et annulations de weekends se sont multipli\u00e9s.<br \/>\nDu coup on vous propose un programme de rattrapage au mois de juillet avec Victor, tendance belles courses d&rsquo;alpi \u00e0 Chamonix ou en Oisans.<\/p>\n<p>2 weekends propos\u00e9s, 6 espoirs max par weekend, inscrivez vous suivant vos pr\u00e9f\u00e9rences et arrangez vous entre vous, destination d\u00e9cid\u00e9e au dernier moment suivant les condis et la m\u00e9t\u00e9o, pr\u00e9parez la tirelire au cas o\u00f9 pour la benne ou le refuge (c&rsquo;est un peu le weekend \u00ab\u00a0luxe\u00a0\u00bb de l&rsquo;ann\u00e9e !)<\/p>\n<p style=\"text-align: center;\"><strong>Les 14\/15 juillet et 21\/22 juillet, <a href=\"https:\/\/docs.google.com\/spreadsheets\/d\/1WHqA1nPBBiFP94vl6IL88amU3gGUOhvaLNeMZvIRxjw\/edit#gid=1973672545\">tableau d&rsquo;orga ici<\/a> !<\/strong><\/p>\n<p><a href=\"https:\/\/www.ffcam38.com\/jeunes-alpinistes\/wp-content\/uploads\/2018\/05\/Glacier-Noir-V3.jpg\"><img loading=\"lazy\" decoding=\"async\" class=\"aligncenter wp-image-3686 size-large\" src=\"https:\/\/www.ffcam38.com\/jeunes-alpinistes\/wp-content\/uploads\/2018\/05\/Glacier-Noir-V3-1024x341.jpg\" alt=\"\" width=\"640\" height=\"213\" srcset=\"https:\/\/www.ffcam38.com\/jeunes-alpinistes\/wp-content\/uploads\/2018\/05\/Glacier-Noir-V3-1024x341.jpg 1024w, https:\/\/www.ffcam38.com\/jeunes-alpinistes\/wp-content\/uploads\/2018\/05\/Glacier-Noir-V3-300x100.jpg 300w, https:\/\/www.ffcam38.com\/jeunes-alpinistes\/wp-content\/uploads\/2018\/05\/Glacier-Noir-V3-768x256.jpg 768w, https:\/\/www.ffcam38.com\/jeunes-alpinistes\/wp-content\/uploads\/2018\/05\/Glacier-Noir-V3-604x201.jpg 604w, https:\/\/www.ffcam38.com\/jeunes-alpinistes\/wp-content\/uploads\/2018\/05\/Glacier-Noir-V3.jpg 1600w\" sizes=\"auto, (max-width: 640px) 100vw, 640px\" \/><\/a><\/p>\n","protected":false},"excerpt":{"rendered":"<p>Salut les espoirs, Nous n&rsquo;avons pas \u00e9t\u00e9 particuli\u00e8rement chanceux ce printemps avec la m\u00e9t\u00e9o et les reports et annulations de weekends se sont multipli\u00e9s. Du coup on vous propose un programme de rattrapage au mois de juillet avec Victor, tendance belles courses d&rsquo;alpi \u00e0 Chamonix ou en Oisans. 2 weekends propos\u00e9s, 6 espoirs max par weekend, inscrivez vous suivant vos pr\u00e9f\u00e9rences et arrangez vous entre vous, destination d\u00e9cid\u00e9e au dernier moment suivant les condis et la m\u00e9t\u00e9o, pr\u00e9parez la tirelire&#8230;<\/p>\n<p class=\"read-more\"><a class=\"btn btn-default\" href=\"https:\/\/www.ffcam38.com\/jeunes-alpinistes\/2018\/05\/15\/rattrapage-we-espoir-en-juillet\/\">Lire la suite<span class=\"screen-reader-text\"> Lire la suite<\/span><\/a><\/p>\n","protected":false},"author":2,"featured_media":0,"comment_status":"open","ping_status":"open","sticky":false,"template":"","format":"standard","meta":{"footnotes":""},"categories":[35,8,22,23],"tags":[],"class_list":["post-3684","post","type-post","status-publish","format-standard","hentry","category-actualites","category-programme-previ","category-programme-previ-espoir-1","category-programme-previ-espoir-2"],"_links":{"self":[{"href":"https:\/\/www.ffcam38.com\/jeunes-alpinistes\/wp-json\/wp\/v2\/posts\/3684","targetHints":{"allow":["GET"]}}],"collection":[{"href":"https:\/\/www.ffcam38.com\/jeunes-alpinistes\/wp-json\/wp\/v2\/posts"}],"about":[{"href":"https:\/\/www.ffcam38.com\/jeunes-alpinistes\/wp-json\/wp\/v2\/types\/post"}],"author":[{"embeddable":true,"href":"https:\/\/www.ffcam38.com\/jeunes-alpinistes\/wp-json\/wp\/v2\/users\/2"}],"replies":[{"embeddable":true,"href":"https:\/\/www.ffcam38.com\/jeunes-alpinistes\/wp-json\/wp\/v2\/comments?post=3684"}],"version-history":[{"count":2,"href":"https:\/\/www.ffcam38.com\/jeunes-alpinistes\/wp-json\/wp\/v2\/posts\/3684\/revisions"}],"predecessor-version":[{"id":3687,"href":"https:\/\/www.ffcam38.com\/jeunes-alpinistes\/wp-json\/wp\/v2\/posts\/3684\/revisions\/3687"}],"wp:attachment":[{"href":"https:\/\/www.ffcam38.com\/jeunes-alpinistes\/wp-json\/wp\/v2\/media?parent=3684"}],"wp:term":[{"taxonomy":"category","embeddable":true,"href":"https:\/\/www.ffcam38.com\/jeunes-alpinistes\/wp-json\/wp\/v2\/categories?post=3684"},{"taxonomy":"post_tag","embeddable":true,"href":"https:\/\/www.ffcam38.com\/jeunes-alpinistes\/wp-json\/wp\/v2\/tags?post=3684"}],"curies":[{"name":"wp","href":"https:\/\/api.w.org\/{rel}","templated":true}]}}