{"id":3769,"date":"2018-07-10T13:48:14","date_gmt":"2018-07-10T12:48:14","guid":{"rendered":"http:\/\/jeunes-alpinistes.ffcam38.com\/?p=3769"},"modified":"2018-07-19T10:50:06","modified_gmt":"2018-07-19T09:50:06","slug":"we-espoir-14-et-15-juillet","status":"publish","type":"post","link":"https:\/\/www.ffcam38.com\/jeunes-alpinistes\/2018\/07\/10\/we-espoir-14-et-15-juillet\/","title":{"rendered":"WE ESPOIR 14 et 15 JUILLET"},"content":{"rendered":"<p>Bonjour \u00e0 tous,<\/p>\n<p>Pour ce we comme pr\u00e9vu je vous propose de grimper autour du refuge d\u2019Argentiere.<br \/>\nJ\u2019ai r\u00e9serv\u00e9 le refuge. La demi pension est de 53\u20ac, si cela pose un probl\u00e8me faites-le moi savoir le + vite possible.<br \/>\nAussi je vous propose un rdv \u00e0 7.30 \u00e0 la benne des grands montets. Ensuite on d\u00e9terminera les objectifs. Si vous avez d\u00e9j\u00e0 des id\u00e9es organisez vous et faites le moi savoir. Le + coh\u00e9rent avec la m\u00e9t\u00e9o annonc\u00e9e c\u2019est de faire du granite \u00e0 la journ\u00e9e (minaret, aiguille du refuge, vers les gardes du plateau,vierge)<br \/>\nPr\u00e9voir donc le mat\u00e9riel pour approches glaciaires et pour grimper en granite.<br \/>\nA bient\u00f4t<\/p>\n","protected":false},"excerpt":{"rendered":"<p>Bonjour \u00e0 tous, Pour ce we comme pr\u00e9vu je vous propose de grimper autour du refuge d\u2019Argentiere. J\u2019ai r\u00e9serv\u00e9 le refuge. La demi pension est de 53\u20ac, si cela pose un probl\u00e8me faites-le moi savoir le + vite possible. Aussi je vous propose un rdv \u00e0 7.30 \u00e0 la benne des grands montets. Ensuite on d\u00e9terminera les objectifs. Si vous avez d\u00e9j\u00e0 des id\u00e9es organisez vous et faites le moi savoir. Le + coh\u00e9rent avec la m\u00e9t\u00e9o annonc\u00e9e c\u2019est de&#8230;<\/p>\n<p class=\"read-more\"><a class=\"btn btn-default\" href=\"https:\/\/www.ffcam38.com\/jeunes-alpinistes\/2018\/07\/10\/we-espoir-14-et-15-juillet\/\">Lire la suite<span class=\"screen-reader-text\"> Lire la suite<\/span><\/a><\/p>\n","protected":false},"author":2,"featured_media":0,"comment_status":"open","ping_status":"open","sticky":false,"template":"","format":"standard","meta":{"footnotes":""},"categories":[35,8,23],"tags":[],"class_list":["post-3769","post","type-post","status-publish","format-standard","hentry","category-actualites","category-programme-previ","category-programme-previ-espoir-2"],"_links":{"self":[{"href":"https:\/\/www.ffcam38.com\/jeunes-alpinistes\/wp-json\/wp\/v2\/posts\/3769","targetHints":{"allow":["GET"]}}],"collection":[{"href":"https:\/\/www.ffcam38.com\/jeunes-alpinistes\/wp-json\/wp\/v2\/posts"}],"about":[{"href":"https:\/\/www.ffcam38.com\/jeunes-alpinistes\/wp-json\/wp\/v2\/types\/post"}],"author":[{"embeddable":true,"href":"https:\/\/www.ffcam38.com\/jeunes-alpinistes\/wp-json\/wp\/v2\/users\/2"}],"replies":[{"embeddable":true,"href":"https:\/\/www.ffcam38.com\/jeunes-alpinistes\/wp-json\/wp\/v2\/comments?post=3769"}],"version-history":[{"count":1,"href":"https:\/\/www.ffcam38.com\/jeunes-alpinistes\/wp-json\/wp\/v2\/posts\/3769\/revisions"}],"predecessor-version":[{"id":3770,"href":"https:\/\/www.ffcam38.com\/jeunes-alpinistes\/wp-json\/wp\/v2\/posts\/3769\/revisions\/3770"}],"wp:attachment":[{"href":"https:\/\/www.ffcam38.com\/jeunes-alpinistes\/wp-json\/wp\/v2\/media?parent=3769"}],"wp:term":[{"taxonomy":"category","embeddable":true,"href":"https:\/\/www.ffcam38.com\/jeunes-alpinistes\/wp-json\/wp\/v2\/categories?post=3769"},{"taxonomy":"post_tag","embeddable":true,"href":"https:\/\/www.ffcam38.com\/jeunes-alpinistes\/wp-json\/wp\/v2\/tags?post=3769"}],"curies":[{"name":"wp","href":"https:\/\/api.w.org\/{rel}","templated":true}]}}