{"id":3776,"date":"2018-07-19T21:14:32","date_gmt":"2018-07-19T20:14:32","guid":{"rendered":"http:\/\/jeunes-alpinistes.ffcam38.com\/?p=3776"},"modified":"2018-09-24T15:51:15","modified_gmt":"2018-09-24T14:51:15","slug":"survie-des-jeunes-alpi-iserois-a-chamonix-sans-laiguille-du-midi-we-22-23-24-juin","status":"publish","type":"post","link":"https:\/\/www.ffcam38.com\/jeunes-alpinistes\/2018\/07\/19\/survie-des-jeunes-alpi-iserois-a-chamonix-sans-laiguille-du-midi-we-22-23-24-juin\/","title":{"rendered":"Survie des jeunes alpi is\u00e9rois \u00e0 Chamonix sans l&rsquo;Aiguille du Midi                                 WE 22\/23\/24 Juin"},"content":{"rendered":"<p style=\"text-align: center\"><strong>La t\u00e9l\u00e9cabine de l\u2019Aiguille du Midi ferm\u00e9e, pas de forfait pour atteindre le Skyway, comment des alpinistes peuvent survivre \u00e0 Chamonix\u00a0??<\/strong><\/p>\n<p style=\"text-align: center\"><strong>Pas de panique, les \u00e9quipes jeunes ont plus d\u2019un tour dans leur sac. Gr\u00e2ce \u00e0 l\u2019inventivit\u00e9 de nos chers guides, nous avons trouv\u00e9 de quoi nous occuper pendant ces 3 jours\u00a0: le massif des Aiguilles rouges, les Aiguilles de Chamonix, les grands Montets, \u2026sans oublier le buffet \u00e0 volont\u00e9 \u00e0 l\u2019UCPA, la piscine avec vue, et le sauna\u00a0!<\/strong><\/p>\n<p style=\"text-align: center\"><strong>Nous vous livrons donc les secrets de notre joyeuse aventure \u00e0 Chamonix\u00a0! \u00a0<\/strong><\/p>\n<p>&nbsp;<\/p>\n<p>J1\u00a0: Arriv\u00e9e\u00a0 tr\u00e8s matinale\u00a0d\u2019une premi\u00e8re partie du groupe ! Au programme apr\u00e8s une courte nuit en f\u00eatant la musique,<\/p>\n<p>le groupe se scinde en 2\u00a0 :<\/p>\n<ul>\n<li><em>Les puristes du rocher<\/em>\u00a0: grandes voies en trad au Br\u00e9vent, entre ombre et nuages\u00a0!<\/li>\n<li><em>Les amateurs de neige<\/em>\u00a0: petite Aiguille Verte et ar\u00eate du petit Belv\u00e9d\u00e8re, entre soleil \u2026 et soleil<\/li>\n<\/ul>\n<p>Apr\u00e8s une belle journ\u00e9e d&rsquo;acclimatation \u00e0 l&rsquo;air chamoniard nous avons d\u00e9couvert le refuge grand luxe qu&rsquo;est l&rsquo;UCPA d&rsquo;Argenti\u00e8re. Puis nous avons profit\u00e9 de ses avantages : le buffet \u00e0 volont\u00e9 !<\/p>\n<p><a href=\"https:\/\/www.ffcam38.com\/jeunes-alpinistes\/wp-content\/uploads\/2018\/07\/P1040635.jpg\"><img loading=\"lazy\" decoding=\"async\" class=\"alignnone wp-image-3779\" src=\"https:\/\/www.ffcam38.com\/jeunes-alpinistes\/wp-content\/uploads\/2018\/07\/P1040635-300x210.jpg\" alt=\"\" width=\"300\" height=\"210\" srcset=\"https:\/\/www.ffcam38.com\/jeunes-alpinistes\/wp-content\/uploads\/2018\/07\/P1040635-300x210.jpg 300w, https:\/\/www.ffcam38.com\/jeunes-alpinistes\/wp-content\/uploads\/2018\/07\/P1040635-768x537.jpg 768w, https:\/\/www.ffcam38.com\/jeunes-alpinistes\/wp-content\/uploads\/2018\/07\/P1040635-1024x716.jpg 1024w, https:\/\/www.ffcam38.com\/jeunes-alpinistes\/wp-content\/uploads\/2018\/07\/P1040635-386x270.jpg 386w, https:\/\/www.ffcam38.com\/jeunes-alpinistes\/wp-content\/uploads\/2018\/07\/P1040635.jpg 1144w\" sizes=\"auto, (max-width: 300px) 100vw, 300px\" \/><\/a>\u00a0\u00a0<a href=\"https:\/\/www.ffcam38.com\/jeunes-alpinistes\/wp-content\/uploads\/2018\/07\/P1040649-1.jpg\"><img loading=\"lazy\" decoding=\"async\" class=\"size-medium wp-image-3780 alignright\" src=\"https:\/\/www.ffcam38.com\/jeunes-alpinistes\/wp-content\/uploads\/2018\/07\/P1040649-1-300x210.jpg\" alt=\"\" width=\"300\" height=\"210\" srcset=\"https:\/\/www.ffcam38.com\/jeunes-alpinistes\/wp-content\/uploads\/2018\/07\/P1040649-1-300x210.jpg 300w, https:\/\/www.ffcam38.com\/jeunes-alpinistes\/wp-content\/uploads\/2018\/07\/P1040649-1-768x537.jpg 768w, https:\/\/www.ffcam38.com\/jeunes-alpinistes\/wp-content\/uploads\/2018\/07\/P1040649-1-1024x716.jpg 1024w, https:\/\/www.ffcam38.com\/jeunes-alpinistes\/wp-content\/uploads\/2018\/07\/P1040649-1-386x270.jpg 386w, https:\/\/www.ffcam38.com\/jeunes-alpinistes\/wp-content\/uploads\/2018\/07\/P1040649-1.jpg 1144w\" sizes=\"auto, (max-width: 300px) 100vw, 300px\" \/><\/a><\/p>\n<p><a href=\"https:\/\/www.ffcam38.com\/jeunes-alpinistes\/wp-content\/uploads\/2018\/07\/222F06-GV-Br\u00e9vent-3.jpg\"><img loading=\"lazy\" decoding=\"async\" class=\" wp-image-3785 aligncenter\" src=\"https:\/\/www.ffcam38.com\/jeunes-alpinistes\/wp-content\/uploads\/2018\/07\/222F06-GV-Br\u00e9vent-3-300x200.jpg\" alt=\"\" width=\"398\" height=\"265\" srcset=\"https:\/\/www.ffcam38.com\/jeunes-alpinistes\/wp-content\/uploads\/2018\/07\/222F06-GV-Br\u00e9vent-3-300x200.jpg 300w, https:\/\/www.ffcam38.com\/jeunes-alpinistes\/wp-content\/uploads\/2018\/07\/222F06-GV-Br\u00e9vent-3-768x512.jpg 768w, https:\/\/www.ffcam38.com\/jeunes-alpinistes\/wp-content\/uploads\/2018\/07\/222F06-GV-Br\u00e9vent-3-1024x683.jpg 1024w, https:\/\/www.ffcam38.com\/jeunes-alpinistes\/wp-content\/uploads\/2018\/07\/222F06-GV-Br\u00e9vent-3-405x270.jpg 405w\" sizes=\"auto, (max-width: 398px) 100vw, 398px\" \/><\/a><\/p>\n<p>&nbsp;<\/p>\n<p>J2\u00a0: Le groupe est au complet\u00a0! | De nombreux groupes se cr\u00e9ent pour composer avec les go\u00fbts et les couleurs de chacun :<\/p>\n<ul>\n<li><em>Les jeunes alpi qui veulent profiter des remont\u00e9es m\u00e9caniques aller ET retour<\/em>\u00a0: direction l\u2019arr\u00eate de la Chapelle des Gli\u00e8res, et la Face Est suivie de la travers\u00e9e des Aiguilles crochues dans les Aiguilles Rouges<\/li>\n<li><em>Les autres qui partent en sachant qu\u2019ils n\u2019auront pas les remont\u00e9es au retour<\/em>\u00a0: l\u2019Aiguille de l\u2019M par plusieurs itin\u00e9raires dans les Aiguilles de Chamonix, et une voie dans le Pouce dans les Aiguilles Rouges<\/li>\n<\/ul>\n<p>En attendant le retour des plus tardifs, pour ne pas s&rsquo;ennuyer certains\u00a0ont \u00e9t\u00e9 forc\u00e9s d&rsquo;aller d\u00e9couvrir le sauna et la piscine de l&rsquo;UCPA. La vie est dure &#8230;<\/p>\n<p>Pour reprendre des forces apr\u00e8s une longue journ\u00e9e, rien de mieux que le buffet XXL de l&rsquo;UCPA, et surtout les frites apparues \u00e0 la derni\u00e8re minute qui ont forc\u00e9 certains \u00e0 faire un second repas !<\/p>\n<p><a href=\"https:\/\/www.ffcam38.com\/jeunes-alpinistes\/wp-content\/uploads\/2018\/07\/232F06-Aiguille-de-lM-8.jpg\"><img loading=\"lazy\" decoding=\"async\" class=\"alignnone size-medium wp-image-3787\" src=\"https:\/\/www.ffcam38.com\/jeunes-alpinistes\/wp-content\/uploads\/2018\/07\/232F06-Aiguille-de-lM-8-300x200.jpg\" alt=\"\" width=\"300\" height=\"200\" srcset=\"https:\/\/www.ffcam38.com\/jeunes-alpinistes\/wp-content\/uploads\/2018\/07\/232F06-Aiguille-de-lM-8-300x200.jpg 300w, https:\/\/www.ffcam38.com\/jeunes-alpinistes\/wp-content\/uploads\/2018\/07\/232F06-Aiguille-de-lM-8-768x512.jpg 768w, https:\/\/www.ffcam38.com\/jeunes-alpinistes\/wp-content\/uploads\/2018\/07\/232F06-Aiguille-de-lM-8-1024x683.jpg 1024w, https:\/\/www.ffcam38.com\/jeunes-alpinistes\/wp-content\/uploads\/2018\/07\/232F06-Aiguille-de-lM-8-405x270.jpg 405w, https:\/\/www.ffcam38.com\/jeunes-alpinistes\/wp-content\/uploads\/2018\/07\/232F06-Aiguille-de-lM-8.jpg 1200w\" sizes=\"auto, (max-width: 300px) 100vw, 300px\" \/><\/a>\u00a0<a href=\"https:\/\/www.ffcam38.com\/jeunes-alpinistes\/wp-content\/uploads\/2018\/07\/232F06-Aiguille-de-lM-2.JPG.jpeg\"><img loading=\"lazy\" decoding=\"async\" class=\" wp-image-3786 alignright\" src=\"https:\/\/www.ffcam38.com\/jeunes-alpinistes\/wp-content\/uploads\/2018\/07\/232F06-Aiguille-de-lM-2.JPG-300x169.jpeg\" alt=\"\" width=\"353\" height=\"199\" srcset=\"https:\/\/www.ffcam38.com\/jeunes-alpinistes\/wp-content\/uploads\/2018\/07\/232F06-Aiguille-de-lM-2.JPG-300x169.jpeg 300w, https:\/\/www.ffcam38.com\/jeunes-alpinistes\/wp-content\/uploads\/2018\/07\/232F06-Aiguille-de-lM-2.JPG-768x431.jpeg 768w, https:\/\/www.ffcam38.com\/jeunes-alpinistes\/wp-content\/uploads\/2018\/07\/232F06-Aiguille-de-lM-2.JPG-1024x575.jpeg 1024w, https:\/\/www.ffcam38.com\/jeunes-alpinistes\/wp-content\/uploads\/2018\/07\/232F06-Aiguille-de-lM-2.JPG-481x270.jpeg 481w, https:\/\/www.ffcam38.com\/jeunes-alpinistes\/wp-content\/uploads\/2018\/07\/232F06-Aiguille-de-lM-2.JPG.jpeg 1424w\" sizes=\"auto, (max-width: 353px) 100vw, 353px\" \/>\u00a0<\/a><\/p>\n<p><a href=\"https:\/\/www.ffcam38.com\/jeunes-alpinistes\/wp-content\/uploads\/2018\/07\/P1040697.jpg\"><img loading=\"lazy\" decoding=\"async\" class=\"size-medium wp-image-3783 aligncenter\" src=\"https:\/\/www.ffcam38.com\/jeunes-alpinistes\/wp-content\/uploads\/2018\/07\/P1040697-198x300.jpg\" alt=\"\" width=\"198\" height=\"300\" srcset=\"https:\/\/www.ffcam38.com\/jeunes-alpinistes\/wp-content\/uploads\/2018\/07\/P1040697-198x300.jpg 198w, https:\/\/www.ffcam38.com\/jeunes-alpinistes\/wp-content\/uploads\/2018\/07\/P1040697-676x1024.jpg 676w, https:\/\/www.ffcam38.com\/jeunes-alpinistes\/wp-content\/uploads\/2018\/07\/P1040697-178x270.jpg 178w, https:\/\/www.ffcam38.com\/jeunes-alpinistes\/wp-content\/uploads\/2018\/07\/P1040697.jpg 528w\" sizes=\"auto, (max-width: 198px) 100vw, 198px\" \/><\/a><\/p>\n<p>J3\u00a0: Dernier jour de vadrouille pour certains \u00ad| Le temps se couvre dans l\u2019apr\u00e8s-midi, donc des sorties courtes sont au programme :<\/p>\n<ul>\n<li>P<em>our les amoureux des Aiguilles Rouges<\/em>\u00a0: Une travers\u00e9e, au nom impronon\u00e7able, Clocher Clocheton\u00a0; des voies en trad au Br\u00e9vent et l\u2019arr\u00eate de l\u2019Index<\/li>\n<li><em>Pour les nostalgiques de l\u2019hiver blanc que l\u2019on a eu<\/em>\u00a0: direction la petite Aiguille Verte<\/li>\n<\/ul>\n<p><a href=\"https:\/\/www.ffcam38.com\/jeunes-alpinistes\/wp-content\/uploads\/2018\/07\/242F06-Petite-Verte-6.jpg\"><img loading=\"lazy\" decoding=\"async\" class=\"alignnone size-medium wp-image-3789\" src=\"https:\/\/www.ffcam38.com\/jeunes-alpinistes\/wp-content\/uploads\/2018\/07\/242F06-Petite-Verte-6-300x200.jpg\" alt=\"\" width=\"300\" height=\"200\" srcset=\"https:\/\/www.ffcam38.com\/jeunes-alpinistes\/wp-content\/uploads\/2018\/07\/242F06-Petite-Verte-6-300x200.jpg 300w, https:\/\/www.ffcam38.com\/jeunes-alpinistes\/wp-content\/uploads\/2018\/07\/242F06-Petite-Verte-6-768x512.jpg 768w, https:\/\/www.ffcam38.com\/jeunes-alpinistes\/wp-content\/uploads\/2018\/07\/242F06-Petite-Verte-6-1024x683.jpg 1024w, https:\/\/www.ffcam38.com\/jeunes-alpinistes\/wp-content\/uploads\/2018\/07\/242F06-Petite-Verte-6-405x270.jpg 405w, https:\/\/www.ffcam38.com\/jeunes-alpinistes\/wp-content\/uploads\/2018\/07\/242F06-Petite-Verte-6.jpg 1200w\" sizes=\"auto, (max-width: 300px) 100vw, 300px\" \/><\/a><a href=\"https:\/\/www.ffcam38.com\/jeunes-alpinistes\/wp-content\/uploads\/2018\/07\/242F06-Petite-Verte-4.JPG.jpeg\"><img loading=\"lazy\" decoding=\"async\" class=\"size-medium wp-image-3788 alignright\" src=\"https:\/\/www.ffcam38.com\/jeunes-alpinistes\/wp-content\/uploads\/2018\/07\/242F06-Petite-Verte-4.JPG-300x200.jpeg\" alt=\"\" width=\"300\" height=\"200\" srcset=\"https:\/\/www.ffcam38.com\/jeunes-alpinistes\/wp-content\/uploads\/2018\/07\/242F06-Petite-Verte-4.JPG-300x200.jpeg 300w, https:\/\/www.ffcam38.com\/jeunes-alpinistes\/wp-content\/uploads\/2018\/07\/242F06-Petite-Verte-4.JPG-768x512.jpeg 768w, https:\/\/www.ffcam38.com\/jeunes-alpinistes\/wp-content\/uploads\/2018\/07\/242F06-Petite-Verte-4.JPG-1024x683.jpeg 1024w, https:\/\/www.ffcam38.com\/jeunes-alpinistes\/wp-content\/uploads\/2018\/07\/242F06-Petite-Verte-4.JPG-405x270.jpeg 405w, https:\/\/www.ffcam38.com\/jeunes-alpinistes\/wp-content\/uploads\/2018\/07\/242F06-Petite-Verte-4.JPG.jpeg 1200w\" sizes=\"auto, (max-width: 300px) 100vw, 300px\" \/><\/a><\/p>\n<p style=\"text-align: center\"><a href=\"https:\/\/www.ffcam38.com\/jeunes-alpinistes\/wp-content\/uploads\/2018\/07\/P1040717.jpg\"><img loading=\"lazy\" decoding=\"async\" class=\"size-medium wp-image-3784 aligncenter\" src=\"https:\/\/www.ffcam38.com\/jeunes-alpinistes\/wp-content\/uploads\/2018\/07\/P1040717-300x210.jpg\" alt=\"\" width=\"300\" height=\"210\" srcset=\"https:\/\/www.ffcam38.com\/jeunes-alpinistes\/wp-content\/uploads\/2018\/07\/P1040717-300x210.jpg 300w, https:\/\/www.ffcam38.com\/jeunes-alpinistes\/wp-content\/uploads\/2018\/07\/P1040717-768x537.jpg 768w, https:\/\/www.ffcam38.com\/jeunes-alpinistes\/wp-content\/uploads\/2018\/07\/P1040717-1024x716.jpg 1024w, https:\/\/www.ffcam38.com\/jeunes-alpinistes\/wp-content\/uploads\/2018\/07\/P1040717-386x270.jpg 386w, https:\/\/www.ffcam38.com\/jeunes-alpinistes\/wp-content\/uploads\/2018\/07\/P1040717.jpg 1144w\" sizes=\"auto, (max-width: 300px) 100vw, 300px\" \/><\/a><\/p>\n<p>&nbsp;<\/p>\n<p style=\"text-align: center\">Finalement passer 3 jours \u00e0 Chamonix sans l\u2019acc\u00e8s \u00e0 l\u2019Aiguille du\u00a0Midi c\u2019est faisable et m\u00eame fort agr\u00e9able ! Avec un soleil rayonnant et des courses magnifiques le probl\u00e8me est r\u00e9gl\u00e9\u00a0!<\/p>\n<p>&nbsp;<\/p>\n","protected":false},"excerpt":{"rendered":"<p>La t\u00e9l\u00e9cabine de l\u2019Aiguille du Midi ferm\u00e9e, pas de forfait pour atteindre le Skyway, comment des alpinistes peuvent survivre \u00e0 Chamonix\u00a0?? Pas de panique, les \u00e9quipes jeunes ont plus d\u2019un tour dans leur sac. Gr\u00e2ce \u00e0 l\u2019inventivit\u00e9 de nos chers guides, nous avons trouv\u00e9 de quoi nous occuper pendant ces 3 jours\u00a0: le massif des Aiguilles rouges, les Aiguilles de Chamonix, les grands Montets, \u2026sans oublier le buffet \u00e0 volont\u00e9 \u00e0 l\u2019UCPA, la piscine avec vue, et le sauna\u00a0! Nous&#8230;<\/p>\n<p class=\"read-more\"><a class=\"btn btn-default\" href=\"https:\/\/www.ffcam38.com\/jeunes-alpinistes\/2018\/07\/19\/survie-des-jeunes-alpi-iserois-a-chamonix-sans-laiguille-du-midi-we-22-23-24-juin\/\">Lire la suite<span class=\"screen-reader-text\"> Lire la suite<\/span><\/a><\/p>\n","protected":false},"author":2,"featured_media":3777,"comment_status":"open","ping_status":"open","sticky":false,"template":"","format":"image","meta":{"footnotes":""},"categories":[10,30,31,32,33],"tags":[],"class_list":["post-3776","post","type-post","status-publish","format-image","has-post-thumbnail","hentry","category-les-sorties","category-sorties-espoir-1","category-sorties-espoir-2","category-sorties-promo-1","category-sorties-promo-2","post_format-post-format-image"],"_links":{"self":[{"href":"https:\/\/www.ffcam38.com\/jeunes-alpinistes\/wp-json\/wp\/v2\/posts\/3776","targetHints":{"allow":["GET"]}}],"collection":[{"href":"https:\/\/www.ffcam38.com\/jeunes-alpinistes\/wp-json\/wp\/v2\/posts"}],"about":[{"href":"https:\/\/www.ffcam38.com\/jeunes-alpinistes\/wp-json\/wp\/v2\/types\/post"}],"author":[{"embeddable":true,"href":"https:\/\/www.ffcam38.com\/jeunes-alpinistes\/wp-json\/wp\/v2\/users\/2"}],"replies":[{"embeddable":true,"href":"https:\/\/www.ffcam38.com\/jeunes-alpinistes\/wp-json\/wp\/v2\/comments?post=3776"}],"version-history":[{"count":8,"href":"https:\/\/www.ffcam38.com\/jeunes-alpinistes\/wp-json\/wp\/v2\/posts\/3776\/revisions"}],"predecessor-version":[{"id":3801,"href":"https:\/\/www.ffcam38.com\/jeunes-alpinistes\/wp-json\/wp\/v2\/posts\/3776\/revisions\/3801"}],"wp:featuredmedia":[{"embeddable":true,"href":"https:\/\/www.ffcam38.com\/jeunes-alpinistes\/wp-json\/wp\/v2\/media\/3777"}],"wp:attachment":[{"href":"https:\/\/www.ffcam38.com\/jeunes-alpinistes\/wp-json\/wp\/v2\/media?parent=3776"}],"wp:term":[{"taxonomy":"category","embeddable":true,"href":"https:\/\/www.ffcam38.com\/jeunes-alpinistes\/wp-json\/wp\/v2\/categories?post=3776"},{"taxonomy":"post_tag","embeddable":true,"href":"https:\/\/www.ffcam38.com\/jeunes-alpinistes\/wp-json\/wp\/v2\/tags?post=3776"}],"curies":[{"name":"wp","href":"https:\/\/api.w.org\/{rel}","templated":true}]}}