{"id":3939,"date":"2018-10-08T09:42:57","date_gmt":"2018-10-08T08:42:57","guid":{"rendered":"http:\/\/jeunes-alpinistes.ffcam38.com\/?p=3939"},"modified":"2019-02-28T09:56:10","modified_gmt":"2019-02-28T08:56:10","slug":"we-fondamentaux-promo-13-14-octobre","status":"publish","type":"post","link":"https:\/\/www.ffcam38.com\/jeunes-alpinistes\/2018\/10\/08\/we-fondamentaux-promo-13-14-octobre\/","title":{"rendered":"WE Fondamentaux Promo 13\/14 octobre 2018"},"content":{"rendered":"<p>Salut \u00e0 tous,<\/p>\n<p>Le weekend du <strong>13\/14 octobre<\/strong>, premier stage pour les 2 \u00e9quipes Promo (P1 et P2), th\u00e8me <strong>fondamentaux manips\/terrain d&rsquo;av<\/strong>.<\/p>\n<p>Ben vous emm\u00e8ne sur un super spot secret \u00e0 <strong>Presles<\/strong> le premier jour pour devenir experts en placement de coinceurs et triangulation de relais.<br \/>\nLe samedi soir, direction la <strong>Chartreuse<\/strong> pour d\u00eener, soir\u00e9e et concert au <a href=\"http:\/\/cd-isere.ffcam.fr\/grand-parcours-randonnee-alpine.html\">Grand Parcours<\/a>, il va falloir mettre l&rsquo;ambiance et rajeunir la moyenne d&rsquo;age ! Nuit sous tente mais confort puisque \u00e0 cot\u00e9 des voitures et du centre de vacance o\u00f9 se d\u00e9roule le GP.<br \/>\nDimanche, mise en pratique sur quelques grandes voies et itin\u00e9raires de choix autour de Chamechaude des bases revues la veille.<\/p>\n<p>Pr\u00e9voir tout son <strong>matos de rocher\/terrain d&rsquo;av + tente, duvet et matelas.<\/strong> Le repas du samedi est pris en charge par le CD38 mais pr\u00e9voyez quelques euros pour les bi\u00e8res et pour payer les covoits !<\/p>\n<p>Comme d&rsquo;hab, on confirme sa participation et on cale l&rsquo;organisation sur le <strong>google doc <a href=\"https:\/\/docs.google.com\/spreadsheets\/d\/1nnJytzxJT8ohJx3ZDq0vO9f9tPEi7DoN5kIKigbKXv0\/edit#gid=2027550244\">ici<\/a><\/strong> !<\/p>\n<p><a href=\"https:\/\/www.ffcam38.com\/jeunes-alpinistes\/wp-content\/uploads\/2017\/10\/samivel-e1506930076807.jpg\"><img loading=\"lazy\" decoding=\"async\" class=\"size-full wp-image-3496 aligncenter\" src=\"https:\/\/www.ffcam38.com\/jeunes-alpinistes\/wp-content\/uploads\/2017\/10\/samivel-e1506930076807.jpg\" alt=\"\" width=\"537\" height=\"736\" srcset=\"https:\/\/www.ffcam38.com\/jeunes-alpinistes\/wp-content\/uploads\/2017\/10\/samivel-e1506930076807.jpg 537w, https:\/\/www.ffcam38.com\/jeunes-alpinistes\/wp-content\/uploads\/2017\/10\/samivel-e1506930076807-219x300.jpg 219w, https:\/\/www.ffcam38.com\/jeunes-alpinistes\/wp-content\/uploads\/2017\/10\/samivel-e1506930076807-197x270.jpg 197w\" sizes=\"auto, (max-width: 537px) 100vw, 537px\" \/><\/a><\/p>\n","protected":false},"excerpt":{"rendered":"<p>Salut \u00e0 tous, Le weekend du 13\/14 octobre, premier stage pour les 2 \u00e9quipes Promo (P1 et P2), th\u00e8me fondamentaux manips\/terrain d&rsquo;av. Ben vous emm\u00e8ne sur un super spot secret \u00e0 Presles le premier jour pour devenir experts en placement de coinceurs et triangulation de relais. Le samedi soir, direction la Chartreuse pour d\u00eener, soir\u00e9e et concert au Grand Parcours, il va falloir mettre l&rsquo;ambiance et rajeunir la moyenne d&rsquo;age ! Nuit sous tente mais confort puisque \u00e0 cot\u00e9 des&#8230;<\/p>\n<p class=\"read-more\"><a class=\"btn btn-default\" href=\"https:\/\/www.ffcam38.com\/jeunes-alpinistes\/2018\/10\/08\/we-fondamentaux-promo-13-14-octobre\/\">Lire la suite<span class=\"screen-reader-text\"> Lire la suite<\/span><\/a><\/p>\n","protected":false},"author":2,"featured_media":0,"comment_status":"open","ping_status":"open","sticky":false,"template":"","format":"standard","meta":{"footnotes":""},"categories":[35,8,24,25],"tags":[],"class_list":["post-3939","post","type-post","status-publish","format-standard","hentry","category-actualites","category-programme-previ","category-programme-previ-promo-1","category-programme-previ-promo-2"],"_links":{"self":[{"href":"https:\/\/www.ffcam38.com\/jeunes-alpinistes\/wp-json\/wp\/v2\/posts\/3939","targetHints":{"allow":["GET"]}}],"collection":[{"href":"https:\/\/www.ffcam38.com\/jeunes-alpinistes\/wp-json\/wp\/v2\/posts"}],"about":[{"href":"https:\/\/www.ffcam38.com\/jeunes-alpinistes\/wp-json\/wp\/v2\/types\/post"}],"author":[{"embeddable":true,"href":"https:\/\/www.ffcam38.com\/jeunes-alpinistes\/wp-json\/wp\/v2\/users\/2"}],"replies":[{"embeddable":true,"href":"https:\/\/www.ffcam38.com\/jeunes-alpinistes\/wp-json\/wp\/v2\/comments?post=3939"}],"version-history":[{"count":3,"href":"https:\/\/www.ffcam38.com\/jeunes-alpinistes\/wp-json\/wp\/v2\/posts\/3939\/revisions"}],"predecessor-version":[{"id":4446,"href":"https:\/\/www.ffcam38.com\/jeunes-alpinistes\/wp-json\/wp\/v2\/posts\/3939\/revisions\/4446"}],"wp:attachment":[{"href":"https:\/\/www.ffcam38.com\/jeunes-alpinistes\/wp-json\/wp\/v2\/media?parent=3939"}],"wp:term":[{"taxonomy":"category","embeddable":true,"href":"https:\/\/www.ffcam38.com\/jeunes-alpinistes\/wp-json\/wp\/v2\/categories?post=3939"},{"taxonomy":"post_tag","embeddable":true,"href":"https:\/\/www.ffcam38.com\/jeunes-alpinistes\/wp-json\/wp\/v2\/tags?post=3939"}],"curies":[{"name":"wp","href":"https:\/\/api.w.org\/{rel}","templated":true}]}}