{"id":4222,"date":"2019-03-06T23:34:12","date_gmt":"2019-03-06T22:34:12","guid":{"rendered":"http:\/\/jeunes-alpinistes.ffcam38.com\/?p=4222"},"modified":"2019-03-07T21:33:42","modified_gmt":"2019-03-07T20:33:42","slug":"entre-rocher-et-neige-il-y-a-plus-de-saison-ma-pov-lucette","status":"publish","type":"post","link":"https:\/\/www.ffcam38.com\/jeunes-alpinistes\/2019\/03\/06\/entre-rocher-et-neige-il-y-a-plus-de-saison-ma-pov-lucette\/","title":{"rendered":"Entre rocher et neige&#8230; \u00ab\u00a0il y a plus de saison ma pov&rsquo; Lucette !\u00a0\u00bb 2-3\/03\/2019"},"content":{"rendered":"\n<p>Samedi 2 mars 2019, 8h05, une belle \u00e9quipe de lascars et lascardes se retrouve \u00e0 Uriage et va bon train. Piolets affut\u00e9s, et doudounes d\u00e9ball\u00e9es, nous voil\u00e0 fort attel\u00e9s \u00e0 pr\u00e9parer les cord\u00e9es. <br><br>L&rsquo;objectif du samedi est simple : s&rsquo;enjailler de rocher, de neige ou de glace, en acheminant notre carrosse jusqu&rsquo;\u00e0 la Grave, o\u00f9 nous passerons ensuite la nuit. <br><br>Le groupe se divise alors imm\u00e9diatement en deux cat\u00e9gories : les gens qui iront faire \u00ab\u00a0Beurre-Sucre\u00a0\u00bb \u00e0 Vaujany (goulotte\/glace), plan on ne peut plus all\u00e9chant et rassurant,  et ceux qui se lanceront \u00e0 l&rsquo;attaque des ar\u00eates de la Bruy\u00e8re, derri\u00e8re le col du Lautaret, plan pour le coup plut\u00f4t joueur et al\u00e9atoire. Comme on dit chez nous : surprise du chef ! <\/p>\n\n\n\n<div class=\"wp-block-image\"><figure class=\"aligncenter\"><img loading=\"lazy\" decoding=\"async\" width=\"683\" height=\"1024\" src=\"https:\/\/www.ffcam38.com\/jeunes-alpinistes\/wp-content\/uploads\/2019\/03\/2019_03_02_beurresucre-petitsillon_0008-683x1024.jpg\" alt=\"\" class=\"wp-image-4223\" srcset=\"https:\/\/www.ffcam38.com\/jeunes-alpinistes\/wp-content\/uploads\/2019\/03\/2019_03_02_beurresucre-petitsillon_0008-683x1024.jpg 683w, https:\/\/www.ffcam38.com\/jeunes-alpinistes\/wp-content\/uploads\/2019\/03\/2019_03_02_beurresucre-petitsillon_0008-200x300.jpg 200w, https:\/\/www.ffcam38.com\/jeunes-alpinistes\/wp-content\/uploads\/2019\/03\/2019_03_02_beurresucre-petitsillon_0008-768x1152.jpg 768w, https:\/\/www.ffcam38.com\/jeunes-alpinistes\/wp-content\/uploads\/2019\/03\/2019_03_02_beurresucre-petitsillon_0008-180x270.jpg 180w, https:\/\/www.ffcam38.com\/jeunes-alpinistes\/wp-content\/uploads\/2019\/03\/2019_03_02_beurresucre-petitsillon_0008.jpg 533w\" sizes=\"auto, (max-width: 683px) 100vw, 683px\" \/><figcaption>No\u00e9, dans la premi\u00e8re longueur en glace (4) de \u00ab\u00a0Beurre-Sucre\u00a0\u00bb (Grandes Rousses)<\/figcaption><\/figure><\/div>\n\n\n\n<div class=\"wp-block-image\"><figure class=\"aligncenter\"><img loading=\"lazy\" decoding=\"async\" width=\"1024\" height=\"636\" src=\"https:\/\/www.ffcam38.com\/jeunes-alpinistes\/wp-content\/uploads\/2019\/03\/photo-1024x636.png\" alt=\"\" class=\"wp-image-4224\" srcset=\"https:\/\/www.ffcam38.com\/jeunes-alpinistes\/wp-content\/uploads\/2019\/03\/photo-1024x636.png 1024w, https:\/\/www.ffcam38.com\/jeunes-alpinistes\/wp-content\/uploads\/2019\/03\/photo-300x186.png 300w, https:\/\/www.ffcam38.com\/jeunes-alpinistes\/wp-content\/uploads\/2019\/03\/photo-768x477.png 768w, https:\/\/www.ffcam38.com\/jeunes-alpinistes\/wp-content\/uploads\/2019\/03\/photo-434x270.png 434w, https:\/\/www.ffcam38.com\/jeunes-alpinistes\/wp-content\/uploads\/2019\/03\/photo.png 1287w\" sizes=\"auto, (max-width: 1024px) 100vw, 1024px\" \/><figcaption>Approche en ski des Ar\u00eates de la Bruy\u00e8re (Cerces) &#8211; \u00e0 droite les ar\u00eates<\/figcaption><\/figure><\/div>\n\n\n\n<p>Alors que nous laissons No\u00e9, Oscar et Nicolas s&rsquo;occuper avec attention du Su-sucre, deux heures plus tard nous voil\u00e0 derri\u00e8re le col de Lautaret, au virage du Pont de l&rsquo;Alpe, o\u00f9 nous retrouvons Victor. Et hop, id\u00e9e farfelue et soleil tapant, \u00e0 10h30 tout le monde a quitt\u00e9 le parking. Nous formons 4 cord\u00e9es de deux, avec nos chers guides Ben et Victor, Anouk du GEAN, puis Antonin, Oc\u00e9ane, Margaux, Meije et moi. Parmi nous, deux raquettistes, une constante inconnue des conditions de l&rsquo;ar\u00eate, et la certitude de finir \u00e0 la frontale, comme tout montagnard qui se respecte et qui se lance \u00e0 10h30 dans une course estivale en plein d\u00e9but du mois de Mars.<\/p>\n\n\n\n<p>L&rsquo;approche se d\u00e9roule sans encombre. Puis il est temps de se lancer \u00e0 l&rsquo;assaut du rocher&#8230; On h\u00e9site, crampons ou non, doudoune ou maillot de bain&#8230; d\u00e9s qu&rsquo;on est \u00e0 l&rsquo;ombre ou au vent, on est en pleine hivernale. Alors que d\u00e9s que l&rsquo;on passe sur le versant au soleil, on se croirait \u00e0 la plage en plein mois d&rsquo;ao\u00fbt&#8230;. (Enfin, une plage \u00e0 2500 m\u00e8tres d&rsquo;altitude, et avec du caillou comme on l&rsquo;aime dans les Alpes). <\/p>\n\n\n\n<div class=\"wp-block-image\"><figure class=\"aligncenter\"><img loading=\"lazy\" decoding=\"async\" width=\"1024\" height=\"768\" src=\"https:\/\/www.ffcam38.com\/jeunes-alpinistes\/wp-content\/uploads\/2019\/03\/P3020030-1024x768.jpg\" alt=\"\" class=\"wp-image-4225\" srcset=\"https:\/\/www.ffcam38.com\/jeunes-alpinistes\/wp-content\/uploads\/2019\/03\/P3020030-1024x768.jpg 1024w, https:\/\/www.ffcam38.com\/jeunes-alpinistes\/wp-content\/uploads\/2019\/03\/P3020030-300x225.jpg 300w, https:\/\/www.ffcam38.com\/jeunes-alpinistes\/wp-content\/uploads\/2019\/03\/P3020030-768x576.jpg 768w, https:\/\/www.ffcam38.com\/jeunes-alpinistes\/wp-content\/uploads\/2019\/03\/P3020030-360x270.jpg 360w, https:\/\/www.ffcam38.com\/jeunes-alpinistes\/wp-content\/uploads\/2019\/03\/P3020030.jpg 1067w\" sizes=\"auto, (max-width: 1024px) 100vw, 1024px\" \/><figcaption>Oc\u00e9ane sur l&rsquo;ar\u00eate, mi-hivernale mi-estivale<\/figcaption><\/figure><\/div>\n\n\n\n<p>On tire quelques longueurs, puis place \u00e0 la corde tendue pour \u00e9voluer rapidement et agr\u00e9ablement sur l&rsquo;ar\u00eate. Les cord\u00e9es se talonnent tant\u00f4t, puis se laissent distancer \u00e0 d&rsquo;autres moments. En milieu de travers\u00e9e, alors que Oc\u00e9ane et moi on retrouve tout juste les cord\u00e9es de Victor et de Ben (respectivement avec Meije et Antonin), le temps change brusquement, les nuages et le brouillard menacent, annon\u00e7ant ind\u00e9niablement une temp\u00eate. On range tous les maillots de bains, on ressort les doudounes, et la neige arrive&#8230;<\/p>\n\n\n\n<div class=\"wp-block-image\"><figure class=\"aligncenter\"><img loading=\"lazy\" decoding=\"async\" width=\"1024\" height=\"768\" src=\"https:\/\/www.ffcam38.com\/jeunes-alpinistes\/wp-content\/uploads\/2019\/03\/P3020039-1024x768.jpg\" alt=\"\" class=\"wp-image-4226\" srcset=\"https:\/\/www.ffcam38.com\/jeunes-alpinistes\/wp-content\/uploads\/2019\/03\/P3020039-1024x768.jpg 1024w, https:\/\/www.ffcam38.com\/jeunes-alpinistes\/wp-content\/uploads\/2019\/03\/P3020039-300x225.jpg 300w, https:\/\/www.ffcam38.com\/jeunes-alpinistes\/wp-content\/uploads\/2019\/03\/P3020039-768x576.jpg 768w, https:\/\/www.ffcam38.com\/jeunes-alpinistes\/wp-content\/uploads\/2019\/03\/P3020039-360x270.jpg 360w, https:\/\/www.ffcam38.com\/jeunes-alpinistes\/wp-content\/uploads\/2019\/03\/P3020039.jpg 1067w\" sizes=\"auto, (max-width: 1024px) 100vw, 1024px\" \/><figcaption>La fin de la travers\u00e9e, sous la temp\u00eate<\/figcaption><\/figure><\/div>\n\n\n\n<p>Victor et Meije font des aller-retours sur la fin de l&rsquo;itin\u00e9raire pour rep\u00e9rer la ligne de rappel. On fini par les rejoindre, et on se retrouve vite de nouveau les pieds dans la neige, arm\u00e9s de nos fid\u00e8les crampons et piolets. <br>Raquettistes que nous sommes, Oc\u00e9ane et moi prenons la poudre d&rsquo;escampette. Les autres nous rejoindront en ski fort rapidement. <br>Au fur et \u00e0 mesure que l&rsquo;on descend, la temp\u00eate se l\u00e8ve, et d\u00e9couvre une surprise de taille (la surprise du chef, comme annonc\u00e9e dans le menu!) : il ne fait m\u00eame pas encore nuit !!<\/p>\n\n\n\n<p><br>Bref, voil\u00e0 une mission rudement bien men\u00e9e. Entre rocher, chaleur des tropiques, et temp\u00eate de neige gla\u00e7ante, nous voil\u00e0 de retour le soir \u00e0 la Grave afin de festoyer cette journ\u00e9e hors du commun et hors de la saison (en se r\u00e9chauffant les doigts \u00e0 l&rsquo;aide du radiateur, cela va de soit !).<br><\/p>\n\n\n\n<div class=\"wp-block-image\"><figure class=\"aligncenter\"><img loading=\"lazy\" decoding=\"async\" width=\"1024\" height=\"683\" src=\"https:\/\/www.ffcam38.com\/jeunes-alpinistes\/wp-content\/uploads\/2019\/03\/2019_03_02_beurresucre-petitsillon_0025-1024x683.jpg\" alt=\"\" class=\"wp-image-4227\" srcset=\"https:\/\/www.ffcam38.com\/jeunes-alpinistes\/wp-content\/uploads\/2019\/03\/2019_03_02_beurresucre-petitsillon_0025-1024x683.jpg 1024w, https:\/\/www.ffcam38.com\/jeunes-alpinistes\/wp-content\/uploads\/2019\/03\/2019_03_02_beurresucre-petitsillon_0025-300x200.jpg 300w, https:\/\/www.ffcam38.com\/jeunes-alpinistes\/wp-content\/uploads\/2019\/03\/2019_03_02_beurresucre-petitsillon_0025-768x512.jpg 768w, https:\/\/www.ffcam38.com\/jeunes-alpinistes\/wp-content\/uploads\/2019\/03\/2019_03_02_beurresucre-petitsillon_0025-405x270.jpg 405w, https:\/\/www.ffcam38.com\/jeunes-alpinistes\/wp-content\/uploads\/2019\/03\/2019_03_02_beurresucre-petitsillon_0025.jpg 1200w\" sizes=\"auto, (max-width: 1024px) 100vw, 1024px\" \/><figcaption>Ben cherche ardument dans le topo des Goulottes l&rsquo;argument cl\u00e9 qui nous permettra de faire la grasse-matin\u00e9e le lendemain &#8230; \ud83d\ude09 Il a r\u00e9ussi, r\u00e9veil 6h.<\/figcaption><\/figure><\/div>\n\n\n\n<p>Une bonne douche, une bonne soupe de saison, un plat de p\u00e2tes fort cons\u00e9quent, un petit briefing concernant les cord\u00e9es du lendemain et les itin\u00e9raires de goulottes dans lesquelles nous nous lancerons, et tout le monde file au lit, liquid\u00e9 et ponc\u00e9 par les aventures du jour. <\/p>\n\n\n\n<p>Le jeu du dimanche est encore plus fun que celui du samedi : trois groupes, trois itin\u00e9raires dans les T\u00eates de Sainte-Marguerite, et \u00e0 qui ira le plus haut dans les pentes de neige raides des goulottes ? (sans se ruiner en cordelette, \u00e9videmment!)<br><br>Antonin et Nicolas iront dans le \u00ab\u00a0Petit Sillon\u00a0\u00bb, pour un encha\u00eenement goulotte\/ski.<br>Ben, No\u00e9, Anouk et Meije pr\u00e9voient de faire \u00ab\u00a0Mongolito\u00a0\u00bb (et finiront par faire \u00ab\u00a0Retour aux Sources\u00a0\u00bb, apr\u00e8s un demi-tour condi dans \u00ab\u00a0Mongolito\u00a0\u00bb, et une d\u00e9faite \u00e0 la course en raquettes pour \u00eatre les premiers dans les \u00ab\u00a0Canailles\u00a0\u00bb), tandis que Victor, Oc\u00e9ane, Margaux, Oscar et moi jetons notre d\u00e9volu sur \u00ab\u00a0La Compagnie des Glaces\u00a0\u00bb. <\/p>\n\n\n\n<div class=\"wp-block-image\"><figure class=\"aligncenter\"><img loading=\"lazy\" decoding=\"async\" width=\"1024\" height=\"683\" src=\"https:\/\/www.ffcam38.com\/jeunes-alpinistes\/wp-content\/uploads\/2019\/03\/2019_03_02_beurresucre-petitsillon_0046-1024x683.jpg\" alt=\"\" class=\"wp-image-4228\" srcset=\"https:\/\/www.ffcam38.com\/jeunes-alpinistes\/wp-content\/uploads\/2019\/03\/2019_03_02_beurresucre-petitsillon_0046-1024x683.jpg 1024w, https:\/\/www.ffcam38.com\/jeunes-alpinistes\/wp-content\/uploads\/2019\/03\/2019_03_02_beurresucre-petitsillon_0046-300x200.jpg 300w, https:\/\/www.ffcam38.com\/jeunes-alpinistes\/wp-content\/uploads\/2019\/03\/2019_03_02_beurresucre-petitsillon_0046-768x512.jpg 768w, https:\/\/www.ffcam38.com\/jeunes-alpinistes\/wp-content\/uploads\/2019\/03\/2019_03_02_beurresucre-petitsillon_0046-405x270.jpg 405w, https:\/\/www.ffcam38.com\/jeunes-alpinistes\/wp-content\/uploads\/2019\/03\/2019_03_02_beurresucre-petitsillon_0046.jpg 1200w\" sizes=\"auto, (max-width: 1024px) 100vw, 1024px\" \/><figcaption>Antonin \u00e0 l&rsquo;attaque de \u00ab\u00a0Petit Sillon\u00a0\u00bb<\/figcaption><\/figure><\/div>\n\n\n\n<div class=\"wp-block-image\"><figure class=\"aligncenter\"><img loading=\"lazy\" decoding=\"async\" width=\"1024\" height=\"683\" src=\"https:\/\/www.ffcam38.com\/jeunes-alpinistes\/wp-content\/uploads\/2019\/03\/2019_03_02_beurresucre-petitsillon_0053-1024x683.jpg\" alt=\"\" class=\"wp-image-4229\" srcset=\"https:\/\/www.ffcam38.com\/jeunes-alpinistes\/wp-content\/uploads\/2019\/03\/2019_03_02_beurresucre-petitsillon_0053-1024x683.jpg 1024w, https:\/\/www.ffcam38.com\/jeunes-alpinistes\/wp-content\/uploads\/2019\/03\/2019_03_02_beurresucre-petitsillon_0053-300x200.jpg 300w, https:\/\/www.ffcam38.com\/jeunes-alpinistes\/wp-content\/uploads\/2019\/03\/2019_03_02_beurresucre-petitsillon_0053-768x512.jpg 768w, https:\/\/www.ffcam38.com\/jeunes-alpinistes\/wp-content\/uploads\/2019\/03\/2019_03_02_beurresucre-petitsillon_0053-405x270.jpg 405w, https:\/\/www.ffcam38.com\/jeunes-alpinistes\/wp-content\/uploads\/2019\/03\/2019_03_02_beurresucre-petitsillon_0053.jpg 1200w\" sizes=\"auto, (max-width: 1024px) 100vw, 1024px\" \/><figcaption>Antonin dans la sortie de \u00ab\u00a0Petit Sillon\u00a0\u00bb<\/figcaption><\/figure><\/div>\n\n\n\n<figure class=\"wp-block-image\"><img loading=\"lazy\" decoding=\"async\" width=\"658\" height=\"494\" src=\"https:\/\/www.ffcam38.com\/jeunes-alpinistes\/wp-content\/uploads\/2019\/03\/P3030051-copie.jpg\" alt=\"\" class=\"wp-image-4233\" srcset=\"https:\/\/www.ffcam38.com\/jeunes-alpinistes\/wp-content\/uploads\/2019\/03\/P3030051-copie.jpg 658w, https:\/\/www.ffcam38.com\/jeunes-alpinistes\/wp-content\/uploads\/2019\/03\/P3030051-copie-300x225.jpg 300w, https:\/\/www.ffcam38.com\/jeunes-alpinistes\/wp-content\/uploads\/2019\/03\/P3030051-copie-360x270.jpg 360w\" sizes=\"auto, (max-width: 658px) 100vw, 658px\" \/><figcaption>Oc\u00e9ane et Margaux dans les premi\u00e8res longueurs de \u00ab\u00a0la Compagnie des Glaces\u00a0\u00bb<\/figcaption><\/figure>\n\n\n\n<figure class=\"wp-block-image\"><img loading=\"lazy\" decoding=\"async\" width=\"658\" height=\"494\" src=\"https:\/\/www.ffcam38.com\/jeunes-alpinistes\/wp-content\/uploads\/2019\/03\/P3030071-1.jpg\" alt=\"\" class=\"wp-image-4235\" srcset=\"https:\/\/www.ffcam38.com\/jeunes-alpinistes\/wp-content\/uploads\/2019\/03\/P3030071-1.jpg 658w, https:\/\/www.ffcam38.com\/jeunes-alpinistes\/wp-content\/uploads\/2019\/03\/P3030071-1-300x225.jpg 300w, https:\/\/www.ffcam38.com\/jeunes-alpinistes\/wp-content\/uploads\/2019\/03\/P3030071-1-360x270.jpg 360w\" sizes=\"auto, (max-width: 658px) 100vw, 658px\" \/><figcaption>Oscar dans une des longueurs grimpantes de \u00ab\u00a0La Compagnie des Glaces\u00a0\u00bb<\/figcaption><\/figure>\n\n\n\n<p>Dimanche 3 mars 2019, 16h10 au parking, bilan de la journ\u00e9e dans \u00ab\u00a0La Compagnie des Glaces\u00a0\u00bb : un retour dans les terres hivernales (promises ?), beaucoup de m\u00e8tres de d\u00e9nivel\u00e9 dans la neige avec des anneaux de buste, beaucoup de rappels (pour descendre les beaucoup de m\u00e8tres de d\u00e9nivel\u00e9, forc\u00e9ment), quelques pitons et cordelettes abandonn\u00e9s aux relais pour la post\u00e9rit\u00e9, mais &#8230; une sacr\u00e9e partie de plaisir tous ensemble ! De nombreux rappels de manips et de technique de goulottes, quelques petits ressauts teigneux et un ou deux tr\u00e8s beaux coincements de piolets. Des sourires, et du bon temps ! <br><br>Je vous rassure, ne vous inqui\u00e9tez pas pour les autres, tout le monde s&rsquo;est fait plaisir comme jamais ! \ud83d\ude09 <br><br>Bref, faites de la goulotte et du caillou en plein hiver, vous savez pas \u00e0 qui vous avez affaire !!!<br><br>&#8212;&#8212;&#8212;&#8212;&#8212;&#8212;&#8212;&#8212;&#8212;&#8212;&#8212;&#8212;&#8212;&#8212;&#8212;&#8212;&#8212;&#8212;&#8212;&#8212;&#8212;&#8212;&#8212;&#8212;&#8212;&#8212;&#8212;&#8212;&#8212;&#8212;-<br>Thibault, pour les \u00e9quipes Espoirs Jeunes Alpinistes Is\u00e8re 38<br>Photos Thibault et Nico <\/p>\n","protected":false},"excerpt":{"rendered":"<p>Samedi 2 mars 2019, 8h05, une belle \u00e9quipe de lascars et lascardes se retrouve \u00e0 Uriage et va bon train. Piolets affut\u00e9s, et doudounes d\u00e9ball\u00e9es, nous voil\u00e0 fort attel\u00e9s \u00e0 pr\u00e9parer les cord\u00e9es. L&rsquo;objectif du samedi est simple : s&rsquo;enjailler de rocher, de neige ou de glace, en acheminant notre carrosse jusqu&rsquo;\u00e0 la Grave, o\u00f9 nous passerons ensuite la nuit. Le groupe se divise alors imm\u00e9diatement en deux cat\u00e9gories : les gens qui iront faire \u00ab\u00a0Beurre-Sucre\u00a0\u00bb \u00e0 Vaujany (goulotte\/glace), plan&#8230;<\/p>\n<p class=\"read-more\"><a class=\"btn btn-default\" href=\"https:\/\/www.ffcam38.com\/jeunes-alpinistes\/2019\/03\/06\/entre-rocher-et-neige-il-y-a-plus-de-saison-ma-pov-lucette\/\">Lire la suite<span class=\"screen-reader-text\"> Lire la suite<\/span><\/a><\/p>\n","protected":false},"author":2,"featured_media":0,"comment_status":"open","ping_status":"open","sticky":false,"template":"","format":"standard","meta":{"footnotes":""},"categories":[35,187,10,30,31],"tags":[],"class_list":["post-4222","post","type-post","status-publish","format-standard","hentry","category-actualites","category-recits-au-top","category-les-sorties","category-sorties-espoir-1","category-sorties-espoir-2"],"_links":{"self":[{"href":"https:\/\/www.ffcam38.com\/jeunes-alpinistes\/wp-json\/wp\/v2\/posts\/4222","targetHints":{"allow":["GET"]}}],"collection":[{"href":"https:\/\/www.ffcam38.com\/jeunes-alpinistes\/wp-json\/wp\/v2\/posts"}],"about":[{"href":"https:\/\/www.ffcam38.com\/jeunes-alpinistes\/wp-json\/wp\/v2\/types\/post"}],"author":[{"embeddable":true,"href":"https:\/\/www.ffcam38.com\/jeunes-alpinistes\/wp-json\/wp\/v2\/users\/2"}],"replies":[{"embeddable":true,"href":"https:\/\/www.ffcam38.com\/jeunes-alpinistes\/wp-json\/wp\/v2\/comments?post=4222"}],"version-history":[{"count":7,"href":"https:\/\/www.ffcam38.com\/jeunes-alpinistes\/wp-json\/wp\/v2\/posts\/4222\/revisions"}],"predecessor-version":[{"id":4242,"href":"https:\/\/www.ffcam38.com\/jeunes-alpinistes\/wp-json\/wp\/v2\/posts\/4222\/revisions\/4242"}],"wp:attachment":[{"href":"https:\/\/www.ffcam38.com\/jeunes-alpinistes\/wp-json\/wp\/v2\/media?parent=4222"}],"wp:term":[{"taxonomy":"category","embeddable":true,"href":"https:\/\/www.ffcam38.com\/jeunes-alpinistes\/wp-json\/wp\/v2\/categories?post=4222"},{"taxonomy":"post_tag","embeddable":true,"href":"https:\/\/www.ffcam38.com\/jeunes-alpinistes\/wp-json\/wp\/v2\/tags?post=4222"}],"curies":[{"name":"wp","href":"https:\/\/api.w.org\/{rel}","templated":true}]}}