{"id":4244,"date":"2019-03-07T22:17:05","date_gmt":"2019-03-07T21:17:05","guid":{"rendered":"http:\/\/jeunes-alpinistes.ffcam38.com\/?p=4244"},"modified":"2019-03-28T18:41:33","modified_gmt":"2019-03-28T17:41:33","slug":"psc1-avec-le-pghm-16-et-30-03-2019","status":"publish","type":"post","link":"https:\/\/www.ffcam38.com\/jeunes-alpinistes\/2019\/03\/07\/psc1-avec-le-pghm-16-et-30-03-2019\/","title":{"rendered":"PSC1 avec le PGHM &#8211; 16 et 30\/03\/2019"},"content":{"rendered":"\n<p><em><strong>RV \u00e0 l&rsquo;a\u00e9rodrome du Versoud les 16\/03 (espoirs) et 30\/03 (promos) pour une session secourisme PSC1 avec le PGHM.<\/strong><\/em><\/p>\n\n\n\n<p>Merci de remplir le tableau d&rsquo;organisation des sorties pour se r\u00e9partir sur les 2 dates. Outre le fait que c&rsquo;est un pr\u00e9-requis pour l&rsquo;initiateur, c&rsquo;est un \u00e9l\u00e9ment de s\u00e9curit\u00e9 de base pour nos activit\u00e9s \u00e0 risque (m\u00eame si malheureusement \u00e7a ne fait pas tout). Ce sera le programme officiel du PSC1 avec une ouverture sur le milieu montagne (ben oui, la PLS sur une vire on peut l&rsquo;aborder diff\u00e9remment que sur un terrain de foot)<\/p>\n\n\n\n<p><\/p>\n\n\n\n<table class=\"wp-block-table\"><tbody><tr><td>12 places par session &#8211; possibilit\u00e9 d&rsquo;\u00e9changer entre promos et espoirs tant que vous \u00eates 12\/s\u00e9ance<\/td><\/tr><tr><td>RV \u00e0 8h15 sur place ou \u00e0 7h40 au Gucem sur le campus pour co-cyclistage (10 km)<\/td><\/tr><tr><td>Penser \u00e0 r\u00e9cup\u00e9rer les radios VHF secours en montagne du CD38 pour faire un essai\/d\u00e9mo (actuellement chez Nico)<\/td><\/tr><tr><td>Sessions ouvertes aux b\u00e9n\u00e9voles s&rsquo;il reste des places ; si plusieurs b\u00e9n\u00e9voles int\u00e9ress\u00e9s, priorit\u00e9 \u00e0 ceux qui encadrent le plus et\/ou ceux qui ont un PSC1 vraiment p\u00e9rim\u00e9<\/td><\/tr><tr><td>Pr\u00e9sence obligatoire m\u00eame si vous avez d\u00e9j\u00e0 le PSC1 (exception pour Seb Ferveur qui est au PGHM mais si tu veux venir quand m\u00eame c&rsquo;est possible si Ludo est OK)<\/td><\/tr><tr><td>Pr\u00e9voir un pique nique, si vous avez des id\u00e9es pour faire plus sympa que chacun son sandwich c&rsquo;est top, genre concours de cake !<\/td><\/tr><\/tbody><\/table>\n\n\n\n<ul class=\"wp-block-gallery columns-2 is-cropped wp-block-gallery-1 is-layout-flex wp-block-gallery-is-layout-flex\"><li class=\"blocks-gallery-item\"><figure><img loading=\"lazy\" decoding=\"async\" width=\"1024\" height=\"683\" src=\"https:\/\/www.ffcam38.com\/jeunes-alpinistes\/wp-content\/uploads\/2019\/03\/2019_02_17_ceillac-longet_0083-1-1024x683.jpg\" alt=\"\" data-id=\"4246\" data-link=\"http:\/\/jeunes-alpinistes.ffcam38.com\/?attachment_id=4246\" class=\"wp-image-4246\" srcset=\"https:\/\/www.ffcam38.com\/jeunes-alpinistes\/wp-content\/uploads\/2019\/03\/2019_02_17_ceillac-longet_0083-1-1024x683.jpg 1024w, https:\/\/www.ffcam38.com\/jeunes-alpinistes\/wp-content\/uploads\/2019\/03\/2019_02_17_ceillac-longet_0083-1-300x200.jpg 300w, https:\/\/www.ffcam38.com\/jeunes-alpinistes\/wp-content\/uploads\/2019\/03\/2019_02_17_ceillac-longet_0083-1-768x512.jpg 768w, https:\/\/www.ffcam38.com\/jeunes-alpinistes\/wp-content\/uploads\/2019\/03\/2019_02_17_ceillac-longet_0083-1-405x270.jpg 405w, https:\/\/www.ffcam38.com\/jeunes-alpinistes\/wp-content\/uploads\/2019\/03\/2019_02_17_ceillac-longet_0083-1.jpg 1200w\" sizes=\"auto, (max-width: 1024px) 100vw, 1024px\" \/><figcaption>Se faire rep\u00e9rer ! Les bras en V (ou plut\u00f4t en Y pour YES) &#8211; bien mettre son casque, sa gore-tex, son masque de ski pour se prot\u00e9ger de la neige qui vole (ou des graviers)<\/figcaption><\/figure><\/li><li class=\"blocks-gallery-item\"><figure><img loading=\"lazy\" decoding=\"async\" width=\"1024\" height=\"824\" src=\"https:\/\/www.ffcam38.com\/jeunes-alpinistes\/wp-content\/uploads\/2019\/03\/2019_02_17_ceillac-longet_0088-1-1024x824.jpg\" alt=\"\" data-id=\"4248\" data-link=\"http:\/\/jeunes-alpinistes.ffcam38.com\/?attachment_id=4248\" class=\"wp-image-4248\" srcset=\"https:\/\/www.ffcam38.com\/jeunes-alpinistes\/wp-content\/uploads\/2019\/03\/2019_02_17_ceillac-longet_0088-1-1024x824.jpg 1024w, https:\/\/www.ffcam38.com\/jeunes-alpinistes\/wp-content\/uploads\/2019\/03\/2019_02_17_ceillac-longet_0088-1-300x242.jpg 300w, https:\/\/www.ffcam38.com\/jeunes-alpinistes\/wp-content\/uploads\/2019\/03\/2019_02_17_ceillac-longet_0088-1-768x618.jpg 768w, https:\/\/www.ffcam38.com\/jeunes-alpinistes\/wp-content\/uploads\/2019\/03\/2019_02_17_ceillac-longet_0088-1-335x270.jpg 335w, https:\/\/www.ffcam38.com\/jeunes-alpinistes\/wp-content\/uploads\/2019\/03\/2019_02_17_ceillac-longet_0088-1.jpg 994w\" sizes=\"auto, (max-width: 1024px) 100vw, 1024px\" \/><figcaption>A l&rsquo;approche de l&rsquo;h\u00e9lico, ne pas bouger ! Le brouillard cr\u00e9\u00e9 par la neige qui vole fait que le pilote ne voit plus trop le sol, vous \u00eates son seul rep\u00e8re pour qu&rsquo;il se pose (ou qu&rsquo;il d\u00e9pose les secouristes)<\/figcaption><\/figure><\/li><\/ul>\n","protected":false},"excerpt":{"rendered":"<p>RV \u00e0 l&rsquo;a\u00e9rodrome du Versoud les 16\/03 (espoirs) et 30\/03 (promos) pour une session secourisme PSC1 avec le PGHM. Merci de remplir le tableau d&rsquo;organisation des sorties pour se r\u00e9partir sur les 2 dates. Outre le fait que c&rsquo;est un pr\u00e9-requis pour l&rsquo;initiateur, c&rsquo;est un \u00e9l\u00e9ment de s\u00e9curit\u00e9 de base pour nos activit\u00e9s \u00e0 risque (m\u00eame si malheureusement \u00e7a ne fait pas tout). Ce sera le programme officiel du PSC1 avec une ouverture sur le milieu montagne (ben oui, la&#8230;<\/p>\n<p class=\"read-more\"><a class=\"btn btn-default\" href=\"https:\/\/www.ffcam38.com\/jeunes-alpinistes\/2019\/03\/07\/psc1-avec-le-pghm-16-et-30-03-2019\/\">Lire la suite<span class=\"screen-reader-text\"> Lire la suite<\/span><\/a><\/p>\n","protected":false},"author":2,"featured_media":0,"comment_status":"open","ping_status":"open","sticky":false,"template":"","format":"standard","meta":{"footnotes":""},"categories":[35,8,22,23,24,25,136],"tags":[],"class_list":["post-4244","post","type-post","status-publish","format-standard","hentry","category-actualites","category-programme-previ","category-programme-previ-espoir-1","category-programme-previ-espoir-2","category-programme-previ-promo-1","category-programme-previ-promo-2","category-programme-previ-soirees-techniques"],"_links":{"self":[{"href":"https:\/\/www.ffcam38.com\/jeunes-alpinistes\/wp-json\/wp\/v2\/posts\/4244","targetHints":{"allow":["GET"]}}],"collection":[{"href":"https:\/\/www.ffcam38.com\/jeunes-alpinistes\/wp-json\/wp\/v2\/posts"}],"about":[{"href":"https:\/\/www.ffcam38.com\/jeunes-alpinistes\/wp-json\/wp\/v2\/types\/post"}],"author":[{"embeddable":true,"href":"https:\/\/www.ffcam38.com\/jeunes-alpinistes\/wp-json\/wp\/v2\/users\/2"}],"replies":[{"embeddable":true,"href":"https:\/\/www.ffcam38.com\/jeunes-alpinistes\/wp-json\/wp\/v2\/comments?post=4244"}],"version-history":[{"count":1,"href":"https:\/\/www.ffcam38.com\/jeunes-alpinistes\/wp-json\/wp\/v2\/posts\/4244\/revisions"}],"predecessor-version":[{"id":4249,"href":"https:\/\/www.ffcam38.com\/jeunes-alpinistes\/wp-json\/wp\/v2\/posts\/4244\/revisions\/4249"}],"wp:attachment":[{"href":"https:\/\/www.ffcam38.com\/jeunes-alpinistes\/wp-json\/wp\/v2\/media?parent=4244"}],"wp:term":[{"taxonomy":"category","embeddable":true,"href":"https:\/\/www.ffcam38.com\/jeunes-alpinistes\/wp-json\/wp\/v2\/categories?post=4244"},{"taxonomy":"post_tag","embeddable":true,"href":"https:\/\/www.ffcam38.com\/jeunes-alpinistes\/wp-json\/wp\/v2\/tags?post=4244"}],"curies":[{"name":"wp","href":"https:\/\/api.w.org\/{rel}","templated":true}]}}