{"id":4255,"date":"2019-03-28T14:14:03","date_gmt":"2019-03-28T13:14:03","guid":{"rendered":"http:\/\/jeunes-alpinistes.ffcam38.com\/?p=4255"},"modified":"2019-03-28T18:45:27","modified_gmt":"2019-03-28T17:45:27","slug":"soleil-et-petits-nids-glaces-23-24-mars-2019","status":"publish","type":"post","link":"https:\/\/www.ffcam38.com\/jeunes-alpinistes\/2019\/03\/28\/soleil-et-petits-nids-glaces-23-24-mars-2019\/","title":{"rendered":"Soleil et Petits nids glac\u00e9s &#8211; 23 24 mars 2019"},"content":{"rendered":"\n<p>Rendez-vous au Grand Thiervoz Samedi matin \u00e0 9h30.<\/p>\n\n\n\n<p>Les sacs sont pr\u00eats \u00e0 craquer, les skis bien ficel\u00e9s et hop en avant pour une petite grimpette au milieu de la for\u00eat, direction le Chalet de l\u2019Arpette, avant de pouvoir chausser. 700m de d\u00e9nivel\u00e9 plus haut, la neige fait son apparition, le soleil aussi, on chausse les skis et c\u2019est parti !<\/p>\n\n\n\n<div class=\"wp-block-image\"><figure class=\"aligncenter is-resized\"><img loading=\"lazy\" decoding=\"async\" src=\"https:\/\/www.ffcam38.com\/jeunes-alpinistes\/wp-content\/uploads\/2019\/03\/P1210636-1024x769.jpg\" alt=\"\" class=\"wp-image-4256\" width=\"467\" height=\"350\" srcset=\"https:\/\/www.ffcam38.com\/jeunes-alpinistes\/wp-content\/uploads\/2019\/03\/P1210636-1024x769.jpg 1024w, https:\/\/www.ffcam38.com\/jeunes-alpinistes\/wp-content\/uploads\/2019\/03\/P1210636-300x225.jpg 300w, https:\/\/www.ffcam38.com\/jeunes-alpinistes\/wp-content\/uploads\/2019\/03\/P1210636-768x577.jpg 768w, https:\/\/www.ffcam38.com\/jeunes-alpinistes\/wp-content\/uploads\/2019\/03\/P1210636-360x270.jpg 360w, https:\/\/www.ffcam38.com\/jeunes-alpinistes\/wp-content\/uploads\/2019\/03\/P1210636.jpg 1065w\" sizes=\"auto, (max-width: 467px) 100vw, 467px\" \/><figcaption>L\u00e9a d\u00e9termin\u00e9e, d\u00e9cide d&rsquo;ouvrir la marche<\/figcaption><\/figure><\/div>\n\n\n\n<p>Premier objectif, trouver un endroit id\u00e9al pour\nconstruire nos petits nids glac\u00e9s.<\/p>\n\n\n\n<p>Une heure plus tard, L\u00e9a, Dorian, Virgile et Gabriel ont trouv\u00e9 la parle rare : des cong\u00e8res, un sol relativement plat et une superbe vue ; que du bonheur !<\/p>\n\n\n\n<p>Apr\u00e8s un petit casse-cro\u00fbte, les pelles et les sondes\nvont sortir leur bout du nez, les bras vont commencer \u00e0 chauffer, manches\nretrouss\u00e9es.<\/p>\n\n\n\n<div class=\"wp-block-image\"><figure class=\"aligncenter is-resized\"><img loading=\"lazy\" decoding=\"async\" src=\"https:\/\/www.ffcam38.com\/jeunes-alpinistes\/wp-content\/uploads\/2019\/03\/P1210647-1024x769.jpg\" alt=\"\" class=\"wp-image-4258\" width=\"473\" height=\"355\" srcset=\"https:\/\/www.ffcam38.com\/jeunes-alpinistes\/wp-content\/uploads\/2019\/03\/P1210647-1024x769.jpg 1024w, https:\/\/www.ffcam38.com\/jeunes-alpinistes\/wp-content\/uploads\/2019\/03\/P1210647-300x225.jpg 300w, https:\/\/www.ffcam38.com\/jeunes-alpinistes\/wp-content\/uploads\/2019\/03\/P1210647-768x577.jpg 768w, https:\/\/www.ffcam38.com\/jeunes-alpinistes\/wp-content\/uploads\/2019\/03\/P1210647-360x270.jpg 360w, https:\/\/www.ffcam38.com\/jeunes-alpinistes\/wp-content\/uploads\/2019\/03\/P1210647.jpg 1066w\" sizes=\"auto, (max-width: 473px) 100vw, 473px\" \/><figcaption>Allez plus que 3h de pelletage !!<\/figcaption><\/figure><\/div>\n\n\n\n<p>Sous un soleil de plomb et quelques coups de soleil plus tard, les \u00ab tranch\u00e9es \u00bb et le \u00ab trou dans la neige \u00bb tiennent le choc pendant que l\u2019Igloo Esquimau tire la gueule ; il finira sans toit pour dormir \u00e0 la belle \u00e9toile.<\/p>\n\n\n\n<div class=\"wp-block-image\"><figure class=\"aligncenter is-resized\"><img loading=\"lazy\" decoding=\"async\" src=\"https:\/\/www.ffcam38.com\/jeunes-alpinistes\/wp-content\/uploads\/2019\/03\/P1210677-1024x769.jpg\" alt=\"\" class=\"wp-image-4260\" width=\"371\" height=\"278\" srcset=\"https:\/\/www.ffcam38.com\/jeunes-alpinistes\/wp-content\/uploads\/2019\/03\/P1210677-1024x769.jpg 1024w, https:\/\/www.ffcam38.com\/jeunes-alpinistes\/wp-content\/uploads\/2019\/03\/P1210677-300x225.jpg 300w, https:\/\/www.ffcam38.com\/jeunes-alpinistes\/wp-content\/uploads\/2019\/03\/P1210677-768x577.jpg 768w, https:\/\/www.ffcam38.com\/jeunes-alpinistes\/wp-content\/uploads\/2019\/03\/P1210677-360x270.jpg 360w, https:\/\/www.ffcam38.com\/jeunes-alpinistes\/wp-content\/uploads\/2019\/03\/P1210677.jpg 1065w\" sizes=\"auto, (max-width: 371px) 100vw, 371px\" \/><figcaption>3\u00e8me essais ! Allez Seb, Dorian et L\u00e9a on croit en vous !<\/figcaption><\/figure><\/div>\n\n\n\n<p>Lorsque le coucher de soleil commence \u00e0 faire son apparition, on chausse vite les skis pour monter un peu plus haut que le camp de base et y admirer toutes ces belles couleurs se refl\u00e9tant sur les montagnes enneig\u00e9es&nbsp;: du bleu, du jaune, du orange, du rouge ; on en prend plein les yeux&nbsp;!&nbsp; <br>Une fois le soleil cach\u00e9, retour au camp pour aller manger, la descente \u00e0 ski fut un vrai r\u00e9gal. <\/p>\n\n\n\n<ul class=\"wp-block-gallery columns-2 is-cropped wp-block-gallery-1 is-layout-flex wp-block-gallery-is-layout-flex\"><li class=\"blocks-gallery-item\"><figure><img loading=\"lazy\" decoding=\"async\" width=\"1024\" height=\"769\" src=\"https:\/\/www.ffcam38.com\/jeunes-alpinistes\/wp-content\/uploads\/2019\/03\/P1210698-1024x769.jpg\" alt=\"\" data-id=\"4263\" class=\"wp-image-4263\" srcset=\"https:\/\/www.ffcam38.com\/jeunes-alpinistes\/wp-content\/uploads\/2019\/03\/P1210698-1024x769.jpg 1024w, https:\/\/www.ffcam38.com\/jeunes-alpinistes\/wp-content\/uploads\/2019\/03\/P1210698-300x225.jpg 300w, https:\/\/www.ffcam38.com\/jeunes-alpinistes\/wp-content\/uploads\/2019\/03\/P1210698-768x577.jpg 768w, https:\/\/www.ffcam38.com\/jeunes-alpinistes\/wp-content\/uploads\/2019\/03\/P1210698-360x270.jpg 360w, https:\/\/www.ffcam38.com\/jeunes-alpinistes\/wp-content\/uploads\/2019\/03\/P1210698.jpg 1065w\" sizes=\"auto, (max-width: 1024px) 100vw, 1024px\" \/><\/figure><\/li><li class=\"blocks-gallery-item\"><figure><img loading=\"lazy\" decoding=\"async\" width=\"1024\" height=\"769\" src=\"https:\/\/www.ffcam38.com\/jeunes-alpinistes\/wp-content\/uploads\/2019\/03\/P1210702-1-1024x769.jpg\" alt=\"\" data-id=\"4276\" data-link=\"http:\/\/jeunes-alpinistes.ffcam38.com\/__trashed\/p1210702-2\/\" class=\"wp-image-4276\" srcset=\"https:\/\/www.ffcam38.com\/jeunes-alpinistes\/wp-content\/uploads\/2019\/03\/P1210702-1-1024x769.jpg 1024w, https:\/\/www.ffcam38.com\/jeunes-alpinistes\/wp-content\/uploads\/2019\/03\/P1210702-1-300x225.jpg 300w, https:\/\/www.ffcam38.com\/jeunes-alpinistes\/wp-content\/uploads\/2019\/03\/P1210702-1-768x577.jpg 768w, https:\/\/www.ffcam38.com\/jeunes-alpinistes\/wp-content\/uploads\/2019\/03\/P1210702-1-360x270.jpg 360w, https:\/\/www.ffcam38.com\/jeunes-alpinistes\/wp-content\/uploads\/2019\/03\/P1210702-1.jpg 1065w\" sizes=\"auto, (max-width: 1024px) 100vw, 1024px\" \/><\/figure><\/li><\/ul>\n\n\n\n<p style=\"text-align:center\">A 21h tout le monde sous son duvet pr\u00eat \u00e0 affronter le froid et l\u2019humidit\u00e9. <br>D&rsquo;apr\u00e8s vous, qui est le mieux loti et qui a le mieux dormi ?<\/p>\n\n\n\n<p><\/p>\n\n\n\n<ul class=\"wp-block-gallery aligncenter columns-3 is-cropped wp-block-gallery-2 is-layout-flex wp-block-gallery-is-layout-flex\"><li class=\"blocks-gallery-item\"><figure><img loading=\"lazy\" decoding=\"async\" width=\"1024\" height=\"769\" src=\"https:\/\/www.ffcam38.com\/jeunes-alpinistes\/wp-content\/uploads\/2019\/03\/P1210706-1024x769.jpg\" alt=\"\" data-id=\"4265\" class=\"wp-image-4265\" srcset=\"https:\/\/www.ffcam38.com\/jeunes-alpinistes\/wp-content\/uploads\/2019\/03\/P1210706-1024x769.jpg 1024w, https:\/\/www.ffcam38.com\/jeunes-alpinistes\/wp-content\/uploads\/2019\/03\/P1210706-300x225.jpg 300w, https:\/\/www.ffcam38.com\/jeunes-alpinistes\/wp-content\/uploads\/2019\/03\/P1210706-768x577.jpg 768w, https:\/\/www.ffcam38.com\/jeunes-alpinistes\/wp-content\/uploads\/2019\/03\/P1210706-360x270.jpg 360w, https:\/\/www.ffcam38.com\/jeunes-alpinistes\/wp-content\/uploads\/2019\/03\/P1210706.jpg 1065w\" sizes=\"auto, (max-width: 1024px) 100vw, 1024px\" \/><figcaption>Virgile et Gabriel dans leur tranch\u00e9 ?<\/figcaption><\/figure><\/li><li class=\"blocks-gallery-item\"><figure><img loading=\"lazy\" decoding=\"async\" width=\"769\" height=\"1024\" src=\"https:\/\/www.ffcam38.com\/jeunes-alpinistes\/wp-content\/uploads\/2019\/03\/P1210721-1-769x1024.jpg\" alt=\"\" data-id=\"4272\" data-link=\"http:\/\/jeunes-alpinistes.ffcam38.com\/__trashed\/p1210721-2\/\" class=\"wp-image-4272\" srcset=\"https:\/\/www.ffcam38.com\/jeunes-alpinistes\/wp-content\/uploads\/2019\/03\/P1210721-1-769x1024.jpg 769w, https:\/\/www.ffcam38.com\/jeunes-alpinistes\/wp-content\/uploads\/2019\/03\/P1210721-1-225x300.jpg 225w, https:\/\/www.ffcam38.com\/jeunes-alpinistes\/wp-content\/uploads\/2019\/03\/P1210721-1-768x1023.jpg 768w, https:\/\/www.ffcam38.com\/jeunes-alpinistes\/wp-content\/uploads\/2019\/03\/P1210721-1-203x270.jpg 203w, https:\/\/www.ffcam38.com\/jeunes-alpinistes\/wp-content\/uploads\/2019\/03\/P1210721-1.jpg 601w\" sizes=\"auto, (max-width: 769px) 100vw, 769px\" \/><figcaption>Sven et Victoria dans leur tranch\u00e9 ?<\/figcaption><\/figure><\/li><li class=\"blocks-gallery-item\"><figure><img loading=\"lazy\" decoding=\"async\" width=\"1024\" height=\"769\" src=\"https:\/\/www.ffcam38.com\/jeunes-alpinistes\/wp-content\/uploads\/2019\/03\/P1210731-1-1024x769.jpg\" alt=\"\" data-id=\"4273\" data-link=\"http:\/\/jeunes-alpinistes.ffcam38.com\/__trashed\/p1210731-2\/\" class=\"wp-image-4273\" srcset=\"https:\/\/www.ffcam38.com\/jeunes-alpinistes\/wp-content\/uploads\/2019\/03\/P1210731-1-1024x769.jpg 1024w, https:\/\/www.ffcam38.com\/jeunes-alpinistes\/wp-content\/uploads\/2019\/03\/P1210731-1-300x225.jpg 300w, https:\/\/www.ffcam38.com\/jeunes-alpinistes\/wp-content\/uploads\/2019\/03\/P1210731-1-768x577.jpg 768w, https:\/\/www.ffcam38.com\/jeunes-alpinistes\/wp-content\/uploads\/2019\/03\/P1210731-1-360x270.jpg 360w, https:\/\/www.ffcam38.com\/jeunes-alpinistes\/wp-content\/uploads\/2019\/03\/P1210731-1.jpg 1065w\" sizes=\"auto, (max-width: 1024px) 100vw, 1024px\" \/><figcaption>Seb et L\u00e9a dans leur Igloo \u00e0 la belle \u00e9toile ?<\/figcaption><\/figure><\/li><li class=\"blocks-gallery-item\"><figure><img loading=\"lazy\" decoding=\"async\" width=\"1024\" height=\"769\" src=\"https:\/\/www.ffcam38.com\/jeunes-alpinistes\/wp-content\/uploads\/2019\/03\/P1210727-2-1024x769.jpg\" alt=\"\" data-id=\"4274\" data-link=\"http:\/\/jeunes-alpinistes.ffcam38.com\/__trashed\/p1210727-3\/\" class=\"wp-image-4274\" srcset=\"https:\/\/www.ffcam38.com\/jeunes-alpinistes\/wp-content\/uploads\/2019\/03\/P1210727-2-1024x769.jpg 1024w, https:\/\/www.ffcam38.com\/jeunes-alpinistes\/wp-content\/uploads\/2019\/03\/P1210727-2-300x225.jpg 300w, https:\/\/www.ffcam38.com\/jeunes-alpinistes\/wp-content\/uploads\/2019\/03\/P1210727-2-768x577.jpg 768w, https:\/\/www.ffcam38.com\/jeunes-alpinistes\/wp-content\/uploads\/2019\/03\/P1210727-2-360x270.jpg 360w, https:\/\/www.ffcam38.com\/jeunes-alpinistes\/wp-content\/uploads\/2019\/03\/P1210727-2.jpg 1065w\" sizes=\"auto, (max-width: 1024px) 100vw, 1024px\" \/><figcaption>Margaux, Claire et Marie dans leur trou ?<\/figcaption><\/figure><\/li><li class=\"blocks-gallery-item\"><figure><img loading=\"lazy\" decoding=\"async\" width=\"1024\" height=\"769\" src=\"https:\/\/www.ffcam38.com\/jeunes-alpinistes\/wp-content\/uploads\/2019\/03\/P1210736-1024x769.jpg\" alt=\"\" data-id=\"4275\" data-link=\"http:\/\/jeunes-alpinistes.ffcam38.com\/__trashed\/p1210736\/\" class=\"wp-image-4275\" srcset=\"https:\/\/www.ffcam38.com\/jeunes-alpinistes\/wp-content\/uploads\/2019\/03\/P1210736-1024x769.jpg 1024w, https:\/\/www.ffcam38.com\/jeunes-alpinistes\/wp-content\/uploads\/2019\/03\/P1210736-300x225.jpg 300w, https:\/\/www.ffcam38.com\/jeunes-alpinistes\/wp-content\/uploads\/2019\/03\/P1210736-768x577.jpg 768w, https:\/\/www.ffcam38.com\/jeunes-alpinistes\/wp-content\/uploads\/2019\/03\/P1210736-360x270.jpg 360w, https:\/\/www.ffcam38.com\/jeunes-alpinistes\/wp-content\/uploads\/2019\/03\/P1210736.jpg 1065w\" sizes=\"auto, (max-width: 1024px) 100vw, 1024px\" \/><figcaption>Ou Dorian dans sa tranch\u00e9 ?<\/figcaption><\/figure><\/li><\/ul>\n\n\n\n<p style=\"text-align:center\">La conclusion de notre nuit ? <br>Dorian s&rsquo;est r\u00e9veill\u00e9 en pleine nuit duvet tremp\u00e9, pour finir \u00e0 la belle \u00e9toile.<br>Les 3 filles se sont r\u00e9veill\u00e9es fatigu\u00e9es.<br>Mais la nuit a \u00e9t\u00e9 plut\u00f4t bonne pour la grande majorit\u00e9 !<br><\/p>\n\n\n\n<p><\/p>\n\n\n\n<p>Au petit matin, un petit d\u00e9jeuner de roi se pr\u00e9pare : de la brioche, de la confiture, du chocolat, de quoi se remplir le ventre et repartir avec le plein d\u2019\u00e9nergie !<\/p>\n\n\n\n<p style=\"text-align:center\">A 9h, le soleil est l\u00e0 pour nous r\u00e9chauffer et annoncer notre d\u00e9part&nbsp;; en avant pour le \u00ab&nbsp;Passage d\u2019Odru&nbsp;\u00bb. <br>La devise de la sortie&nbsp;:<em><strong> Plaisir<\/strong><\/em>&nbsp;! <br>Chacun de nous avance \u00e0 son rythme.<\/p>\n\n\n\n<figure class=\"wp-block-image\"><img loading=\"lazy\" decoding=\"async\" width=\"1024\" height=\"578\" src=\"https:\/\/www.ffcam38.com\/jeunes-alpinistes\/wp-content\/uploads\/2019\/03\/P1210747-1024x578.jpg\" alt=\"\" class=\"wp-image-4277\" srcset=\"https:\/\/www.ffcam38.com\/jeunes-alpinistes\/wp-content\/uploads\/2019\/03\/P1210747-1024x578.jpg 1024w, https:\/\/www.ffcam38.com\/jeunes-alpinistes\/wp-content\/uploads\/2019\/03\/P1210747-300x169.jpg 300w, https:\/\/www.ffcam38.com\/jeunes-alpinistes\/wp-content\/uploads\/2019\/03\/P1210747-768x434.jpg 768w, https:\/\/www.ffcam38.com\/jeunes-alpinistes\/wp-content\/uploads\/2019\/03\/P1210747-478x270.jpg 478w, https:\/\/www.ffcam38.com\/jeunes-alpinistes\/wp-content\/uploads\/2019\/03\/P1210747.jpg 1416w\" sizes=\"auto, (max-width: 1024px) 100vw, 1024px\" \/><\/figure>\n\n\n\n<figure class=\"wp-block-image\"><img loading=\"lazy\" decoding=\"async\" width=\"1024\" height=\"769\" src=\"https:\/\/www.ffcam38.com\/jeunes-alpinistes\/wp-content\/uploads\/2019\/03\/P1210752-1024x769.jpg\" alt=\"\" class=\"wp-image-4278\" srcset=\"https:\/\/www.ffcam38.com\/jeunes-alpinistes\/wp-content\/uploads\/2019\/03\/P1210752-1024x769.jpg 1024w, https:\/\/www.ffcam38.com\/jeunes-alpinistes\/wp-content\/uploads\/2019\/03\/P1210752-300x225.jpg 300w, https:\/\/www.ffcam38.com\/jeunes-alpinistes\/wp-content\/uploads\/2019\/03\/P1210752-768x577.jpg 768w, https:\/\/www.ffcam38.com\/jeunes-alpinistes\/wp-content\/uploads\/2019\/03\/P1210752-360x270.jpg 360w, https:\/\/www.ffcam38.com\/jeunes-alpinistes\/wp-content\/uploads\/2019\/03\/P1210752.jpg 1065w\" sizes=\"auto, (max-width: 1024px) 100vw, 1024px\" \/><\/figure>\n\n\n\n<p>Une fois la cr\u00eate atteinte, Gabriel, Virgile, Sven, Victoria, Seb et L\u00e9a d\u00e9cident d\u2019explorer l\u2019autre versant tandis que Dorian, Margaux, Claire et Marie pr\u00e9f\u00e8rent redescendre tranquillement le Passage et se pr\u00e9lasser au soleil avant de se retrouver pour finir la descente ensemble, qui a \u00e9t\u00e9 de qualit\u00e9 !<br><br>De retour au camp de base, on rassemble nos affaires et on profite de notre derni\u00e8re glissade jusqu&rsquo;\u00e0 la for\u00eat. <br>Enfin, on charge nos skis sur nos sacs et on dit au revoir \u00e0 la neige !<br><\/p>\n\n\n\n<figure class=\"wp-block-image\"><img loading=\"lazy\" decoding=\"async\" width=\"1024\" height=\"769\" src=\"https:\/\/www.ffcam38.com\/jeunes-alpinistes\/wp-content\/uploads\/2019\/03\/P1210756-1024x769.jpg\" alt=\"\" class=\"wp-image-4279\" srcset=\"https:\/\/www.ffcam38.com\/jeunes-alpinistes\/wp-content\/uploads\/2019\/03\/P1210756-1024x769.jpg 1024w, https:\/\/www.ffcam38.com\/jeunes-alpinistes\/wp-content\/uploads\/2019\/03\/P1210756-300x225.jpg 300w, https:\/\/www.ffcam38.com\/jeunes-alpinistes\/wp-content\/uploads\/2019\/03\/P1210756-768x577.jpg 768w, https:\/\/www.ffcam38.com\/jeunes-alpinistes\/wp-content\/uploads\/2019\/03\/P1210756-360x270.jpg 360w, https:\/\/www.ffcam38.com\/jeunes-alpinistes\/wp-content\/uploads\/2019\/03\/P1210756.jpg 1065w\" sizes=\"auto, (max-width: 1024px) 100vw, 1024px\" \/><figcaption>Au sommet du Passage d&rsquo;Odru<br>Dorian, Sven, Claire, Gabriel, Margaux, Marie, Victoria, L\u00e9a et Seb<\/figcaption><\/figure>\n\n\n\n<p><\/p>\n","protected":false},"excerpt":{"rendered":"<p>Rendez-vous au Grand Thiervoz Samedi matin \u00e0 9h30. Les sacs sont pr\u00eats \u00e0 craquer, les skis bien ficel\u00e9s et hop en avant pour une petite grimpette au milieu de la for\u00eat, direction le Chalet de l\u2019Arpette, avant de pouvoir chausser. 700m de d\u00e9nivel\u00e9 plus haut, la neige fait son apparition, le soleil aussi, on chausse les skis et c\u2019est parti ! Premier objectif, trouver un endroit id\u00e9al pour construire nos petits nids glac\u00e9s. Une heure plus tard, L\u00e9a, Dorian, Virgile&#8230;<\/p>\n<p class=\"read-more\"><a class=\"btn btn-default\" href=\"https:\/\/www.ffcam38.com\/jeunes-alpinistes\/2019\/03\/28\/soleil-et-petits-nids-glaces-23-24-mars-2019\/\">Lire la suite<span class=\"screen-reader-text\"> Lire la suite<\/span><\/a><\/p>\n","protected":false},"author":2,"featured_media":0,"comment_status":"open","ping_status":"open","sticky":false,"template":"","format":"standard","meta":{"footnotes":""},"categories":[35,10,30,31,32,33],"tags":[],"class_list":["post-4255","post","type-post","status-publish","format-standard","hentry","category-actualites","category-les-sorties","category-sorties-espoir-1","category-sorties-espoir-2","category-sorties-promo-1","category-sorties-promo-2"],"_links":{"self":[{"href":"https:\/\/www.ffcam38.com\/jeunes-alpinistes\/wp-json\/wp\/v2\/posts\/4255","targetHints":{"allow":["GET"]}}],"collection":[{"href":"https:\/\/www.ffcam38.com\/jeunes-alpinistes\/wp-json\/wp\/v2\/posts"}],"about":[{"href":"https:\/\/www.ffcam38.com\/jeunes-alpinistes\/wp-json\/wp\/v2\/types\/post"}],"author":[{"embeddable":true,"href":"https:\/\/www.ffcam38.com\/jeunes-alpinistes\/wp-json\/wp\/v2\/users\/2"}],"replies":[{"embeddable":true,"href":"https:\/\/www.ffcam38.com\/jeunes-alpinistes\/wp-json\/wp\/v2\/comments?post=4255"}],"version-history":[{"count":3,"href":"https:\/\/www.ffcam38.com\/jeunes-alpinistes\/wp-json\/wp\/v2\/posts\/4255\/revisions"}],"predecessor-version":[{"id":4284,"href":"https:\/\/www.ffcam38.com\/jeunes-alpinistes\/wp-json\/wp\/v2\/posts\/4255\/revisions\/4284"}],"wp:attachment":[{"href":"https:\/\/www.ffcam38.com\/jeunes-alpinistes\/wp-json\/wp\/v2\/media?parent=4255"}],"wp:term":[{"taxonomy":"category","embeddable":true,"href":"https:\/\/www.ffcam38.com\/jeunes-alpinistes\/wp-json\/wp\/v2\/categories?post=4255"},{"taxonomy":"post_tag","embeddable":true,"href":"https:\/\/www.ffcam38.com\/jeunes-alpinistes\/wp-json\/wp\/v2\/tags?post=4255"}],"curies":[{"name":"wp","href":"https:\/\/api.w.org\/{rel}","templated":true}]}}