{"id":4295,"date":"2019-05-08T19:17:07","date_gmt":"2019-05-08T18:17:07","guid":{"rendered":"http:\/\/jeunes-alpinistes.ffcam38.com\/?p=4295"},"modified":"2019-05-08T19:17:15","modified_gmt":"2019-05-08T18:17:15","slug":"we-initiateur-1-11-12-mai-2019","status":"publish","type":"post","link":"https:\/\/www.ffcam38.com\/jeunes-alpinistes\/2019\/05\/08\/we-initiateur-1-11-12-mai-2019\/","title":{"rendered":"WE initiateur 1 : 11 12 mai 2019"},"content":{"rendered":"\n<p> Programme du WE initiateur n\u00b01 : <\/p>\n\n\n\n<p>RV \u00e0 8h30 \u00e0 La B\u00e9rarde (parking avant le pont du V\u00e9n\u00e9on) avec un pt sac pour une matin\u00e9e de manips sur les \u00e9coles d&rsquo;escalades autour de la B\u00e9rarde.<br>L&rsquo;apr\u00e8s-midi on monte au refuge de la Lavey en mode non gard\u00e9, \u00e7a risque d&rsquo;\u00eatre sous la pluie.<br>Dimanche \u00e9cole de neige autour du refuge, rep\u00e9rage pour les parcours rocher d\u00e9couverte (prendre piolet crampons, arva pelle sonde, qq coinceurs et pitons), il devrait faire beau avec 5 cm de poudre sur les sommets.<br>Pr\u00e9voir les r\u00e9chauds et votre vaisselle, est-ce que qqn peut se charger des courses pour tout le monde le samedi soir ?<\/p>\n\n\n\n<p><br>On se recale en fonction de la m\u00e9t\u00e9o, un plan B serait de basculer c\u00f4t\u00e9 S ou E des Ecrins c&rsquo;est un peu meilleur&#8230;<\/p>\n\n\n\n<p><br>Si 1 ou 2 espoirs veulent se d\u00e9caler au WE suivant avec les promos c&rsquo;est possible pour qu&rsquo;on \u00e9quilibre les groupes (pour l&rsquo;instant vous \u00eates 9 au 1er WE et 5 au 2\u00e8me WE), mettez bien \u00e0 jour le tableau ! <\/p>\n","protected":false},"excerpt":{"rendered":"<p>Programme du WE initiateur n\u00b01 : RV \u00e0 8h30 \u00e0 La B\u00e9rarde (parking avant le pont du V\u00e9n\u00e9on) avec un pt sac pour une matin\u00e9e de manips sur les \u00e9coles d&rsquo;escalades autour de la B\u00e9rarde.L&rsquo;apr\u00e8s-midi on monte au refuge de la Lavey en mode non gard\u00e9, \u00e7a risque d&rsquo;\u00eatre sous la pluie.Dimanche \u00e9cole de neige autour du refuge, rep\u00e9rage pour les parcours rocher d\u00e9couverte (prendre piolet crampons, arva pelle sonde, qq coinceurs et pitons), il devrait faire beau avec 5&#8230;<\/p>\n<p class=\"read-more\"><a class=\"btn btn-default\" href=\"https:\/\/www.ffcam38.com\/jeunes-alpinistes\/2019\/05\/08\/we-initiateur-1-11-12-mai-2019\/\">Lire la suite<span class=\"screen-reader-text\"> Lire la suite<\/span><\/a><\/p>\n","protected":false},"author":2,"featured_media":0,"comment_status":"open","ping_status":"open","sticky":false,"template":"","format":"standard","meta":{"footnotes":""},"categories":[8,22,23],"tags":[],"class_list":["post-4295","post","type-post","status-publish","format-standard","hentry","category-programme-previ","category-programme-previ-espoir-1","category-programme-previ-espoir-2"],"_links":{"self":[{"href":"https:\/\/www.ffcam38.com\/jeunes-alpinistes\/wp-json\/wp\/v2\/posts\/4295","targetHints":{"allow":["GET"]}}],"collection":[{"href":"https:\/\/www.ffcam38.com\/jeunes-alpinistes\/wp-json\/wp\/v2\/posts"}],"about":[{"href":"https:\/\/www.ffcam38.com\/jeunes-alpinistes\/wp-json\/wp\/v2\/types\/post"}],"author":[{"embeddable":true,"href":"https:\/\/www.ffcam38.com\/jeunes-alpinistes\/wp-json\/wp\/v2\/users\/2"}],"replies":[{"embeddable":true,"href":"https:\/\/www.ffcam38.com\/jeunes-alpinistes\/wp-json\/wp\/v2\/comments?post=4295"}],"version-history":[{"count":1,"href":"https:\/\/www.ffcam38.com\/jeunes-alpinistes\/wp-json\/wp\/v2\/posts\/4295\/revisions"}],"predecessor-version":[{"id":4296,"href":"https:\/\/www.ffcam38.com\/jeunes-alpinistes\/wp-json\/wp\/v2\/posts\/4295\/revisions\/4296"}],"wp:attachment":[{"href":"https:\/\/www.ffcam38.com\/jeunes-alpinistes\/wp-json\/wp\/v2\/media?parent=4295"}],"wp:term":[{"taxonomy":"category","embeddable":true,"href":"https:\/\/www.ffcam38.com\/jeunes-alpinistes\/wp-json\/wp\/v2\/categories?post=4295"},{"taxonomy":"post_tag","embeddable":true,"href":"https:\/\/www.ffcam38.com\/jeunes-alpinistes\/wp-json\/wp\/v2\/tags?post=4295"}],"curies":[{"name":"wp","href":"https:\/\/api.w.org\/{rel}","templated":true}]}}