{"id":4432,"date":"2019-10-20T12:20:08","date_gmt":"2019-10-20T10:20:08","guid":{"rendered":"http:\/\/www.ffcam38.com\/jeunes-alpinistes\/?p=4432"},"modified":"2019-10-30T16:48:45","modified_gmt":"2019-10-30T15:48:45","slug":"c-r-de-la-journee-de-selection-des-equipes-2019-2020","status":"publish","type":"post","link":"https:\/\/www.ffcam38.com\/jeunes-alpinistes\/2019\/10\/20\/c-r-de-la-journee-de-selection-des-equipes-2019-2020\/","title":{"rendered":"Journ\u00e9e de s\u00e9lection des \u00e9quipes 2019\/2020 &#8211; 12 octobre 2019"},"content":{"rendered":"\n<p>Et voil\u00e0, samedi dernier, c&rsquo;\u00e9tait la journ\u00e9e tant attendue de la s\u00e9lection des \u00e9quipes jeunes 2019\/2020 ! Au programme : CO, voie de difficult\u00e9, escalade en grosse, voie en artif, convivialit\u00e9 et partage.<\/p>\n\n\n\n<p>Il est \u00e0 peine 8h lorsque nous nous retrouvons tous sur le parking Karl Marx et que nous rejoignons les guides et anciens, qui, eux, \u00e9taient sur le terrain depuis l&rsquo;aurore pour pr\u00e9parer la fameuse course d&rsquo;orientation. L&rsquo;air est assez frais et les doudounes sont de sortie. D\u00e9part de la CO vers 8h30 et on profite des vid\u00e9os\/photos prises, pour sortir le fameux panneau du CAF avec son fid\u00e8le adage : \u00ab\u00a0l&rsquo;esprit club alpin !\u00a0\u00bb. C&rsquo;est alors avec cet esprit l\u00e0 que l&rsquo;on s&rsquo;engage dans le bois des Vouillants, surmotiv\u00e9s et avec pour objectif : passer par un maximum de balises et arriver au pied de la falaise, et cela, le plus vite possible !<\/p>\n\n\n\n<figure class=\"wp-block-image is-resized\"><img loading=\"lazy\" decoding=\"async\" src=\"https:\/\/www.ffcam38.com\/jeunes-alpinistes\/wp-content\/uploads\/2019\/10\/PA120334-1024x768.jpg\" alt=\"\" class=\"wp-image-4441\" width=\"431\" height=\"323\" srcset=\"https:\/\/www.ffcam38.com\/jeunes-alpinistes\/wp-content\/uploads\/2019\/10\/PA120334-1024x768.jpg 1024w, https:\/\/www.ffcam38.com\/jeunes-alpinistes\/wp-content\/uploads\/2019\/10\/PA120334-300x225.jpg 300w, https:\/\/www.ffcam38.com\/jeunes-alpinistes\/wp-content\/uploads\/2019\/10\/PA120334-768x576.jpg 768w, https:\/\/www.ffcam38.com\/jeunes-alpinistes\/wp-content\/uploads\/2019\/10\/PA120334-360x270.jpg 360w, https:\/\/www.ffcam38.com\/jeunes-alpinistes\/wp-content\/uploads\/2019\/10\/PA120334.jpg 1067w\" sizes=\"auto, (max-width: 431px) 100vw, 431px\" \/><figcaption>Thibault et Margaux, en attendant les premiers arriv\u00e9s de la CO.<\/figcaption><\/figure>\n\n\n\n<p>A l&rsquo;arriv\u00e9e, les guides et anciens avaient d\u00e9j\u00e0 \u00e9quip\u00e9 les voies, il ne restait plus qu&rsquo;\u00e0 enfiler les chaussons et\u2026 tout donner. Le temps est bon (m\u00eame si on a beaucoup attendu le soleil !) et l&rsquo;escalade est belle. Pour l&rsquo;\u00e9preuve de difficult\u00e9, 3 voies sont propos\u00e9es : 6a, 6b+ ou 7a que l&rsquo;on r\u00e9alise avec le plus grand plaisir. La matin\u00e9e se d\u00e9roule tr\u00e8s bien et l&rsquo;enchainement des voies est au top. Et pendant ce temps, un super feu a \u00e9t\u00e9 entretenu ; nous en avons bien profit\u00e9 au moment de manger, ce qui a ajout\u00e9 encore plus de charme \u00e0 la journ\u00e9e !<\/p>\n\n\n\n<figure class=\"wp-block-image is-resized\"><img loading=\"lazy\" decoding=\"async\" src=\"https:\/\/www.ffcam38.com\/jeunes-alpinistes\/wp-content\/uploads\/2019\/10\/PA120355-1024x768.jpg\" alt=\"\" class=\"wp-image-4440\" width=\"430\" height=\"323\" srcset=\"https:\/\/www.ffcam38.com\/jeunes-alpinistes\/wp-content\/uploads\/2019\/10\/PA120355-1024x768.jpg 1024w, https:\/\/www.ffcam38.com\/jeunes-alpinistes\/wp-content\/uploads\/2019\/10\/PA120355-300x225.jpg 300w, https:\/\/www.ffcam38.com\/jeunes-alpinistes\/wp-content\/uploads\/2019\/10\/PA120355-768x576.jpg 768w, https:\/\/www.ffcam38.com\/jeunes-alpinistes\/wp-content\/uploads\/2019\/10\/PA120355-360x270.jpg 360w, https:\/\/www.ffcam38.com\/jeunes-alpinistes\/wp-content\/uploads\/2019\/10\/PA120355.jpg 1067w\" sizes=\"auto, (max-width: 430px) 100vw, 430px\" \/><figcaption>Rep\u00e9rage des voies pour certains : laquelle choisir?? et lecture pour d&rsquo;autre.<\/figcaption><\/figure>\n\n\n\n<figure class=\"wp-block-image is-resized\"><img loading=\"lazy\" decoding=\"async\" src=\"https:\/\/www.ffcam38.com\/jeunes-alpinistes\/wp-content\/uploads\/2019\/10\/PA120353.jpg\" alt=\"\" class=\"wp-image-4442\" width=\"326\" height=\"434\" srcset=\"https:\/\/www.ffcam38.com\/jeunes-alpinistes\/wp-content\/uploads\/2019\/10\/PA120353.jpg 600w, https:\/\/www.ffcam38.com\/jeunes-alpinistes\/wp-content\/uploads\/2019\/10\/PA120353-225x300.jpg 225w, https:\/\/www.ffcam38.com\/jeunes-alpinistes\/wp-content\/uploads\/2019\/10\/PA120353-203x270.jpg 203w\" sizes=\"auto, (max-width: 326px) 100vw, 326px\" \/><figcaption>Oscar dans le fameux 6b+.<\/figcaption><\/figure>\n\n\n\n<p>En milieu d&rsquo;apr\u00e8s-midi, alors que certains avaient pos\u00e9 les chaussons au profit de la discussion et de l&rsquo;\u00e9change et que d&rsquo;autres continuaient \u00e0 grimper, c&rsquo;est l&rsquo;heure du debrief tant attendu ! Donc, rassemblement g\u00e9n\u00e9ral, les guides et encadrants nous parlent du fonctionnement des \u00e9quipes et nous font un petit recap&rsquo; de l&rsquo;ann\u00e9e \u00e0 venir, et nous, nous les \u00e9coutons, r\u00eaveurs et gonfl\u00e9s \u00e0 bloc de motivation.<\/p>\n\n\n\n<p>Il est alors 16h lorsque la journ\u00e9e se termine, et nous nous quittons avec de jolis souvenirs dans la t\u00eate et avec h\u00e2te que l&rsquo;aventure commence.<\/p>\n\n\n\n<p class=\"has-text-color has-background has-very-dark-gray-color has-very-light-gray-background-color\">En bref, les jeunes alpinistes 2019\/2020 pour l&rsquo;Is\u00e8re c&rsquo;est 4 \u00e9quipes avec la parit\u00e9 h\/f : 1 espoir \/ 1 f\u00e9minine \/ 2 promos, compos\u00e9es de 28 jeunes surmotiv\u00e9s, une dizaine de b\u00e9n\u00e9voles et 2 super-guides, tous li\u00e9s par la m\u00eame passion : l&rsquo;alpinisme !<\/p>\n\n\n\n<figure class=\"wp-block-embed-vimeo wp-block-embed is-type-video is-provider-vimeo wp-embed-aspect-16-9 wp-has-aspect-ratio\"><div class=\"wp-block-embed__wrapper\">\n<iframe loading=\"lazy\" title=\"Equipes jeunes alpinistes FFCAM38 - s\u00e9lections 2019-2020\" src=\"https:\/\/player.vimeo.com\/video\/367274113?dnt=1&amp;app_id=122963\" width=\"640\" height=\"360\" frameborder=\"0\" allow=\"autoplay; fullscreen; picture-in-picture; clipboard-write\"><\/iframe>\n<\/div><figcaption>Et voila une petite vid\u00e9o faite par L\u00e9o, qui r\u00e9sume tr\u00e8s bien cette superbe journ\u00e9e et qui donne un avant go\u00fbt de l&rsquo;ann\u00e9e \u00e0 venir.<\/figcaption><\/figure>\n\n\n\n<p>Pour la suite de l&rsquo;aventure, retrouvez nous sur Instagram :<a href=\"https:\/\/www.instagram.com\/ejaffcam38\/\"> @ejaffcam38<\/a> et Facebook : <a href=\"https:\/\/www.facebook.com\/EquipesJeunesAlpinistesFFCAM38\">EquipesJeunesAlpinistesFFCAM38<\/a>.<\/p>\n\n\n\n<hr class=\"wp-block-separator\"\/>\n\n\n\n<p class=\"has-text-color has-cyan-bluish-gray-color\">Coline, pour les \u00e9quipes jeunes alpinistes de l&rsquo;Is\u00e8re.<\/p>\n","protected":false},"excerpt":{"rendered":"<p>Et voil\u00e0, samedi dernier, c&rsquo;\u00e9tait la journ\u00e9e tant attendue de la s\u00e9lection des \u00e9quipes jeunes 2019\/2020 ! Au programme : CO, voie de difficult\u00e9, escalade en grosse, voie en artif, convivialit\u00e9 et partage. Il est \u00e0 peine 8h lorsque nous nous retrouvons tous sur le parking Karl Marx et que nous rejoignons les guides et anciens, qui, eux, \u00e9taient sur le terrain depuis l&rsquo;aurore pour pr\u00e9parer la fameuse course d&rsquo;orientation. L&rsquo;air est assez frais et les doudounes sont de sortie&#8230;.<\/p>\n<p class=\"read-more\"><a class=\"btn btn-default\" href=\"https:\/\/www.ffcam38.com\/jeunes-alpinistes\/2019\/10\/20\/c-r-de-la-journee-de-selection-des-equipes-2019-2020\/\">Lire la suite<span class=\"screen-reader-text\"> Lire la suite<\/span><\/a><\/p>\n","protected":false},"author":5,"featured_media":0,"comment_status":"open","ping_status":"open","sticky":false,"template":"","format":"standard","meta":{"footnotes":""},"categories":[35,10,30,31,32,33],"tags":[],"class_list":["post-4432","post","type-post","status-publish","format-standard","hentry","category-actualites","category-les-sorties","category-sorties-espoir-1","category-sorties-espoir-2","category-sorties-promo-1","category-sorties-promo-2"],"_links":{"self":[{"href":"https:\/\/www.ffcam38.com\/jeunes-alpinistes\/wp-json\/wp\/v2\/posts\/4432","targetHints":{"allow":["GET"]}}],"collection":[{"href":"https:\/\/www.ffcam38.com\/jeunes-alpinistes\/wp-json\/wp\/v2\/posts"}],"about":[{"href":"https:\/\/www.ffcam38.com\/jeunes-alpinistes\/wp-json\/wp\/v2\/types\/post"}],"author":[{"embeddable":true,"href":"https:\/\/www.ffcam38.com\/jeunes-alpinistes\/wp-json\/wp\/v2\/users\/5"}],"replies":[{"embeddable":true,"href":"https:\/\/www.ffcam38.com\/jeunes-alpinistes\/wp-json\/wp\/v2\/comments?post=4432"}],"version-history":[{"count":6,"href":"https:\/\/www.ffcam38.com\/jeunes-alpinistes\/wp-json\/wp\/v2\/posts\/4432\/revisions"}],"predecessor-version":[{"id":4444,"href":"https:\/\/www.ffcam38.com\/jeunes-alpinistes\/wp-json\/wp\/v2\/posts\/4432\/revisions\/4444"}],"wp:attachment":[{"href":"https:\/\/www.ffcam38.com\/jeunes-alpinistes\/wp-json\/wp\/v2\/media?parent=4432"}],"wp:term":[{"taxonomy":"category","embeddable":true,"href":"https:\/\/www.ffcam38.com\/jeunes-alpinistes\/wp-json\/wp\/v2\/categories?post=4432"},{"taxonomy":"post_tag","embeddable":true,"href":"https:\/\/www.ffcam38.com\/jeunes-alpinistes\/wp-json\/wp\/v2\/tags?post=4432"}],"curies":[{"name":"wp","href":"https:\/\/api.w.org\/{rel}","templated":true}]}}