{"id":4606,"date":"2020-01-01T10:48:00","date_gmt":"2020-01-01T09:48:00","guid":{"rendered":"http:\/\/www.ffcam38.com\/jeunes-alpinistes\/?p=4606"},"modified":"2021-03-09T19:49:08","modified_gmt":"2021-03-09T18:49:08","slug":"conference-neige-et-avalanche-avec-seb-escande","status":"publish","type":"post","link":"https:\/\/www.ffcam38.com\/jeunes-alpinistes\/2020\/01\/01\/conference-neige-et-avalanche-avec-seb-escande\/","title":{"rendered":"Conf\u00e9rence Neige et Avalanche avec Seb Escande &#8211; d\u00e9cembre 2019"},"content":{"rendered":"\n<p>Fin D\u00e9cembre, les Equipes Jeunes Alpinistes Is\u00e8re et le Dauphin\u00e9 Ski Alpinisme ont assist\u00e9 \u00e0 une conf\u00e9rence de S\u00e9bastien Escande (ANENA) sur les avalanches. <br>L&rsquo;objectif \u00e9tait d&rsquo;approfondir nos notions sur le terrain neigeux, en pr\u00e9vision de la saison d&rsquo;hiver qui approchait \u00e0 grand pas (on sait toujours pas si elle est pass\u00e9e d&rsquo;ailleurs). <br><br>Voici un r\u00e9sum\u00e9 de la prise de note d&rsquo;un des membres, le partage du savoir est important, \u00e7a peut sauver des vies, ou rendre moins idiots. Quoi que, parfois il vaut mieux ne pas savoir, \u00e7a fait moins peur ! <\/p>\n\n\n\n<p> Objectif de pr\u00e9venir l\u2019accident. <br><span style=\"text-decoration: underline\"> Ingr\u00e9dient&nbsp;: <\/span><br> &#8211;&nbsp;&nbsp;&nbsp;&nbsp;&nbsp;&nbsp;&nbsp;&nbsp;&nbsp; <strong>pente<\/strong> (sup\u00e9rieure \u00e0 28\u00b0 environ)<br> &#8211;&nbsp;&nbsp;&nbsp;&nbsp;&nbsp;&nbsp;&nbsp;&nbsp;&nbsp; <strong>vent <\/strong>(signe plaque)<br> &nbsp;<br><span style=\"text-decoration: underline\"> D\u00e9roulement avalanche&nbsp;:<\/span><br> 1)&nbsp;&nbsp;&nbsp;&nbsp;&nbsp; Initiation de la rupture de la couche fragile<br> 2)&nbsp;&nbsp;&nbsp;&nbsp;&nbsp; Propagation de la rupture de la couche fragile<br> 3)&nbsp;&nbsp;&nbsp;&nbsp;&nbsp; Initiation de la rupture de la plaque (si pente sup\u00e9rieure \u00e0 28\u00b0)<br> 4)&nbsp;&nbsp;&nbsp;&nbsp;&nbsp; Propagation de la rupture de pente (selon coh\u00e9sion de la neige de surface)<br> Le vent d\u00e9place les couches fragiles, on ne sait jamais ce qu\u2019on a sous les pieds (semelles ou ski c&rsquo;est mieux, la neige \u00e7a fait froid aux pieds). <br> &nbsp;<br> 4 aspects peuvent influencer les avalanches&nbsp;: <br><br> 1)&nbsp;&nbsp;&nbsp;&nbsp;&nbsp;<strong> La neige <\/strong><br>&#8211;  Observer avec b\u00e2ton. <br>&#8211; D\u00e9part spontan\u00e9 autour (meilleur indicateur de risque d&rsquo;avalanche, c&rsquo;est les avalanches elles-m\u00eames).<br><br>Attention si chute de 10-20 cm de neige fraiche avec temp\u00e9rature \u00e0 la hausse pendant la chute (alourdi la couche).<br> Attention si chute de 30-60 cm de neige fraiche avec temp\u00e9rature \u00e0 la baisse pendant la chute. <br>Attention au vent pendant la chute (va venir former des accumulations) + la pr\u00e9sence d\u2019une couche fragile sous la neige fraiche<br><br> 2)&nbsp;&nbsp;&nbsp;&nbsp;&nbsp; <strong>Le vent<\/strong><br> Le vent va faire varier les chutes et cr\u00e9er des accumulations.. <br> Termes du BRA&nbsp;: pr\u00eat des cr\u00eates (vent faible), loin des reliefs (vent fort). On s\u2019int\u00e9resse au transport de neige, pas forc\u00e9ment au vent.. <br> Lire les indices de surface. Erosion = talus fait front au vent. Accumulation (ex&nbsp;: Dune du Pilat, raid cot\u00e9 terre, doux c\u00f4t\u00e9 oc\u00e9an)<br> Attention aux zones abrit\u00e9es (qui ont \u00e9t\u00e9 charg\u00e9es en neige). <br> &nbsp;<br> 3)&nbsp;&nbsp;&nbsp;&nbsp;&nbsp;<strong> Les sous couches fragiles enfouies<\/strong><br> Attention hiver froid avec faible quantit\u00e9 de neige (pas recouvertes, donc toujours pr\u00e9sentes)<br> Attention aux chutes de neige apr\u00e8s p\u00e9riode froide avec beau temps. <br>Int\u00e9grer les infos du BRA sur manteau neigeux<br>Signaux&nbsp;: bruit, fissure du manteau neigeux, d\u00e9clenchements \u00e0 distance<br>M\u00e9fiance autour des versants froids&nbsp;! En Hiver, tout est froid sauf les pentes sud (et encore m\u00e9fiance au sud raide). En fin de saison, les versants froids se r\u00e9sument au versant nord. <br>Rocher au soleil, plut\u00f4t bon, tasse la neige (chauffe), potentiel lieu de repli<br>Rocher \u00e0 l\u2019ombre, cr\u00e9e du gobelet, donc attention. <br> &nbsp;<br> Le gobelet se forme par <strong>beau temps dans les zones froides<\/strong>.<br> &nbsp;<br> 4)&nbsp;&nbsp;&nbsp;&nbsp;&nbsp; <strong>Neige humide<\/strong><br> Avec la pluie (cr\u00e9e une surcharge, ajoute de la mati\u00e8re) ou la fonte (pas d\u2019ajout de mati\u00e8re).<br> D\u00e9clenchement spontan\u00e9&nbsp;:<br> Attention la premi\u00e8re heure en cas de pluie forte (sature le haut de la couche puis file en bas et fragilise la couche du bas). Au printemps, il vaut mieux aller dans les couches humides avant une pluie (car la couche est d\u00e9j\u00e0 charg\u00e9e)<br> &nbsp;<br> Epaisseur de neige meuble<br> Epaisseur croute de regel (+ c\u2019est \u00e9pais, + on peut skier tard dans la journ\u00e9e)<br> &nbsp;<br> <span style=\"text-decoration: underline\">Termes BRA<\/span><br> Coul\u00e9e = avalanche s\u2019arr\u00eate dans la pente<br> Avalanche taille moyenne = s\u2019arr\u00eate en bas de la pente<br> Avalanche de grande taille = passe un plat et peu remonter c\u00f4t\u00e9 oppos\u00e9<br> &nbsp;<br> En lien avec la sous couche, si on ski en pente ouest, il faut se m\u00e9fier de la pente main droite (rapproche de la face nord), si on ski pente est, il se faut se m\u00e9fier de la pente main gauche. <br> &nbsp;<br> En groupe, border la trace (mettre une limite lat\u00e9rale) au-del\u00e0 duquel il ne faut pas aller. <br> Utiliser des moyens de communication lever le b\u00e2ton pour \u00ab&nbsp;ok&nbsp;\u00bb, croiser les b\u00e2tons pour \u00ab&nbsp;il y a un probl\u00e8me&nbsp;\u00bb, toujours montrer la solution, <strong>ne pas montrer le probl\u00e8me<\/strong>. <br> &nbsp;<br> Attention aux spots de speed riding (ski + petite voile), ne pas suivre les traces b\u00eatement. Si t&rsquo;as pas de voile, tu risques pas trop d&rsquo;aimer le vol !<\/p>\n","protected":false},"excerpt":{"rendered":"<p>Fin D\u00e9cembre, les Equipes Jeunes Alpinistes Is\u00e8re et le Dauphin\u00e9 Ski Alpinisme ont assist\u00e9 \u00e0 une conf\u00e9rence de S\u00e9bastien Escande (ANENA) sur les avalanches. L&rsquo;objectif \u00e9tait d&rsquo;approfondir nos notions sur le terrain neigeux, en pr\u00e9vision de la saison d&rsquo;hiver qui approchait \u00e0 grand pas (on sait toujours pas si elle est pass\u00e9e d&rsquo;ailleurs). Voici un r\u00e9sum\u00e9 de la prise de note d&rsquo;un des membres, le partage du savoir est important, \u00e7a peut sauver des vies, ou rendre moins idiots. Quoi&#8230;<\/p>\n<p class=\"read-more\"><a class=\"btn btn-default\" href=\"https:\/\/www.ffcam38.com\/jeunes-alpinistes\/2020\/01\/01\/conference-neige-et-avalanche-avec-seb-escande\/\">Lire la suite<span class=\"screen-reader-text\"> Lire la suite<\/span><\/a><\/p>\n","protected":false},"author":41,"featured_media":0,"comment_status":"open","ping_status":"open","sticky":false,"template":"","format":"standard","meta":{"footnotes":""},"categories":[],"tags":[41,42],"class_list":["post-4606","post","type-post","status-publish","format-standard","hentry","tag-avalanche","tag-conference"],"_links":{"self":[{"href":"https:\/\/www.ffcam38.com\/jeunes-alpinistes\/wp-json\/wp\/v2\/posts\/4606","targetHints":{"allow":["GET"]}}],"collection":[{"href":"https:\/\/www.ffcam38.com\/jeunes-alpinistes\/wp-json\/wp\/v2\/posts"}],"about":[{"href":"https:\/\/www.ffcam38.com\/jeunes-alpinistes\/wp-json\/wp\/v2\/types\/post"}],"author":[{"embeddable":true,"href":"https:\/\/www.ffcam38.com\/jeunes-alpinistes\/wp-json\/wp\/v2\/users\/41"}],"replies":[{"embeddable":true,"href":"https:\/\/www.ffcam38.com\/jeunes-alpinistes\/wp-json\/wp\/v2\/comments?post=4606"}],"version-history":[{"count":5,"href":"https:\/\/www.ffcam38.com\/jeunes-alpinistes\/wp-json\/wp\/v2\/posts\/4606\/revisions"}],"predecessor-version":[{"id":4761,"href":"https:\/\/www.ffcam38.com\/jeunes-alpinistes\/wp-json\/wp\/v2\/posts\/4606\/revisions\/4761"}],"wp:attachment":[{"href":"https:\/\/www.ffcam38.com\/jeunes-alpinistes\/wp-json\/wp\/v2\/media?parent=4606"}],"wp:term":[{"taxonomy":"category","embeddable":true,"href":"https:\/\/www.ffcam38.com\/jeunes-alpinistes\/wp-json\/wp\/v2\/categories?post=4606"},{"taxonomy":"post_tag","embeddable":true,"href":"https:\/\/www.ffcam38.com\/jeunes-alpinistes\/wp-json\/wp\/v2\/tags?post=4606"}],"curies":[{"name":"wp","href":"https:\/\/api.w.org\/{rel}","templated":true}]}}