{"id":4674,"date":"2020-09-29T23:14:30","date_gmt":"2020-09-29T21:14:30","guid":{"rendered":"http:\/\/www.ffcam38.com\/jeunes-alpinistes\/?p=4674"},"modified":"2021-03-09T19:25:37","modified_gmt":"2021-03-09T18:25:37","slug":"week-end-initiateur-equipes-promo","status":"publish","type":"post","link":"https:\/\/www.ffcam38.com\/jeunes-alpinistes\/2020\/09\/29\/week-end-initiateur-equipes-promo\/","title":{"rendered":"Week-end Initiateur \u00c9quipes Promo &#8211; septembre 2020"},"content":{"rendered":"\n<p>En ce premier week-end de septembre, les \u00ab\u00a0promos\u00a0\u00bb passent l\u2019initiateur alpinisme\u00a0! Nous nous retrouvons \u00e0 La Grave autour d\u2019un caf\u00e9 au soleil, pour nous raconter nos exploits alpinistes de l\u2019\u00e9t\u00e9 et nos sorties \u00e0 venir. Mais nous sommes d\u00e9j\u00e0 en retard pour rejoindre le reste du groupe qui nous attend au Chazelet. Direction le site \u00e9cole d\u2019escalade, pour r\u00e9viser les manips de mouflages dans le cas o\u00f9 un second aurait trop profit\u00e9 des tartiflettes de l\u2019hiver.<\/p>\n\n\n\n<figure class=\"wp-block-image size-large\"><img loading=\"lazy\" decoding=\"async\" width=\"1024\" height=\"683\" src=\"https:\/\/www.ffcam38.com\/jeunes-alpinistes\/wp-content\/uploads\/2020\/09\/2020_09_06_pic-grave_0007export-1024x683.jpg\" alt=\"\" class=\"wp-image-4675\" srcset=\"https:\/\/www.ffcam38.com\/jeunes-alpinistes\/wp-content\/uploads\/2020\/09\/2020_09_06_pic-grave_0007export-1024x683.jpg 1024w, https:\/\/www.ffcam38.com\/jeunes-alpinistes\/wp-content\/uploads\/2020\/09\/2020_09_06_pic-grave_0007export-300x200.jpg 300w, https:\/\/www.ffcam38.com\/jeunes-alpinistes\/wp-content\/uploads\/2020\/09\/2020_09_06_pic-grave_0007export-768x512.jpg 768w, https:\/\/www.ffcam38.com\/jeunes-alpinistes\/wp-content\/uploads\/2020\/09\/2020_09_06_pic-grave_0007export-405x270.jpg 405w, https:\/\/www.ffcam38.com\/jeunes-alpinistes\/wp-content\/uploads\/2020\/09\/2020_09_06_pic-grave_0007export.jpg 1200w\" sizes=\"auto, (max-width: 1024px) 100vw, 1024px\" \/><figcaption>photo : Nicolas Gamby<\/figcaption><\/figure>\n\n\n\n<p>Apr\u00e8s un pique-nique au soleil, on rejoint le t\u00e9l\u00e9ph\u00e9rique de La Grave pour monter au col des Ruillans. On enfile les crampons, on s\u2019encorde et c\u2019est parti pour une petite ballade sur le glacier de la Girose. On en profite pour travailler la simulation de chute en crevasses mais aussi les manips de secours. Corps mort, mouflage simple et double, mariner simple et double, avec toutes ces poulies et autobloquants, \u00e7a fait des n\u0153uds au cerveau mais on pourrait remonter n\u2019importe qui.<\/p>\n\n\n\n<div class=\"wp-block-image\"><figure class=\"aligncenter size-large\"><img loading=\"lazy\" decoding=\"async\" width=\"1024\" height=\"683\" src=\"https:\/\/www.ffcam38.com\/jeunes-alpinistes\/wp-content\/uploads\/2020\/09\/2020_09_06_pic-grave_0038export-1-1024x683.jpg\" alt=\"\" class=\"wp-image-4678\" srcset=\"https:\/\/www.ffcam38.com\/jeunes-alpinistes\/wp-content\/uploads\/2020\/09\/2020_09_06_pic-grave_0038export-1-1024x683.jpg 1024w, https:\/\/www.ffcam38.com\/jeunes-alpinistes\/wp-content\/uploads\/2020\/09\/2020_09_06_pic-grave_0038export-1-300x200.jpg 300w, https:\/\/www.ffcam38.com\/jeunes-alpinistes\/wp-content\/uploads\/2020\/09\/2020_09_06_pic-grave_0038export-1-768x512.jpg 768w, https:\/\/www.ffcam38.com\/jeunes-alpinistes\/wp-content\/uploads\/2020\/09\/2020_09_06_pic-grave_0038export-1-405x270.jpg 405w, https:\/\/www.ffcam38.com\/jeunes-alpinistes\/wp-content\/uploads\/2020\/09\/2020_09_06_pic-grave_0038export-1.jpg 1200w\" sizes=\"auto, (max-width: 1024px) 100vw, 1024px\" \/><figcaption>photo : Nicolas Gamby<\/figcaption><\/figure><\/div>\n\n\n\n<div class=\"wp-block-image is-style-default\"><figure class=\"alignleft size-large is-resized\"><img loading=\"lazy\" decoding=\"async\" src=\"https:\/\/www.ffcam38.com\/jeunes-alpinistes\/wp-content\/uploads\/2020\/09\/20200905_194254-1.jpg\" alt=\"\" class=\"wp-image-4682\" width=\"281\" height=\"374\" srcset=\"https:\/\/www.ffcam38.com\/jeunes-alpinistes\/wp-content\/uploads\/2020\/09\/20200905_194254-1.jpg 600w, https:\/\/www.ffcam38.com\/jeunes-alpinistes\/wp-content\/uploads\/2020\/09\/20200905_194254-1-225x300.jpg 225w, https:\/\/www.ffcam38.com\/jeunes-alpinistes\/wp-content\/uploads\/2020\/09\/20200905_194254-1-203x270.jpg 203w\" sizes=\"auto, (max-width: 281px) 100vw, 281px\" \/><figcaption>photo : Salom\u00e9 Baudouin<\/figcaption><\/figure><\/div>\n\n\n\n<p>De retour au col, on monte le camp au pied du t\u00e9l\u00e9ph\u00e9rique, et pour se r\u00e9chauffer, les plus t\u00e9m\u00e9raires d\u2019entre nous se lancent sur quelques remont\u00e9es sur cordes au soleil couchant\u00a0: magnifique\u00a0! En parall\u00e8le, chacun pr\u00e9sente sa liste de courses aux grands manitous Nico et Victor, afin de valider l\u2019initiateur.<\/p>\n\n\n\n<p><\/p>\n\n\n\n<p><\/p>\n\n\n\n<p>Ce soir, c\u2019est p\u00e2tes au pesto&nbsp;!! Mais pas facile de faire \u00e0 manger pour 15 personnes \u00e0 3200m d\u2019altitude alors qu\u2019il fait bien froid. Apr\u00e8s un bon repas, tout le monde est press\u00e9 de rejoindre la chaleur de son duvet pour une nuit qui s\u2019av\u00e8re difficile pour la plupart d\u2019entre nous.<\/p>\n\n\n\n<p>R\u00e9veil au lever de soleil, et apr\u00e8s un petit d\u00e9jeuner rapide, nous nous r\u00e9partissons sur deux courses\u00a0: R\u00e2teau W de la Meige et Pic de La Grave. Il fait beau, les premiers rayons de soleil nous r\u00e9chauffent. Les conditions sont bonnes, les itin\u00e9raires trac\u00e9s et les sommets sont vite atteints. La vue est splendide, panorama int\u00e9gral sur les sommets des Ecrins. Nico nous fait m\u00eame un cours de reconnaissance des sommets\u00a0! Retour au camp sans encombre, nous redescendons \u00e0 La Grave bien avant la derni\u00e8re benne. <\/p>\n\n\n\n<div class=\"wp-block-image\"><figure class=\"aligncenter size-large\"><img loading=\"lazy\" decoding=\"async\" width=\"1024\" height=\"576\" src=\"https:\/\/www.ffcam38.com\/jeunes-alpinistes\/wp-content\/uploads\/2020\/09\/DSC_1331-1024x576.jpg\" alt=\"\" class=\"wp-image-4680\" srcset=\"https:\/\/www.ffcam38.com\/jeunes-alpinistes\/wp-content\/uploads\/2020\/09\/DSC_1331-1024x576.jpg 1024w, https:\/\/www.ffcam38.com\/jeunes-alpinistes\/wp-content\/uploads\/2020\/09\/DSC_1331-300x169.jpg 300w, https:\/\/www.ffcam38.com\/jeunes-alpinistes\/wp-content\/uploads\/2020\/09\/DSC_1331-768x432.jpg 768w, https:\/\/www.ffcam38.com\/jeunes-alpinistes\/wp-content\/uploads\/2020\/09\/DSC_1331-480x270.jpg 480w, https:\/\/www.ffcam38.com\/jeunes-alpinistes\/wp-content\/uploads\/2020\/09\/DSC_1331.jpg 1422w\" sizes=\"auto, (max-width: 1024px) 100vw, 1024px\" \/><figcaption>photo : Arya Gorgy<\/figcaption><\/figure><\/div>\n\n\n\n<p>Pour clore le week-end, on se retrouve au Bourg d\u2019Oisans pour partager une coupe de glace bien m\u00e9rit\u00e9e ! Avec l\u2019initiateur en poche, on se donne rendez-vous pour le week-end d\u2019application au Grand Parcours Alpinisme de La B\u00e9rarde.<\/p>\n\n\n\n<figure class=\"wp-block-image size-large\"><img loading=\"lazy\" decoding=\"async\" width=\"1024\" height=\"683\" src=\"https:\/\/www.ffcam38.com\/jeunes-alpinistes\/wp-content\/uploads\/2020\/09\/2020_09_06_pic-grave_0117export-1024x683.jpg\" alt=\"\" class=\"wp-image-4677\" srcset=\"https:\/\/www.ffcam38.com\/jeunes-alpinistes\/wp-content\/uploads\/2020\/09\/2020_09_06_pic-grave_0117export-1024x683.jpg 1024w, https:\/\/www.ffcam38.com\/jeunes-alpinistes\/wp-content\/uploads\/2020\/09\/2020_09_06_pic-grave_0117export-300x200.jpg 300w, https:\/\/www.ffcam38.com\/jeunes-alpinistes\/wp-content\/uploads\/2020\/09\/2020_09_06_pic-grave_0117export-768x512.jpg 768w, https:\/\/www.ffcam38.com\/jeunes-alpinistes\/wp-content\/uploads\/2020\/09\/2020_09_06_pic-grave_0117export-405x270.jpg 405w, https:\/\/www.ffcam38.com\/jeunes-alpinistes\/wp-content\/uploads\/2020\/09\/2020_09_06_pic-grave_0117export.jpg 1200w\" sizes=\"auto, (max-width: 1024px) 100vw, 1024px\" \/><figcaption>photo : Nicolas Gamby<\/figcaption><\/figure>\n","protected":false},"excerpt":{"rendered":"<p>En ce premier week-end de septembre, les \u00ab\u00a0promos\u00a0\u00bb passent l\u2019initiateur alpinisme\u00a0! Nous nous retrouvons \u00e0 La Grave autour d\u2019un caf\u00e9 au soleil, pour nous raconter nos exploits alpinistes de l\u2019\u00e9t\u00e9 et nos sorties \u00e0 venir. Mais nous sommes d\u00e9j\u00e0 en retard pour rejoindre le reste du groupe qui nous attend au Chazelet. Direction le site \u00e9cole d\u2019escalade, pour r\u00e9viser les manips de mouflages dans le cas o\u00f9 un second aurait trop profit\u00e9 des tartiflettes de l\u2019hiver. Apr\u00e8s un pique-nique au&#8230;<\/p>\n<p class=\"read-more\"><a class=\"btn btn-default\" href=\"https:\/\/www.ffcam38.com\/jeunes-alpinistes\/2020\/09\/29\/week-end-initiateur-equipes-promo\/\">Lire la suite<span class=\"screen-reader-text\"> Lire la suite<\/span><\/a><\/p>\n","protected":false},"author":46,"featured_media":4684,"comment_status":"open","ping_status":"open","sticky":false,"template":"","format":"standard","meta":{"footnotes":""},"categories":[35,187,10,32,33],"tags":[],"class_list":["post-4674","post","type-post","status-publish","format-standard","has-post-thumbnail","hentry","category-actualites","category-recits-au-top","category-les-sorties","category-sorties-promo-1","category-sorties-promo-2"],"_links":{"self":[{"href":"https:\/\/www.ffcam38.com\/jeunes-alpinistes\/wp-json\/wp\/v2\/posts\/4674","targetHints":{"allow":["GET"]}}],"collection":[{"href":"https:\/\/www.ffcam38.com\/jeunes-alpinistes\/wp-json\/wp\/v2\/posts"}],"about":[{"href":"https:\/\/www.ffcam38.com\/jeunes-alpinistes\/wp-json\/wp\/v2\/types\/post"}],"author":[{"embeddable":true,"href":"https:\/\/www.ffcam38.com\/jeunes-alpinistes\/wp-json\/wp\/v2\/users\/46"}],"replies":[{"embeddable":true,"href":"https:\/\/www.ffcam38.com\/jeunes-alpinistes\/wp-json\/wp\/v2\/comments?post=4674"}],"version-history":[{"count":2,"href":"https:\/\/www.ffcam38.com\/jeunes-alpinistes\/wp-json\/wp\/v2\/posts\/4674\/revisions"}],"predecessor-version":[{"id":4758,"href":"https:\/\/www.ffcam38.com\/jeunes-alpinistes\/wp-json\/wp\/v2\/posts\/4674\/revisions\/4758"}],"wp:featuredmedia":[{"embeddable":true,"href":"https:\/\/www.ffcam38.com\/jeunes-alpinistes\/wp-json\/wp\/v2\/media\/4684"}],"wp:attachment":[{"href":"https:\/\/www.ffcam38.com\/jeunes-alpinistes\/wp-json\/wp\/v2\/media?parent=4674"}],"wp:term":[{"taxonomy":"category","embeddable":true,"href":"https:\/\/www.ffcam38.com\/jeunes-alpinistes\/wp-json\/wp\/v2\/categories?post=4674"},{"taxonomy":"post_tag","embeddable":true,"href":"https:\/\/www.ffcam38.com\/jeunes-alpinistes\/wp-json\/wp\/v2\/tags?post=4674"}],"curies":[{"name":"wp","href":"https:\/\/api.w.org\/{rel}","templated":true}]}}