{"id":5062,"date":"2022-08-27T20:13:17","date_gmt":"2022-08-27T18:13:17","guid":{"rendered":"http:\/\/www.ffcam38.com\/jeunes-alpinistes\/?p=5062"},"modified":"2022-09-07T09:20:20","modified_gmt":"2022-09-07T07:20:20","slug":"epopee-granitique-a-orny-16-19-juin-2022","status":"publish","type":"post","link":"https:\/\/www.ffcam38.com\/jeunes-alpinistes\/2022\/08\/27\/epopee-granitique-a-orny-16-19-juin-2022\/","title":{"rendered":"Epop\u00e9e granitique \u00e0 Orny &#8211; 16-19 juin 2022"},"content":{"rendered":"\n<p>La p\u00e9riode alpinistique estivale bat son plein en cette mi-juin extraordinairement s\u00e8che et il est temps pour les Jeunes Alpi de prendre un peu de hauteur apr\u00e8s un basecamp \u00ab\u00a0pure grimpe\u00a0\u00bb dans le Verdon quelques semaines plus t\u00f4t. C\u2019est ainsi que nous nous dirigeons vers l\u2019extr\u00eame nord du massif du Mont-Blanc, pour zoner autour de la cabane d\u2019Orny.<\/p>\n\n\n\n<p>Mais avant de monter le camp, il faut monter les sacs&nbsp;! Et avec 4 jours d\u2019autonomie et tous le matos sur le dos, ce n\u2019est pas une mince affaire&nbsp;! C\u2019est \u00e0 l\u2019unanimit\u00e9 que l\u2019on choisit de prendre le t\u00e9l\u00e9si\u00e8ge pour esquiver le gros du d\u00e9nivel\u00e9, mais il reste encore deux bonnes heures de marche sous un soleil de plomb, les corps pliants sous le poids des sacs et la sueur perlant les fronts.<\/p>\n\n\n\n<div class=\"wp-block-columns is-layout-flex wp-container-core-columns-is-layout-9d6595d7 wp-block-columns-is-layout-flex\">\n<div class=\"wp-block-column is-layout-flow wp-block-column-is-layout-flow\">\n<figure class=\"wp-block-image size-full\"><img loading=\"lazy\" decoding=\"async\" width=\"600\" height=\"800\" src=\"https:\/\/www.ffcam38.com\/jeunes-alpinistes\/wp-content\/uploads\/2022\/08\/sac.jpg\" alt=\"\" class=\"wp-image-5066\" srcset=\"https:\/\/www.ffcam38.com\/jeunes-alpinistes\/wp-content\/uploads\/2022\/08\/sac.jpg 600w, https:\/\/www.ffcam38.com\/jeunes-alpinistes\/wp-content\/uploads\/2022\/08\/sac-225x300.jpg 225w, https:\/\/www.ffcam38.com\/jeunes-alpinistes\/wp-content\/uploads\/2022\/08\/sac-203x270.jpg 203w\" sizes=\"auto, (max-width: 600px) 100vw, 600px\" \/><figcaption>Ang\u00e9lique en mode Fast &amp; Light sur l\u2019approche<\/figcaption><\/figure>\n<\/div>\n\n\n\n<div class=\"wp-block-column is-layout-flow wp-block-column-is-layout-flow\">\n<div style=\"height:37px\" aria-hidden=\"true\" class=\"wp-block-spacer\"><\/div>\n\n\n\n<figure class=\"wp-block-image size-large\"><img loading=\"lazy\" decoding=\"async\" width=\"1024\" height=\"768\" src=\"https:\/\/www.ffcam38.com\/jeunes-alpinistes\/wp-content\/uploads\/2022\/08\/camp_vue-1024x768.jpg\" alt=\"\" class=\"wp-image-5067\" srcset=\"https:\/\/www.ffcam38.com\/jeunes-alpinistes\/wp-content\/uploads\/2022\/08\/camp_vue-1024x768.jpg 1024w, https:\/\/www.ffcam38.com\/jeunes-alpinistes\/wp-content\/uploads\/2022\/08\/camp_vue-300x225.jpg 300w, https:\/\/www.ffcam38.com\/jeunes-alpinistes\/wp-content\/uploads\/2022\/08\/camp_vue-768x576.jpg 768w, https:\/\/www.ffcam38.com\/jeunes-alpinistes\/wp-content\/uploads\/2022\/08\/camp_vue-360x270.jpg 360w, https:\/\/www.ffcam38.com\/jeunes-alpinistes\/wp-content\/uploads\/2022\/08\/camp_vue.jpg 1066w\" sizes=\"auto, (max-width: 1024px) 100vw, 1024px\" \/><figcaption>Mieux ici qu\u2019\u00e0 Grenoble&nbsp;!<\/figcaption><\/figure>\n<\/div>\n<\/div>\n\n\n\n<p>La motivation est tr\u00e8s forte dans les rangs et, une fois le camp mont\u00e9, nous voici d\u00e9j\u00e0 \u00e9parpill\u00e9s sur les falaises et autres ar\u00eates des environs, pour s\u2019\u00e9chauffer la couenne avant les trois jours qui nous attendent\u2026 Mais tout le monde est \u00e0 l\u2019heure pour le repas et la bonne ambiance du camp : les histoires, les r\u00eaves et les projets fusent comme autant de preuves de la solide passion pour la montagne qui nous anime commun\u00e9ment.<\/p>\n\n\n\n<div class=\"wp-block-columns is-layout-flex wp-container-core-columns-is-layout-9d6595d7 wp-block-columns-is-layout-flex\">\n<div class=\"wp-block-column is-layout-flow wp-block-column-is-layout-flow\">\n<figure class=\"wp-block-image size-large\"><img loading=\"lazy\" decoding=\"async\" width=\"1024\" height=\"768\" src=\"https:\/\/www.ffcam38.com\/jeunes-alpinistes\/wp-content\/uploads\/2022\/08\/guillaume_medite-1024x768.jpg\" alt=\"\" class=\"wp-image-5068\" srcset=\"https:\/\/www.ffcam38.com\/jeunes-alpinistes\/wp-content\/uploads\/2022\/08\/guillaume_medite-1024x768.jpg 1024w, https:\/\/www.ffcam38.com\/jeunes-alpinistes\/wp-content\/uploads\/2022\/08\/guillaume_medite-300x225.jpg 300w, https:\/\/www.ffcam38.com\/jeunes-alpinistes\/wp-content\/uploads\/2022\/08\/guillaume_medite-768x576.jpg 768w, https:\/\/www.ffcam38.com\/jeunes-alpinistes\/wp-content\/uploads\/2022\/08\/guillaume_medite-360x270.jpg 360w, https:\/\/www.ffcam38.com\/jeunes-alpinistes\/wp-content\/uploads\/2022\/08\/guillaume_medite.jpg 1067w\" sizes=\"auto, (max-width: 1024px) 100vw, 1024px\" \/><figcaption>Guillaume en pleine m\u00e9ditation devant sa voie du lendemain\u2026<\/figcaption><\/figure>\n<\/div>\n\n\n\n<div class=\"wp-block-column is-layout-flow wp-block-column-is-layout-flow\">\n<figure class=\"wp-block-image size-large\"><img loading=\"lazy\" decoding=\"async\" width=\"1024\" height=\"683\" src=\"https:\/\/www.ffcam38.com\/jeunes-alpinistes\/wp-content\/uploads\/2022\/08\/camp-1024x683.jpg\" alt=\"\" class=\"wp-image-5069\" srcset=\"https:\/\/www.ffcam38.com\/jeunes-alpinistes\/wp-content\/uploads\/2022\/08\/camp-1024x683.jpg 1024w, https:\/\/www.ffcam38.com\/jeunes-alpinistes\/wp-content\/uploads\/2022\/08\/camp-300x200.jpg 300w, https:\/\/www.ffcam38.com\/jeunes-alpinistes\/wp-content\/uploads\/2022\/08\/camp-768x512.jpg 768w, https:\/\/www.ffcam38.com\/jeunes-alpinistes\/wp-content\/uploads\/2022\/08\/camp-405x270.jpg 405w, https:\/\/www.ffcam38.com\/jeunes-alpinistes\/wp-content\/uploads\/2022\/08\/camp.jpg 1200w\" sizes=\"auto, (max-width: 1024px) 100vw, 1024px\" \/><figcaption>Toujours dans la joie et la bonne humeur les basecamps EJA&nbsp;!<\/figcaption><\/figure>\n<\/div>\n<\/div>\n\n\n\n<p>Qui dit montagne dit r\u00e9veil t\u00f4t, on est pas dans le Verdon ici\u00a0! Seuls ceux qui se rendent au <em>Petit Clocher du Portalet<\/em> peuvent se permettre la grasse matin\u00e9e. Les autres c\u2019est d\u00e9part 5h pour profiter d\u2019un semblant de regel en cette p\u00e9riode de canicule\u2026 Nombreux sont ceux qui font la demi-travers\u00e9e des <em>Aiguilles Dor\u00e9es<\/em>, un itin\u00e9raire splendide offrant aussi bien des paysages \u00e9poustouflants que de la grimpe int\u00e9ressante sur du granite exceptionnel. Les autres se rendent \u00e0 l\u2019<em>Aiguille du Tour<\/em> et dans les falaises environnantes pour profiter, eux aussi, de la qualit\u00e9 du rocher.<\/p>\n\n\n\n<p>Cette premi\u00e8re journ\u00e9e ach\u00e8ve de nous convaincre de l\u2019\u00e9tendue des possibilit\u00e9s que ce petit coin de paradis rocailleux a \u00e0 nous offrir, et on revient tous plus motiv\u00e9s que jamais pour le lendemain\u2026<\/p>\n\n\n\n<figure class=\"wp-block-image size-large is-resized\"><img loading=\"lazy\" decoding=\"async\" src=\"https:\/\/www.ffcam38.com\/jeunes-alpinistes\/wp-content\/uploads\/2022\/08\/dorees_approche-1024x768.jpg\" alt=\"\" class=\"wp-image-5070\" width=\"840\" height=\"630\" srcset=\"https:\/\/www.ffcam38.com\/jeunes-alpinistes\/wp-content\/uploads\/2022\/08\/dorees_approche-1024x768.jpg 1024w, https:\/\/www.ffcam38.com\/jeunes-alpinistes\/wp-content\/uploads\/2022\/08\/dorees_approche-300x225.jpg 300w, https:\/\/www.ffcam38.com\/jeunes-alpinistes\/wp-content\/uploads\/2022\/08\/dorees_approche-768x576.jpg 768w, https:\/\/www.ffcam38.com\/jeunes-alpinistes\/wp-content\/uploads\/2022\/08\/dorees_approche-360x270.jpg 360w, https:\/\/www.ffcam38.com\/jeunes-alpinistes\/wp-content\/uploads\/2022\/08\/dorees_approche.jpg 1067w\" sizes=\"auto, (max-width: 840px) 100vw, 840px\" \/><figcaption>Les <em>Aiguilles Dor\u00e9es<\/em> au petit matin\u2026<\/figcaption><\/figure>\n\n\n\n<div class=\"wp-block-columns is-layout-flex wp-container-core-columns-is-layout-9d6595d7 wp-block-columns-is-layout-flex\">\n<div class=\"wp-block-column is-layout-flow wp-block-column-is-layout-flow\">\n<div style=\"height:62px\" aria-hidden=\"true\" class=\"wp-block-spacer\"><\/div>\n\n\n\n<figure class=\"wp-block-image size-large\"><img loading=\"lazy\" decoding=\"async\" width=\"1024\" height=\"768\" src=\"https:\/\/www.ffcam38.com\/jeunes-alpinistes\/wp-content\/uploads\/2022\/08\/dorees_1-1024x768.jpg\" alt=\"\" class=\"wp-image-5071\" srcset=\"https:\/\/www.ffcam38.com\/jeunes-alpinistes\/wp-content\/uploads\/2022\/08\/dorees_1-1024x768.jpg 1024w, https:\/\/www.ffcam38.com\/jeunes-alpinistes\/wp-content\/uploads\/2022\/08\/dorees_1-300x225.jpg 300w, https:\/\/www.ffcam38.com\/jeunes-alpinistes\/wp-content\/uploads\/2022\/08\/dorees_1-768x576.jpg 768w, https:\/\/www.ffcam38.com\/jeunes-alpinistes\/wp-content\/uploads\/2022\/08\/dorees_1-360x270.jpg 360w, https:\/\/www.ffcam38.com\/jeunes-alpinistes\/wp-content\/uploads\/2022\/08\/dorees_1.jpg 1067w\" sizes=\"auto, (max-width: 1024px) 100vw, 1024px\" \/><figcaption>Manon, Estelle et le granite parfait des Dor\u00e9es<\/figcaption><\/figure>\n<\/div>\n\n\n\n<div class=\"wp-block-column is-layout-flow wp-block-column-is-layout-flow\"><div class=\"wp-block-image\">\n<figure class=\"aligncenter size-full is-resized\"><img loading=\"lazy\" decoding=\"async\" src=\"https:\/\/www.ffcam38.com\/jeunes-alpinistes\/wp-content\/uploads\/2022\/08\/etat_de_choc.jpg\" alt=\"\" class=\"wp-image-5072\" width=\"353\" height=\"470\"\/><figcaption>Le&nbsp;jeune Ben&nbsp;comme un poisson dans l\u2019eau dans <em>Etat de Choc<\/em><\/figcaption><\/figure>\n<\/div><\/div>\n<\/div>\n\n\n\n<p>Les travailleurs de l\u2019\u00e9quipe nous rejoignent le lendemain matin tr\u00e8s t\u00f4t apr\u00e8s une mont\u00e9e express et se dirigent vers l\u2019<em>Envers des Aiguilles Dor\u00e9es<\/em> et ses grandes voies trad d\u2019anthologie&nbsp;qui n\u2019ont pas \u00e0 rougir devant celles de l\u2019Envers des Aiguilles de Chamonix&nbsp;! D\u2019autres cord\u00e9es partent pour la demi-travers\u00e9e et la travers\u00e9e int\u00e9grale des Dor\u00e9es tandis que les derniers se rendent \u00e0 l\u2019ar\u00eate Sud de l\u2019<em>Aiguille Purtscheller<\/em>.<\/p>\n\n\n\n<p>Cette fois la fatigue commence \u00e0 se faire ressentir parmi les troupes\u2026 Mais l\u2019ambiance au camp n\u2019en est que plus \u00e0 la rigolade et \u00e0 la bonne humeur&nbsp;!<\/p>\n\n\n\n<div class=\"wp-block-columns is-layout-flex wp-container-core-columns-is-layout-9d6595d7 wp-block-columns-is-layout-flex\">\n<div class=\"wp-block-column is-layout-flow wp-block-column-is-layout-flow\">\n<figure class=\"wp-block-image size-full\"><img loading=\"lazy\" decoding=\"async\" width=\"600\" height=\"800\" src=\"https:\/\/www.ffcam38.com\/jeunes-alpinistes\/wp-content\/uploads\/2022\/08\/grimpe.jpg\" alt=\"\" class=\"wp-image-5075\" srcset=\"https:\/\/www.ffcam38.com\/jeunes-alpinistes\/wp-content\/uploads\/2022\/08\/grimpe.jpg 600w, https:\/\/www.ffcam38.com\/jeunes-alpinistes\/wp-content\/uploads\/2022\/08\/grimpe-225x300.jpg 225w, https:\/\/www.ffcam38.com\/jeunes-alpinistes\/wp-content\/uploads\/2022\/08\/grimpe-203x270.jpg 203w\" sizes=\"auto, (max-width: 600px) 100vw, 600px\" \/><figcaption>Du pur granite pour Laura !<\/figcaption><\/figure>\n<\/div>\n\n\n\n<div class=\"wp-block-column is-layout-flow wp-block-column-is-layout-flow\">\n<figure class=\"wp-block-image size-full\"><img loading=\"lazy\" decoding=\"async\" width=\"600\" height=\"800\" src=\"https:\/\/www.ffcam38.com\/jeunes-alpinistes\/wp-content\/uploads\/2022\/08\/envers_dorees.jpg\" alt=\"\" class=\"wp-image-5076\" srcset=\"https:\/\/www.ffcam38.com\/jeunes-alpinistes\/wp-content\/uploads\/2022\/08\/envers_dorees.jpg 600w, https:\/\/www.ffcam38.com\/jeunes-alpinistes\/wp-content\/uploads\/2022\/08\/envers_dorees-225x300.jpg 225w, https:\/\/www.ffcam38.com\/jeunes-alpinistes\/wp-content\/uploads\/2022\/08\/envers_dorees-203x270.jpg 203w\" sizes=\"auto, (max-width: 600px) 100vw, 600px\" \/><figcaption>Romain en pleine varappe dans l&rsquo;<em>Envers des Aiguilles Dor\u00e9es<\/em><\/figcaption><\/figure>\n<\/div>\n<\/div>\n\n\n\n<figure class=\"wp-block-image size-large\"><img loading=\"lazy\" decoding=\"async\" width=\"1024\" height=\"683\" src=\"https:\/\/www.ffcam38.com\/jeunes-alpinistes\/wp-content\/uploads\/2022\/08\/purtscheller-1024x683.jpg\" alt=\"\" class=\"wp-image-5077\" srcset=\"https:\/\/www.ffcam38.com\/jeunes-alpinistes\/wp-content\/uploads\/2022\/08\/purtscheller-1024x683.jpg 1024w, https:\/\/www.ffcam38.com\/jeunes-alpinistes\/wp-content\/uploads\/2022\/08\/purtscheller-300x200.jpg 300w, https:\/\/www.ffcam38.com\/jeunes-alpinistes\/wp-content\/uploads\/2022\/08\/purtscheller-768x512.jpg 768w, https:\/\/www.ffcam38.com\/jeunes-alpinistes\/wp-content\/uploads\/2022\/08\/purtscheller-405x270.jpg 405w, https:\/\/www.ffcam38.com\/jeunes-alpinistes\/wp-content\/uploads\/2022\/08\/purtscheller.jpg 1200w\" sizes=\"auto, (max-width: 1024px) 100vw, 1024px\" \/><figcaption>Droit sur l\u2019objectif&nbsp;:&nbsp; l\u2019ar\u00eate S de l\u2019aiguille Purtscheller<\/figcaption><\/figure>\n\n\n\n<p>Pour le dernier jour, l\u2019objectif est d\u2019\u00eatre rentr\u00e9 avant 15h au camp pour se pr\u00e9parer \u00e0 la redescente. Nombreux sont ceux qui se rendent au Portalet, d\u2019autres partent sur Purtscheller en partant tr\u00e8s t\u00f4t tandis que les derniers profitent d\u2019une longue nuit avant d\u2019aller se pr\u00e9lasser au soleil sur les couennes du coin.<\/p>\n\n\n\n<div class=\"wp-block-columns is-layout-flex wp-container-core-columns-is-layout-9d6595d7 wp-block-columns-is-layout-flex\">\n<div class=\"wp-block-column is-layout-flow wp-block-column-is-layout-flow\">\n<figure class=\"wp-block-image size-large\"><img loading=\"lazy\" decoding=\"async\" width=\"1024\" height=\"768\" src=\"https:\/\/www.ffcam38.com\/jeunes-alpinistes\/wp-content\/uploads\/2022\/08\/couenne-1024x768.jpg\" alt=\"\" class=\"wp-image-5078\" srcset=\"https:\/\/www.ffcam38.com\/jeunes-alpinistes\/wp-content\/uploads\/2022\/08\/couenne-1024x768.jpg 1024w, https:\/\/www.ffcam38.com\/jeunes-alpinistes\/wp-content\/uploads\/2022\/08\/couenne-300x225.jpg 300w, https:\/\/www.ffcam38.com\/jeunes-alpinistes\/wp-content\/uploads\/2022\/08\/couenne-768x576.jpg 768w, https:\/\/www.ffcam38.com\/jeunes-alpinistes\/wp-content\/uploads\/2022\/08\/couenne-360x270.jpg 360w, https:\/\/www.ffcam38.com\/jeunes-alpinistes\/wp-content\/uploads\/2022\/08\/couenne.jpg 1067w\" sizes=\"auto, (max-width: 1024px) 100vw, 1024px\" \/><figcaption>Couenne party<\/figcaption><\/figure>\n<\/div>\n\n\n\n<div class=\"wp-block-column is-layout-flow wp-block-column-is-layout-flow\">\n<figure class=\"wp-block-image size-large\"><img loading=\"lazy\" decoding=\"async\" width=\"1024\" height=\"683\" src=\"https:\/\/www.ffcam38.com\/jeunes-alpinistes\/wp-content\/uploads\/2022\/08\/photos-1024x683.jpg\" alt=\"\" class=\"wp-image-5079\" srcset=\"https:\/\/www.ffcam38.com\/jeunes-alpinistes\/wp-content\/uploads\/2022\/08\/photos-1024x683.jpg 1024w, https:\/\/www.ffcam38.com\/jeunes-alpinistes\/wp-content\/uploads\/2022\/08\/photos-300x200.jpg 300w, https:\/\/www.ffcam38.com\/jeunes-alpinistes\/wp-content\/uploads\/2022\/08\/photos-768x512.jpg 768w, https:\/\/www.ffcam38.com\/jeunes-alpinistes\/wp-content\/uploads\/2022\/08\/photos-405x270.jpg 405w, https:\/\/www.ffcam38.com\/jeunes-alpinistes\/wp-content\/uploads\/2022\/08\/photos.jpg 1200w\" sizes=\"auto, (max-width: 1024px) 100vw, 1024px\" \/><figcaption>Bien s\u00fbr, on pense \u00e0 faire des photos&nbsp;!<\/figcaption><\/figure>\n<\/div>\n<\/div>\n\n\n\n<p>Mais on se retrouve tous pour d\u00e9monter le champ de tentes que nous avions install\u00e9 avant de redescendre tranquillement vers la civilisation, des souvenirs plein la t\u00eate et la sensation d\u2019un week-end rondement men\u00e9\u2026<\/p>\n\n\n\n<div class=\"wp-block-columns is-layout-flex wp-container-core-columns-is-layout-9d6595d7 wp-block-columns-is-layout-flex\">\n<div class=\"wp-block-column is-layout-flow wp-block-column-is-layout-flow\">\n<div style=\"height:23px\" aria-hidden=\"true\" class=\"wp-block-spacer\"><\/div>\n\n\n\n<figure class=\"wp-block-image size-full\"><img loading=\"lazy\" decoding=\"async\" width=\"600\" height=\"800\" src=\"https:\/\/www.ffcam38.com\/jeunes-alpinistes\/wp-content\/uploads\/2022\/08\/retour.jpg\" alt=\"\" class=\"wp-image-5080\" srcset=\"https:\/\/www.ffcam38.com\/jeunes-alpinistes\/wp-content\/uploads\/2022\/08\/retour.jpg 600w, https:\/\/www.ffcam38.com\/jeunes-alpinistes\/wp-content\/uploads\/2022\/08\/retour-225x300.jpg 225w, https:\/\/www.ffcam38.com\/jeunes-alpinistes\/wp-content\/uploads\/2022\/08\/retour-203x270.jpg 203w\" sizes=\"auto, (max-width: 600px) 100vw, 600px\" \/><figcaption>Le retour \u00e9tait pas beaucoup plus l\u00e9ger que l\u2019aller\u2026<\/figcaption><\/figure>\n<\/div>\n\n\n\n<div class=\"wp-block-column is-layout-flow wp-block-column-is-layout-flow\"><div class=\"wp-block-image\">\n<figure class=\"aligncenter size-full is-resized\"><img loading=\"lazy\" decoding=\"async\" src=\"https:\/\/www.ffcam38.com\/jeunes-alpinistes\/wp-content\/uploads\/2022\/08\/topo-e1661623920916.jpg\" alt=\"\" class=\"wp-image-5081\" width=\"327\" height=\"696\" srcset=\"https:\/\/www.ffcam38.com\/jeunes-alpinistes\/wp-content\/uploads\/2022\/08\/topo-e1661623920916.jpg 372w, https:\/\/www.ffcam38.com\/jeunes-alpinistes\/wp-content\/uploads\/2022\/08\/topo-e1661623920916-141x300.jpg 141w, https:\/\/www.ffcam38.com\/jeunes-alpinistes\/wp-content\/uploads\/2022\/08\/topo-e1661623920916-127x270.jpg 127w\" sizes=\"auto, (max-width: 327px) 100vw, 327px\" \/><figcaption>Topo remarquablement pr\u00e9cis d&rsquo;<em>Etat de Choc<\/em> par notre bon Guillaume, qui en revient m\u00e9tamorphos\u00e9\u2026<\/figcaption><\/figure>\n<\/div><\/div>\n<\/div>\n\n\n\n<p>Et nous n\u2019avons pas failli \u00e0 la tradition qui veut qu\u2019un bon week-end se termine sur une bonne bi\u00e8re en terrasse puisque nous nous sommes rejoins dans un petit bar d\u2019Argenti\u00e8re sur la route&nbsp;!<\/p>\n\n\n\n<div style=\"height:26px\" aria-hidden=\"true\" class=\"wp-block-spacer\"><\/div>\n\n\n\n<p>Bref, encore un week-end sans faute&nbsp;! Merci aux encadrants, guides et initiateurs, de nous avoir accompagn\u00e9 dans nos id\u00e9es et de nous apprendre toujours plus comment avancer en s\u00e9curit\u00e9 l\u00e0-haut&nbsp;!<\/p>\n\n\n\n<div style=\"height:30px\" aria-hidden=\"true\" class=\"wp-block-spacer\"><\/div>\n\n\n\n<p>A bient\u00f4t&nbsp;!<\/p>\n\n\n\n<div style=\"height:27px\" aria-hidden=\"true\" class=\"wp-block-spacer\"><\/div>\n\n\n\n<p>Nathan<\/p>\n","protected":false},"excerpt":{"rendered":"<p>La p\u00e9riode alpinistique estivale bat son plein en cette mi-juin extraordinairement s\u00e8che et il est temps pour les Jeunes Alpi de prendre un peu de hauteur apr\u00e8s un basecamp \u00ab\u00a0pure grimpe\u00a0\u00bb dans le Verdon quelques semaines plus t\u00f4t. C\u2019est ainsi que nous nous dirigeons vers l\u2019extr\u00eame nord du massif du Mont-Blanc, pour zoner autour de la cabane d\u2019Orny. Mais avant de monter le camp, il faut monter les sacs&nbsp;! Et avec 4 jours d\u2019autonomie et tous le matos sur le&#8230;<\/p>\n<p class=\"read-more\"><a class=\"btn btn-default\" href=\"https:\/\/www.ffcam38.com\/jeunes-alpinistes\/2022\/08\/27\/epopee-granitique-a-orny-16-19-juin-2022\/\">Lire la suite<span class=\"screen-reader-text\"> Lire la suite<\/span><\/a><\/p>\n","protected":false},"author":65,"featured_media":0,"comment_status":"open","ping_status":"open","sticky":false,"template":"","format":"standard","meta":{"footnotes":""},"categories":[35,10,30,31,32,33],"tags":[305,303,304,302],"class_list":["post-5062","post","type-post","status-publish","format-standard","hentry","category-actualites","category-les-sorties","category-sorties-espoir-1","category-sorties-espoir-2","category-sorties-promo-1","category-sorties-promo-2","tag-aiguilles-dorees","tag-basecamp","tag-etat-de-choc","tag-orny"],"_links":{"self":[{"href":"https:\/\/www.ffcam38.com\/jeunes-alpinistes\/wp-json\/wp\/v2\/posts\/5062","targetHints":{"allow":["GET"]}}],"collection":[{"href":"https:\/\/www.ffcam38.com\/jeunes-alpinistes\/wp-json\/wp\/v2\/posts"}],"about":[{"href":"https:\/\/www.ffcam38.com\/jeunes-alpinistes\/wp-json\/wp\/v2\/types\/post"}],"author":[{"embeddable":true,"href":"https:\/\/www.ffcam38.com\/jeunes-alpinistes\/wp-json\/wp\/v2\/users\/65"}],"replies":[{"embeddable":true,"href":"https:\/\/www.ffcam38.com\/jeunes-alpinistes\/wp-json\/wp\/v2\/comments?post=5062"}],"version-history":[{"count":10,"href":"https:\/\/www.ffcam38.com\/jeunes-alpinistes\/wp-json\/wp\/v2\/posts\/5062\/revisions"}],"predecessor-version":[{"id":5182,"href":"https:\/\/www.ffcam38.com\/jeunes-alpinistes\/wp-json\/wp\/v2\/posts\/5062\/revisions\/5182"}],"wp:attachment":[{"href":"https:\/\/www.ffcam38.com\/jeunes-alpinistes\/wp-json\/wp\/v2\/media?parent=5062"}],"wp:term":[{"taxonomy":"category","embeddable":true,"href":"https:\/\/www.ffcam38.com\/jeunes-alpinistes\/wp-json\/wp\/v2\/categories?post=5062"},{"taxonomy":"post_tag","embeddable":true,"href":"https:\/\/www.ffcam38.com\/jeunes-alpinistes\/wp-json\/wp\/v2\/tags?post=5062"}],"curies":[{"name":"wp","href":"https:\/\/api.w.org\/{rel}","templated":true}]}}