{"id":5112,"date":"2022-09-16T22:30:00","date_gmt":"2022-09-16T20:30:00","guid":{"rendered":"http:\/\/www.ffcam38.com\/jeunes-alpinistes\/?p=5112"},"modified":"2022-09-16T22:38:08","modified_gmt":"2022-09-16T20:38:08","slug":"selections-jeunes-alpi-ffcam-38-2022-2023","status":"publish","type":"post","link":"https:\/\/www.ffcam38.com\/jeunes-alpinistes\/2022\/09\/16\/selections-jeunes-alpi-ffcam-38-2022-2023\/","title":{"rendered":"S\u00e9lections jeunes alpi&rsquo; FFCAM 38 2022-2023"},"content":{"rendered":"\n<figure class=\"wp-block-image size-full is-resized\"><img loading=\"lazy\" decoding=\"async\" src=\"https:\/\/www.ffcam38.com\/jeunes-alpinistes\/wp-content\/uploads\/2022\/09\/AfficheSelectionsEJA2022_2023.jpg\" alt=\"\" class=\"wp-image-5117\" width=\"731\" height=\"1033\" srcset=\"https:\/\/www.ffcam38.com\/jeunes-alpinistes\/wp-content\/uploads\/2022\/09\/AfficheSelectionsEJA2022_2023.jpg 566w, https:\/\/www.ffcam38.com\/jeunes-alpinistes\/wp-content\/uploads\/2022\/09\/AfficheSelectionsEJA2022_2023-212x300.jpg 212w, https:\/\/www.ffcam38.com\/jeunes-alpinistes\/wp-content\/uploads\/2022\/09\/AfficheSelectionsEJA2022_2023-191x270.jpg 191w\" sizes=\"auto, (max-width: 731px) 100vw, 731px\" \/><\/figure>\n\n\n\n<p>La s\u00e9lection pour 2022-2023 est lanc\u00e9e ! Elle se passe en 4 temps :<\/p>\n\n\n\n<ol class=\"wp-block-list\"><li>vous lisez toutes les consignes, pour coller au&nbsp;<strong>cadre sportif et administratif<\/strong>. Si vous avez des questions, RDV dans les commentaires de cet article.<\/li><li>vous remplissez le&nbsp;<strong>formulaire Google Docs<\/strong>&nbsp;bien soigneusement, et nous effectuons une premi\u00e8re s\u00e9lection sur la base de ce dossier \u00ab&nbsp;papier&nbsp;\u00bb (on s\u00e9lectionne aussi sur l\u2019orthographe, hein !). Le formulaire est tout en bas de ce post.&nbsp;Date limite pour remplir le formulaire : <strong>28 septembre 2022<\/strong>.<\/li><li>si vous \u00eates pr\u00e9-retenu, nous vous invitons par email dans les jours qui suivent \u00e0 la&nbsp;<strong>journ\u00e9e terrain de s\u00e9lection, pr\u00e9vue le samedi 8 octobre 2022 autour de Grenoble<\/strong>&nbsp;; la pr\u00e9sence est obligatoire pour les nouveaux et souhait\u00e9e pour les anciens pour aider \u00e0 l\u2019encadrement. On vous donnera tous les d\u00e9tails en temps utile.<\/li><li>A l\u2019issue de la journ\u00e9e terrain de s\u00e9lection, nous \u00e9tablissons un classement qui vous sera diffus\u00e9 d\u00e9but octobre par email. Vous avez alors 1 semaine pour confirmer votre engagement et les \u00ab&nbsp;termes du contrat moral&nbsp;\u00bb qui nous lie, et pour que l&rsquo;on re\u00e7oive les ch\u00e8ques d\u2019inscription, l\u2019attestation d\u2019assurance si vous n\u2019avez pas l\u2019assurance de personne ffcam. Faute de r\u00e9ception dans le d\u00e9lai, vous serez \u00e9limin\u00e9 et nous utiliserons la liste compl\u00e9mentaire.<\/li><\/ol>\n\n\n<div class=\"wp-block-image\">\n<figure class=\"aligncenter size-large\"><img loading=\"lazy\" decoding=\"async\" width=\"299\" height=\"359\" src=\"https:\/\/www.ffcam38.com\/jeunes-alpinistes\/wp-content\/uploads\/2020\/09\/Logo-Jeunealpi2light.jpg\" alt=\"\" class=\"wp-image-4645\" srcset=\"https:\/\/www.ffcam38.com\/jeunes-alpinistes\/wp-content\/uploads\/2020\/09\/Logo-Jeunealpi2light.jpg 299w, https:\/\/www.ffcam38.com\/jeunes-alpinistes\/wp-content\/uploads\/2020\/09\/Logo-Jeunealpi2light-250x300.jpg 250w, https:\/\/www.ffcam38.com\/jeunes-alpinistes\/wp-content\/uploads\/2020\/09\/Logo-Jeunealpi2light-225x270.jpg 225w\" sizes=\"auto, (max-width: 299px) 100vw, 299px\" \/><\/figure>\n<\/div>\n\n\n<h2 class=\"wp-block-heading\">La philosophie des \u00c9quipes Jeunes Alpinistes<\/h2>\n\n\n\n<p>Au programme : une trentaine de journ\u00e9es par \u00e9quipe sur l\u2019ann\u00e9e, \u00e9tal\u00e9es entre novembre 2022 et septembre 2023, avec pour objectif non pas la r\u00e9alisation de grandes courses mais la formation aux techniques alpines, de s\u00e9curit\u00e9 et d\u2019encadrement. Une validation du brevet d&rsquo;\u00ab&nbsp;initiateur alpinisme&nbsp;\u00bb (formation \u00ab\u00a0initiale\u00a0\u00bb en premi\u00e8re ann\u00e9e, \u00ab\u00a0certification initiateur\u00a0\u00bb en deuxi\u00e8me ann\u00e9e) est int\u00e9gr\u00e9 au&nbsp;cycle (sous r\u00e9serve du niveau et des capacit\u00e9s correspondants).<\/p>\n\n\n\n<p>Les groupes ont une dur\u00e9e de 2 ans \u00ab&nbsp;\u00e0 priori&nbsp;\u00bb, mais il est n\u00e9cessaire de recandidater pour la 2\u00e8me ann\u00e9e.<\/p>\n\n\n\n<p>Vous pouvez retrouver les r\u00e9alisations des ann\u00e9es pr\u00e9c\u00e9dentes dans la rubrique \u00ab\u00a0R\u00e9cits de sorties\u00a0\u00bb du site.<\/p>\n\n\n\n<h2 class=\"wp-block-heading\">Pr\u00e9-requis<\/h2>\n\n\n\n<ul class=\"wp-block-list\"><li>\u00e2ge : entre 16 et 24 ans  au 1er janvier 2023 (cat\u00e9gorie J1\/J2 ou E1\/E2 et &gt;16 ans), soit date de naissance comprise entre le 01\/01\/1999 et 01\/01\/2007<em> (l\u2019\u00e2ge est un crit\u00e8re qui peut \u00eatre assoupli, en particulier pour les filles)<\/em> <\/li><li>adh\u00e9sion FFCAM dans un club de l\u2019Is\u00e8re&nbsp;\u00e0 jour pour la s\u00e9lection terrain<\/li><li>niveau demand\u00e9 \u00e0 l\u2019entr\u00e9e dans les groupes : <ul><li>promo : escalade 5c\/6a filles, 6a\/6b gar\u00e7ons. montagne PD en autonomie avec un compagnon de m\u00eame niveau<\/li><li>espoir : escalade 6b filles, 6c gar\u00e7ons. montagne AD \u00e0 D en autonomie avec un compagnon de m\u00eame niveau<\/li><\/ul><ul><li><em>nous pr\u00e9cisions que si ce niveau est un pr\u00e9-requis, nous pouvons au coup par coup l\u2019assouplir en fonction du nombre de candidature, en particulier pour favoriser la parit\u00e9 dans les \u00e9quipes !<\/em> <\/li><\/ul><\/li><li>assurance de personne \u00e0 jour ; cette assurance est facultative lors de l\u2019adh\u00e9sion au CAF, mais est obligatoire pour participer \u00e0 nos sorties ;<em> si vous ne l\u2019avez pas souscrite lors de votre inscription ffcam vous pouvez la souscrire apr\u00e8s-coup sur votre espace licenci\u00e9 ffcam.<br><\/em><\/li><\/ul>\n\n\n\n<h2 class=\"wp-block-heading\">Nous appr\u00e9cions et prioriserons\u2026<\/h2>\n\n\n\n<ul class=\"wp-block-list\"><li><strong>l\u2019\u00e9galit\u00e9 filles \/ gar\u00e7ons<\/strong><\/li><li>les jeunes qui ont une&nbsp;<strong>activit\u00e9 d\u2019encadrement<\/strong> (ou co-encadrement) ou de <strong>b\u00e9n\u00e9volat <\/strong>dans un club (le Pr\u00e9sident du club pourra utilement faire un message de recommandation \u00e0 Nicolas Gamby)<\/li><li>jeunes qui ont d\u00e9j\u00e0 pass\u00e9 le brevet de secourisme (sinon, cette formation est \u00e0 faire obligatoirement en 2022-2023)<\/li><\/ul>\n\n\n\n<p><strong>Pour les anciens nous tiendrons \u00e9galement compte :<\/strong><\/p>\n\n\n\n<ul class=\"wp-block-list\"><li>de la pr\u00e9sence au cours de l\u2019ann\u00e9e \u00e9coul\u00e9e<\/li><li>de la progression, des courses r\u00e9alis\u00e9es en marge de l\u2019\u00e9quipe<\/li><li>de l\u2019esprit d\u2019\u00e9quipe, de la participation \u00e0 la r\u00e9alisation du site internet<\/li><\/ul>\n\n\n\n<p><em>Nous recherchons \u00e9galement des initiateurs et initiatrices alpinisme brevet\u00e9s &amp; exp\u00e9riment\u00e9s pour aider les guides \u00e0 encadrer, au coup par coup, les joyeuses \u00e9quip\u00e9es, en formant des duos pro + b\u00e9n\u00e9vole.<\/em><\/p>\n\n\n\n<h2 class=\"wp-block-heading\"><strong>On appr\u00e9cie<\/strong><\/h2>\n\n\n\n<ul class=\"wp-block-list\"><li>quand vous lisez vos mails et r\u00e9pondez rapidos quand on vous interpelle<\/li><li>une participation active pour rentrer les r\u00e9cits des sorties sur le site internet des \u00e9quipes et sur <a rel=\"noreferrer noopener\" href=\"https:\/\/www.camptocamp.org\/profiles\/477849\/fr\/jeunes-alpinistes-ffcam38\" target=\"_blank\">CampToCamp<\/a><\/li><li>les g\u00e2teaux et les coups \u00e0 boire \u00e0 partager en fin de journ\u00e9e<\/li><li>les sorties auto-organis\u00e9es entre vous en marge des sorties officielles<\/li><li>quand les anciens nous aident \u00e0 encadrer les moins exp\u00e9riment\u00e9s<\/li><li>si vous ramenez vos copines, pour assurer la parit\u00e9&nbsp;dans les \u00e9quipes<\/li><li>vous voir prendre du plaisir \u00e0 encadrer dans votre club ou aupr\u00e8s de potes d\u00e9butants<\/li><li>la ponctualit\u00e9 aux RDV<\/li><li>les prises d\u2019initiatives (covoiturage, matos, formation)<\/li><li>quand vous portez le sac \u00e0 dos des encadrants (joke \ud83d\ude00)<\/li><\/ul>\n\n\n\n<h2 class=\"wp-block-heading\"><strong>On appr\u00e9cie pas du tout<\/strong><\/h2>\n\n\n\n<ul class=\"wp-block-list\"><li>les excuses bidons en cas d\u2019absence, style \u201cje suis malade\u201d et vous postez des shoots de freeride sur FB<\/li><li>courir apr\u00e8s les ch\u00e8ques d&rsquo;inscription<\/li><li>relancer 3 fois pour une question<\/li><li>quand le 1er WE vous oubliez votre casque et le 2\u00e8me vous venez sans vos crampons ni les gants<\/li><\/ul>\n\n\n\n<h1 class=\"wp-block-heading\">Co\u00fbt<\/h1>\n\n\n\n<ul class=\"wp-block-list\"><li><em>chiffres donn\u00e9es \u00e0 titre indicatif sur la base des ann\u00e9es pr\u00e9c\u00e9dentes et qui pourront \u00eatre revus, tous les d\u00e9tails lors de la s\u00e9lection<br><\/em><\/li><li>250 \u00e0 300 \u20ac l&rsquo;inscription \u2013 participation aux frais d\u2019encadrement et incluant l\u2019h\u00e9bergement et les repas au stage cascade de glace<\/li><li>Pas de remboursement en cas d\u2019absence<\/li><li>Ch\u00e8que de caution de 100 \u20ac qui n\u2019est pas encaiss\u00e9 et sera rendu le dernier WE de la saison, sauf absences abusives, l&rsquo;encadrement \u00e9tant seul juge du caract\u00e8re abusif des absences.<\/li><li>en option, pour ceux qui le souhaitent, 14 \u20ac pour le \u00ab&nbsp;m\u00e9mento montagne \u00e9t\u00e9&nbsp;\u00bb \u00e9dit\u00e9 par l\u2019UIAA en collaboration avec la ffcam. Un bouquin au rapport qualit\u00e9 \/ prix excellent et qui r\u00e9capitule l\u2019essentiel des techniques alpines (cf <a rel=\"noreferrer noopener\" aria-label=\" (s\u2019ouvre dans un nouvel onglet)\" href=\"https:\/\/www.petzl.com\/fondation\/projets\/memento-futurs-encadrants-clubs-montagne?language=fr\" target=\"_blank\">https:\/\/www.petzl.com\/fondation\/projets\/memento-futurs-encadrants-clubs-montagne?language=fr<\/a>)<\/li><li>en option le tee shirt des \u00e9quipes, 15\u20ac, imprim\u00e9 \u00e0 Grenoble par Eska sur une base en coton bio<\/li><\/ul>\n\n\n\n<p><em>Ce montant pourra \u00eatre adapt\u00e9 lors de la validation des s\u00e9lections pour tenir compte des derniers ajustements budg\u00e9taires.<\/em><\/p>\n\n\n\n<p>Hors covoiturage, pique nique et vivres de courses et frais sur les WE \/ sorties non cit\u00e9es ci-dessus.<\/p>\n\n\n\n<h2 class=\"wp-block-heading\">R\u00e8gles de pr\u00e9sence<\/h2>\n\n\n\n<p><strong>La pr\u00e9sence est obligatoire \u00e0 chaque sortie<\/strong><\/p>\n\n\n\n<p>D\u00e9lai de pr\u00e9venance en cas d\u2019absence : 7 jours. P\u00e9nalit\u00e9 financi\u00e8re en cas de non respect via le ch\u00e8que de caution (sauf certificat m\u00e9dical ou attestation de l\u2019employeur pour obligation professionnelle).<\/p>\n\n\n\n<h2 class=\"wp-block-heading\">Formulaire de candidature<\/h2>\n\n\n\n<p><em>Vous avez tout lu ? Le premier test est votre capacit\u00e9 \u00e0 remplir compl\u00e8tement et sans faute d\u2019orthographe un formulaire Google Docs \ud83d\ude42<\/em><\/p>\n\n\n\n<iframe loading=\"lazy\" src=\"https:\/\/docs.google.com\/forms\/d\/e\/1FAIpQLSel3uMaYuJuZqIFklHvmeBOGJZ_7c7hkQzBa6vPbLY_7CEtmw\/viewform?embedded=true\" marginheight=\"0\" marginwidth=\"0\" width=\"700\" height=\"820\" frameborder=\"0\">Chargement\u2026<\/iframe>\n","protected":false},"excerpt":{"rendered":"<p>La s\u00e9lection pour 2022-2023 est lanc\u00e9e ! Elle se passe en 4 temps : vous lisez toutes les consignes, pour coller au&nbsp;cadre sportif et administratif. Si vous avez des questions, RDV dans les commentaires de cet article. vous remplissez le&nbsp;formulaire Google Docs&nbsp;bien soigneusement, et nous effectuons une premi\u00e8re s\u00e9lection sur la base de ce dossier \u00ab&nbsp;papier&nbsp;\u00bb (on s\u00e9lectionne aussi sur l\u2019orthographe, hein !). Le formulaire est tout en bas de ce post.&nbsp;Date limite pour remplir le formulaire : 28 septembre&#8230;<\/p>\n<p class=\"read-more\"><a class=\"btn btn-default\" href=\"https:\/\/www.ffcam38.com\/jeunes-alpinistes\/2022\/09\/16\/selections-jeunes-alpi-ffcam-38-2022-2023\/\">Lire la suite<span class=\"screen-reader-text\"> Lire la suite<\/span><\/a><\/p>\n","protected":false},"author":4,"featured_media":0,"comment_status":"open","ping_status":"open","sticky":false,"template":"","format":"standard","meta":{"footnotes":""},"categories":[35,8],"tags":[193,298],"class_list":["post-5112","post","type-post","status-publish","format-standard","hentry","category-actualites","category-programme-previ","tag-ffcam","tag-selections"],"_links":{"self":[{"href":"https:\/\/www.ffcam38.com\/jeunes-alpinistes\/wp-json\/wp\/v2\/posts\/5112","targetHints":{"allow":["GET"]}}],"collection":[{"href":"https:\/\/www.ffcam38.com\/jeunes-alpinistes\/wp-json\/wp\/v2\/posts"}],"about":[{"href":"https:\/\/www.ffcam38.com\/jeunes-alpinistes\/wp-json\/wp\/v2\/types\/post"}],"author":[{"embeddable":true,"href":"https:\/\/www.ffcam38.com\/jeunes-alpinistes\/wp-json\/wp\/v2\/users\/4"}],"replies":[{"embeddable":true,"href":"https:\/\/www.ffcam38.com\/jeunes-alpinistes\/wp-json\/wp\/v2\/comments?post=5112"}],"version-history":[{"count":7,"href":"https:\/\/www.ffcam38.com\/jeunes-alpinistes\/wp-json\/wp\/v2\/posts\/5112\/revisions"}],"predecessor-version":[{"id":5259,"href":"https:\/\/www.ffcam38.com\/jeunes-alpinistes\/wp-json\/wp\/v2\/posts\/5112\/revisions\/5259"}],"wp:attachment":[{"href":"https:\/\/www.ffcam38.com\/jeunes-alpinistes\/wp-json\/wp\/v2\/media?parent=5112"}],"wp:term":[{"taxonomy":"category","embeddable":true,"href":"https:\/\/www.ffcam38.com\/jeunes-alpinistes\/wp-json\/wp\/v2\/categories?post=5112"},{"taxonomy":"post_tag","embeddable":true,"href":"https:\/\/www.ffcam38.com\/jeunes-alpinistes\/wp-json\/wp\/v2\/tags?post=5112"}],"curies":[{"name":"wp","href":"https:\/\/api.w.org\/{rel}","templated":true}]}}