{"id":5151,"date":"2022-09-06T19:08:40","date_gmt":"2022-09-06T17:08:40","guid":{"rendered":"http:\/\/www.ffcam38.com\/jeunes-alpinistes\/?p=5151"},"modified":"2022-09-14T11:37:51","modified_gmt":"2022-09-14T09:37:51","slug":"week-end-initiateur-partie-2","status":"publish","type":"post","link":"https:\/\/www.ffcam38.com\/jeunes-alpinistes\/2022\/09\/06\/week-end-initiateur-partie-2\/","title":{"rendered":"Week-end initiateur, session n\u00b02, 3-4\/09\/2022"},"content":{"rendered":"\n<p>C&rsquo;est autour de la Grave que les espoirs se retrouvent ce week-end pour finaliser la formation d&rsquo;initiateur. Au programme, manips et n\u0153uds en tous genres mais surtout, bonne humeur et rigolade. <\/p>\n\n\n\n<p>La m\u00e9t\u00e9o \u00e9tant capricieuse le samedi, nous restons dans la vall\u00e9e pour r\u00e9viser les manips. Pour cela, les sites de couennes autour de la Grave nous permettent de tout revoir et m\u00eame de mettre les chaussons \u00e0 Arsine en fin de journ\u00e9e.<\/p>\n\n\n\n<p>Finalement, le temps se maintient, nous installons le bivouac et pr\u00e9parons le feu de camp sur le parking du pont des brebis. Apr\u00e8s une pr\u00e9sentation de nos listes aupr\u00e8s de Nico et Victor, place \u00e0 la bi\u00e8re. Ambiance bien plus relaxe que le bivouac initial pr\u00e9vu au sommet des bennes \u00e0 3200 m.<\/p>\n\n\n<div class=\"wp-block-image\">\n<figure class=\"alignleft size-full is-resized\"><img loading=\"lazy\" decoding=\"async\" src=\"https:\/\/www.ffcam38.com\/jeunes-alpinistes\/wp-content\/uploads\/2022\/09\/image-8.png\" alt=\"\" class=\"wp-image-5192\" width=\"330\" height=\"440\" srcset=\"https:\/\/www.ffcam38.com\/jeunes-alpinistes\/wp-content\/uploads\/2022\/09\/image-8.png 600w, https:\/\/www.ffcam38.com\/jeunes-alpinistes\/wp-content\/uploads\/2022\/09\/image-8-225x300.png 225w, https:\/\/www.ffcam38.com\/jeunes-alpinistes\/wp-content\/uploads\/2022\/09\/image-8-203x270.png 203w\" sizes=\"auto, (max-width: 330px) 100vw, 330px\" \/><figcaption>Hymalyisme au passage de la rimaye du Rateau<\/figcaption><\/figure>\n<\/div>\n\n\n<p>Nous montons donc le lendemain par la premi\u00e8re benne. Au programme, deux belles courses permettant de mettre en application toutes les r\u00e9visions de la veille.<\/p>\n\n\n\n<p>Un premier groupe s&rsquo;engage \u00e0 bon pas vers la voie normale du r\u00e2teau ouest (3769 m) avec Victor pendant que le reste du groupe se dirige vers les trifides (3450m) avec Nico.<\/p>\n\n\n\n<p>La fine couche de neige tomb\u00e9e r\u00e9cemment rend le glacier beau blanc et cache les d\u00e9g\u00e2ts de l&rsquo;\u00e9t\u00e9. <\/p>\n\n\n\n<p>Apr\u00e8s une travers\u00e9e du glacier en contournant de belles crevasses, place au rocher. L&rsquo;ar\u00eate menant au sommet nous permet de poser des protections et de g\u00e9rer les diff\u00e9rentes mani\u00e8res d&rsquo;encordement.<\/p>\n\n\n\n<p><\/p>\n\n\n\n<figure class=\"wp-block-image size-large\"><img loading=\"lazy\" decoding=\"async\" width=\"1024\" height=\"576\" src=\"https:\/\/www.ffcam38.com\/jeunes-alpinistes\/wp-content\/uploads\/2022\/09\/image-3-1024x576.png\" alt=\"\" class=\"wp-image-5157\" srcset=\"https:\/\/www.ffcam38.com\/jeunes-alpinistes\/wp-content\/uploads\/2022\/09\/image-3-1024x576.png 1024w, https:\/\/www.ffcam38.com\/jeunes-alpinistes\/wp-content\/uploads\/2022\/09\/image-3-300x169.png 300w, https:\/\/www.ffcam38.com\/jeunes-alpinistes\/wp-content\/uploads\/2022\/09\/image-3-768x432.png 768w, https:\/\/www.ffcam38.com\/jeunes-alpinistes\/wp-content\/uploads\/2022\/09\/image-3-480x270.png 480w, https:\/\/www.ffcam38.com\/jeunes-alpinistes\/wp-content\/uploads\/2022\/09\/image-3.png 1422w\" sizes=\"auto, (max-width: 1024px) 100vw, 1024px\" \/><figcaption>Le r\u00e2teau l\u00e9g\u00e8rement pl\u00e2tr\u00e9<\/figcaption><\/figure>\n\n\n<div class=\"wp-block-image\">\n<figure class=\"alignleft size-large is-resized\"><img loading=\"lazy\" decoding=\"async\" src=\"https:\/\/www.ffcam38.com\/jeunes-alpinistes\/wp-content\/uploads\/2022\/09\/image-2-1024x768.png\" alt=\"\" class=\"wp-image-5156\" width=\"325\" height=\"244\" srcset=\"https:\/\/www.ffcam38.com\/jeunes-alpinistes\/wp-content\/uploads\/2022\/09\/image-2-1024x768.png 1024w, https:\/\/www.ffcam38.com\/jeunes-alpinistes\/wp-content\/uploads\/2022\/09\/image-2-300x225.png 300w, https:\/\/www.ffcam38.com\/jeunes-alpinistes\/wp-content\/uploads\/2022\/09\/image-2-768x576.png 768w, https:\/\/www.ffcam38.com\/jeunes-alpinistes\/wp-content\/uploads\/2022\/09\/image-2-360x270.png 360w, https:\/\/www.ffcam38.com\/jeunes-alpinistes\/wp-content\/uploads\/2022\/09\/image-2.png 1067w\" sizes=\"auto, (max-width: 325px) 100vw, 325px\" \/><figcaption>Une partie de l&rsquo;\u00e9quipe au sommet du r\u00e2teau W<\/figcaption><\/figure>\n<\/div>\n\n\n<p>Ce week-end repr\u00e9sentait le dernier week-end officiel pour un bon nombre d&rsquo;entre nous, l&rsquo;occasion de remercier tous les intervenants que nous avons pu croiser pendant ces deux ann\u00e9es et qui nous ont permis de progresser et de former un bon groupe de motiv\u00e9. MERCI \u00e0 vous !<\/p>\n\n\n\n<p>On se retrouve aux s\u00e9lections pour de nouvelles aventures !!!<\/p>\n\n\n<div class=\"wp-block-image\">\n<figure class=\"alignright size-full is-resized\"><img loading=\"lazy\" decoding=\"async\" src=\"https:\/\/www.ffcam38.com\/jeunes-alpinistes\/wp-content\/uploads\/2022\/09\/image-7.png\" alt=\"\" class=\"wp-image-5171\" width=\"144\" height=\"190\" srcset=\"https:\/\/www.ffcam38.com\/jeunes-alpinistes\/wp-content\/uploads\/2022\/09\/image-7.png 236w, https:\/\/www.ffcam38.com\/jeunes-alpinistes\/wp-content\/uploads\/2022\/09\/image-7-227x300.png 227w, https:\/\/www.ffcam38.com\/jeunes-alpinistes\/wp-content\/uploads\/2022\/09\/image-7-204x270.png 204w\" sizes=\"auto, (max-width: 144px) 100vw, 144px\" \/><figcaption>Et bon anniv Luca , belle vue sur la Meije<\/figcaption><\/figure>\n<\/div>\n\n\n<p>Romain<\/p>\n\n\n\n<p><\/p>\n\n\n\n<p><br><\/p>\n","protected":false},"excerpt":{"rendered":"<p>C&rsquo;est autour de la Grave que les espoirs se retrouvent ce week-end pour finaliser la formation d&rsquo;initiateur. Au programme, manips et n\u0153uds en tous genres mais surtout, bonne humeur et rigolade. La m\u00e9t\u00e9o \u00e9tant capricieuse le samedi, nous restons dans la vall\u00e9e pour r\u00e9viser les manips. Pour cela, les sites de couennes autour de la Grave nous permettent de tout revoir et m\u00eame de mettre les chaussons \u00e0 Arsine en fin de journ\u00e9e. Finalement, le temps se maintient, nous installons&#8230;<\/p>\n<p class=\"read-more\"><a class=\"btn btn-default\" href=\"https:\/\/www.ffcam38.com\/jeunes-alpinistes\/2022\/09\/06\/week-end-initiateur-partie-2\/\">Lire la suite<span class=\"screen-reader-text\"> Lire la suite<\/span><\/a><\/p>\n","protected":false},"author":71,"featured_media":0,"comment_status":"open","ping_status":"open","sticky":false,"template":"","format":"standard","meta":{"footnotes":""},"categories":[35,30,31],"tags":[68,102,261],"class_list":["post-5151","post","type-post","status-publish","format-standard","hentry","category-actualites","category-sorties-espoir-1","category-sorties-espoir-2","tag-formation","tag-initiateur","tag-rateau"],"_links":{"self":[{"href":"https:\/\/www.ffcam38.com\/jeunes-alpinistes\/wp-json\/wp\/v2\/posts\/5151","targetHints":{"allow":["GET"]}}],"collection":[{"href":"https:\/\/www.ffcam38.com\/jeunes-alpinistes\/wp-json\/wp\/v2\/posts"}],"about":[{"href":"https:\/\/www.ffcam38.com\/jeunes-alpinistes\/wp-json\/wp\/v2\/types\/post"}],"author":[{"embeddable":true,"href":"https:\/\/www.ffcam38.com\/jeunes-alpinistes\/wp-json\/wp\/v2\/users\/71"}],"replies":[{"embeddable":true,"href":"https:\/\/www.ffcam38.com\/jeunes-alpinistes\/wp-json\/wp\/v2\/comments?post=5151"}],"version-history":[{"count":6,"href":"https:\/\/www.ffcam38.com\/jeunes-alpinistes\/wp-json\/wp\/v2\/posts\/5151\/revisions"}],"predecessor-version":[{"id":5201,"href":"https:\/\/www.ffcam38.com\/jeunes-alpinistes\/wp-json\/wp\/v2\/posts\/5151\/revisions\/5201"}],"wp:attachment":[{"href":"https:\/\/www.ffcam38.com\/jeunes-alpinistes\/wp-json\/wp\/v2\/media?parent=5151"}],"wp:term":[{"taxonomy":"category","embeddable":true,"href":"https:\/\/www.ffcam38.com\/jeunes-alpinistes\/wp-json\/wp\/v2\/categories?post=5151"},{"taxonomy":"post_tag","embeddable":true,"href":"https:\/\/www.ffcam38.com\/jeunes-alpinistes\/wp-json\/wp\/v2\/tags?post=5151"}],"curies":[{"name":"wp","href":"https:\/\/api.w.org\/{rel}","templated":true}]}}