{"id":5197,"date":"2022-09-15T23:07:00","date_gmt":"2022-09-15T21:07:00","guid":{"rendered":"http:\/\/www.ffcam38.com\/jeunes-alpinistes\/?p=5197"},"modified":"2022-09-16T21:46:00","modified_gmt":"2022-09-16T19:46:00","slug":"granit-a-gogo-dans-lenvers-des-aiguilles","status":"publish","type":"post","link":"https:\/\/www.ffcam38.com\/jeunes-alpinistes\/2022\/09\/15\/granit-a-gogo-dans-lenvers-des-aiguilles\/","title":{"rendered":"Granit \u00e0 gogo dans l&rsquo;Envers des Aiguilles &#8211; 07\/2022"},"content":{"rendered":"\n<figure class=\"wp-block-gallery has-nested-images columns-default is-cropped wp-block-gallery-1 is-layout-flex wp-block-gallery-is-layout-flex\"><\/figure>\n\n\n\n<p><\/p>\n\n\n\n<p>Du 14 au 17 juillet, nous sommes 6, Niels, Romain, Isidore, Baptiste, L\u00e9o et Manu, \u00e0 monter \u00e0 l&rsquo;Envers des Aiguilles pour le traditionnel projet autonomie.<\/p>\n\n\n\n<p>Le matin du 14, on prend le premier train pour le Montenvers. Apr\u00e8s quelques consid\u00e9rations \u00e9cologiques sur le recul du glacier, on commence la belle remont\u00e9e de la Mer de Glace vers l&rsquo;Envers.\u00a0<\/p>\n\n\n\n<p>3h plus tard on pose les affaires de\u00a0 bivouac quelques m\u00e8tres sous le refuge et on repart dans la foul\u00e9e pour la Premi\u00e8re Pointe des Nantillons.\u00a0<\/p>\n\n\n\n<p>Amazonia. Une classique des Nantillons, excellente pour se familiariser avec le granit chamoniard. Ouverte par Piola et Hopfgartner en 1984.\u00a0<\/p>\n\n\n\n<figure class=\"wp-block-gallery has-nested-images columns-default is-cropped wp-block-gallery-2 is-layout-flex wp-block-gallery-is-layout-flex\">\n<figure class=\"wp-block-image size-large\"><img loading=\"lazy\" decoding=\"async\" width=\"599\" height=\"800\" data-id=\"5248\" src=\"https:\/\/www.ffcam38.com\/jeunes-alpinistes\/wp-content\/uploads\/2022\/09\/received_5236149726473068.jpeg\" alt=\"\" class=\"wp-image-5248\" srcset=\"https:\/\/www.ffcam38.com\/jeunes-alpinistes\/wp-content\/uploads\/2022\/09\/received_5236149726473068.jpeg 599w, https:\/\/www.ffcam38.com\/jeunes-alpinistes\/wp-content\/uploads\/2022\/09\/received_5236149726473068-225x300.jpeg 225w, https:\/\/www.ffcam38.com\/jeunes-alpinistes\/wp-content\/uploads\/2022\/09\/received_5236149726473068-202x270.jpeg 202w\" sizes=\"auto, (max-width: 599px) 100vw, 599px\" \/><figcaption>Une cord\u00e9e dans Guy-anne, vue depuis Amazonia<\/figcaption><\/figure>\n<\/figure>\n\n\n\n<p>Les fortes chaleurs de juillet auront eu raison du n\u00e9v\u00e9 au pied de la voie (seulement quelques m\u00e8tres en neige molle).<\/p>\n\n\n\n<p>On grimpera au soleil toute l&rsquo;apr\u00e8s-midi. Le granite est parfait. La vie est belle.&nbsp;<\/p>\n\n\n\n<p>C&rsquo;est au retour au bivouac \u00e0 la tomb\u00e9e de la nuit que nous constatons que notre bivouac 5 \u00e9toiles accueille difficilement 6 personnes. Peu importe, nous nous serrons.&nbsp;<\/p>\n\n\n\n<figure class=\"wp-block-image size-full\"><img loading=\"lazy\" decoding=\"async\" width=\"600\" height=\"800\" src=\"https:\/\/www.ffcam38.com\/jeunes-alpinistes\/wp-content\/uploads\/2022\/09\/290292035_774206453590905_5692460563751353629_n.jpg\" alt=\"\" class=\"wp-image-5215\" srcset=\"https:\/\/www.ffcam38.com\/jeunes-alpinistes\/wp-content\/uploads\/2022\/09\/290292035_774206453590905_5692460563751353629_n.jpg 600w, https:\/\/www.ffcam38.com\/jeunes-alpinistes\/wp-content\/uploads\/2022\/09\/290292035_774206453590905_5692460563751353629_n-225x300.jpg 225w, https:\/\/www.ffcam38.com\/jeunes-alpinistes\/wp-content\/uploads\/2022\/09\/290292035_774206453590905_5692460563751353629_n-203x270.jpg 203w\" sizes=\"auto, (max-width: 600px) 100vw, 600px\" \/><\/figure>\n\n\n\n<p>Le lendemain on en redemande, c&rsquo;est reparti pour les Nantillons. Pour choisir la voie ? Certains diront la beaut\u00e9 du rocher, mais pour les pragmatiques : 350 m\u00e8tres + TD = liste du proba.\u00a0<\/p>\n\n\n\n<p>Les Fleurs du Mal. Escalade majeure, vari\u00e9e et soutenue. Ouverte par Josi et Piola en 2004.<\/p>\n\n\n\n<figure class=\"wp-block-gallery has-nested-images columns-default is-cropped wp-block-gallery-3 is-layout-flex wp-block-gallery-is-layout-flex\">\n<figure class=\"wp-block-image size-large\"><img loading=\"lazy\" decoding=\"async\" width=\"600\" height=\"800\" data-id=\"5251\" src=\"https:\/\/www.ffcam38.com\/jeunes-alpinistes\/wp-content\/uploads\/2022\/09\/received_1014725389227395.jpeg\" alt=\"\" class=\"wp-image-5251\" srcset=\"https:\/\/www.ffcam38.com\/jeunes-alpinistes\/wp-content\/uploads\/2022\/09\/received_1014725389227395.jpeg 600w, https:\/\/www.ffcam38.com\/jeunes-alpinistes\/wp-content\/uploads\/2022\/09\/received_1014725389227395-225x300.jpeg 225w, https:\/\/www.ffcam38.com\/jeunes-alpinistes\/wp-content\/uploads\/2022\/09\/received_1014725389227395-203x270.jpeg 203w\" sizes=\"auto, (max-width: 600px) 100vw, 600px\" \/><figcaption>Isidore dans les premi\u00e8res longueurs des fleurs du mal<\/figcaption><\/figure>\n<\/figure>\n\n\n\n<p>On est de retour \u00e0 l&rsquo;heure pour prendre l&rsquo;ap\u00e9ro au refuge. Apr\u00e8s une journ\u00e9e de grimpe et 3 graines aval\u00e9es, la bi\u00e8re monte vite \u00e0 la t\u00eate et les rires sont joyeux.<\/p>\n\n\n\n<figure class=\"wp-block-image size-full\"><img loading=\"lazy\" decoding=\"async\" width=\"458\" height=\"800\" src=\"https:\/\/www.ffcam38.com\/jeunes-alpinistes\/wp-content\/uploads\/2022\/09\/received_722786545644979.jpeg\" alt=\"\" class=\"wp-image-5252\" srcset=\"https:\/\/www.ffcam38.com\/jeunes-alpinistes\/wp-content\/uploads\/2022\/09\/received_722786545644979.jpeg 458w, https:\/\/www.ffcam38.com\/jeunes-alpinistes\/wp-content\/uploads\/2022\/09\/received_722786545644979-172x300.jpeg 172w, https:\/\/www.ffcam38.com\/jeunes-alpinistes\/wp-content\/uploads\/2022\/09\/received_722786545644979-155x270.jpeg 155w\" sizes=\"auto, (max-width: 458px) 100vw, 458px\" \/><figcaption>Romain, un drapeau normand et les drus en arri\u00e8re plan<\/figcaption><\/figure>\n\n\n\n<p>Apr\u00e8s une grasse matin\u00e9e bien appr\u00e9ci\u00e9e, on se remet tranquillement en route pour notre prochain objectif: \u00ab\u00a0Le Marchand de Sable\u00a0\u00bb, apparemment mythique ! Une grosse approche (~10 minutes) nous am\u00e8ne au pied de la voie et merde\u2026 4 cord\u00e9es devant nous, les joies d&rsquo;un week-end f\u00e9ri\u00e9 \u00e0 Cham ! <\/p>\n\n\n\n<p>Pas de souci pour les 4 mousquetaires qui ne manquent pas d&rsquo;id\u00e9es pour s&rsquo;adapter, on rep\u00e8re une autre ligne plus \u00e0 gauche sans personne dedans, qui sera notre bijou du s\u00e9jour. Piola annonce que c&rsquo;est une p\u00e9pite oubli\u00e9e, se m\u00e9fier donc aux cotations !<\/p>\n\n\n\n<p> \u00ab\u00a0L&rsquo;alchimie du temps qui passe\u00a0\u00bb, 6c max, 340 m\u00e8tres (mince manque 10 m\u00e8tres me diront certains ^^ )<\/p>\n\n\n\n<p>C&rsquo;est tr\u00e8s vite raide et grimpant mais magnifique, on se r\u00e9gale. Quasiment que des longueurs d&rsquo;au moins 40m\u00e8tres, des fissures, de la dalle, des knobs, et les 2 jeux de friends y passent chaque fois, bref tout ce qu&rsquo;on aime !  Les 6b de la veille sont c\u00f4t\u00e9s 6a aujourd&rsquo;hui, un peu d\u00e9routant mais on avance toujours bien motiv\u00e9 ! On redoute juste les 6c de la fin&#8230;<\/p>\n\n\n<div class=\"wp-block-image\">\n<figure class=\"aligncenter size-full is-resized\"><img loading=\"lazy\" decoding=\"async\" src=\"https:\/\/www.ffcam38.com\/jeunes-alpinistes\/wp-content\/uploads\/2022\/09\/293264411_568206691698987_8567982943278786765_n.jpg\" alt=\"\" class=\"wp-image-5218\" width=\"401\" height=\"534\" srcset=\"https:\/\/www.ffcam38.com\/jeunes-alpinistes\/wp-content\/uploads\/2022\/09\/293264411_568206691698987_8567982943278786765_n.jpg 600w, https:\/\/www.ffcam38.com\/jeunes-alpinistes\/wp-content\/uploads\/2022\/09\/293264411_568206691698987_8567982943278786765_n-225x300.jpg 225w, https:\/\/www.ffcam38.com\/jeunes-alpinistes\/wp-content\/uploads\/2022\/09\/293264411_568206691698987_8567982943278786765_n-203x270.jpg 203w\" sizes=\"auto, (max-width: 401px) 100vw, 401px\" \/><figcaption>Baptiste et Romain avec la verte derri\u00e8re !<\/figcaption><\/figure>\n<\/div>\n\n\n<p>Apr\u00e8s un pique nique bien m\u00e9rit\u00e9, on s&rsquo;attaque aux derni\u00e8res longueurs, c&rsquo;est vraiment beau et on se bat pour tout encha\u00eener, les cotations remettent nos \u00e9gos en place ! <\/p>\n\n\n\n<p>La descente se passe sans encombre pour Romano et Bapt le grizzly des neiges, mais pas la m\u00eame histoire pour Niels et moi :\/. Ce qu&rsquo;on redoutait arriva, la corde s&rsquo;est m\u00e9chamment bloqu\u00e9e autour d&rsquo;un b\u00e9quet \u00e0 deux m\u00e8tres du relais dans la longueur la plus dure&#8230; Avec Niels on rigole tout de suite un peu moins, et un pierre-feuille-ciseau perdant me fera remonter cette longueur en faisant du mi libre\/mi artif (en utilisant des techniques pas forc\u00e9ment tr\u00e8s norm\u00e9es me fera remarquer Niels \u00e0 juste titre).<\/p>\n\n\n\n<p>Bref, tout se finit bien et on rejoint les autres au bivouac pour discuter de cette super journ\u00e9e et profiter de notre derni\u00e8re soir\u00e9e l\u00e0 haut.<\/p>\n\n\n\n<figure class=\"wp-block-gallery has-nested-images columns-default is-cropped wp-block-gallery-4 is-layout-flex wp-block-gallery-is-layout-flex\">\n<figure class=\"wp-block-image size-large\"><img loading=\"lazy\" decoding=\"async\" width=\"1024\" height=\"768\" data-id=\"5204\" src=\"https:\/\/www.ffcam38.com\/jeunes-alpinistes\/wp-content\/uploads\/2022\/09\/20220714_212152-1024x768.jpg\" alt=\"\" class=\"wp-image-5204\" srcset=\"https:\/\/www.ffcam38.com\/jeunes-alpinistes\/wp-content\/uploads\/2022\/09\/20220714_212152-1024x768.jpg 1024w, https:\/\/www.ffcam38.com\/jeunes-alpinistes\/wp-content\/uploads\/2022\/09\/20220714_212152-300x225.jpg 300w, https:\/\/www.ffcam38.com\/jeunes-alpinistes\/wp-content\/uploads\/2022\/09\/20220714_212152-768x576.jpg 768w, https:\/\/www.ffcam38.com\/jeunes-alpinistes\/wp-content\/uploads\/2022\/09\/20220714_212152-360x270.jpg 360w, https:\/\/www.ffcam38.com\/jeunes-alpinistes\/wp-content\/uploads\/2022\/09\/20220714_212152.jpg 1067w\" sizes=\"auto, (max-width: 1024px) 100vw, 1024px\" \/><figcaption>Bapt notre super cuisto qui commence \u00e0 s&rsquo;activer <\/figcaption><\/figure>\n<\/figure>\n\n\n\n<p><\/p>\n\n\n\n<p>Apr\u00e8s encore une bonne nuit de 10h, on replie tout le camps, grimpons des jolies couennes sous le refuge et repartons direction le Tchou Tchou.<\/p>\n\n\n<div class=\"wp-block-image\">\n<figure class=\"aligncenter size-full is-resized\"><img loading=\"lazy\" decoding=\"async\" src=\"https:\/\/www.ffcam38.com\/jeunes-alpinistes\/wp-content\/uploads\/2022\/09\/294154082_581754446882814_6072707937442803072_n.jpg\" alt=\"\" class=\"wp-image-5232\" width=\"260\" height=\"347\" srcset=\"https:\/\/www.ffcam38.com\/jeunes-alpinistes\/wp-content\/uploads\/2022\/09\/294154082_581754446882814_6072707937442803072_n.jpg 600w, https:\/\/www.ffcam38.com\/jeunes-alpinistes\/wp-content\/uploads\/2022\/09\/294154082_581754446882814_6072707937442803072_n-225x300.jpg 225w, https:\/\/www.ffcam38.com\/jeunes-alpinistes\/wp-content\/uploads\/2022\/09\/294154082_581754446882814_6072707937442803072_n-203x270.jpg 203w\" sizes=\"auto, (max-width: 260px) 100vw, 260px\" \/><figcaption>Couenne au soleil :\u00a0\u00bb)<\/figcaption><\/figure>\n<\/div>\n\n\n<p>En bref un super base camp dans un coin assez extraordinaire, on vous conseille vivement d&rsquo;y faire un tour ! Et pour l&rsquo;anecdote, on a m\u00eame retrouv\u00e9 Ben pendant la marche d&rsquo;approche qui s&rsquo;y rendait avec des clients le m\u00eame week-end, comme quoi les grands esprits se rencontrent \ud83d\ude1c. <\/p>\n\n\n\n<p><\/p>\n","protected":false},"excerpt":{"rendered":"<p>Du 14 au 17 juillet, nous sommes 6, Niels, Romain, Isidore, Baptiste, L\u00e9o et Manu, \u00e0 monter \u00e0 l&rsquo;Envers des Aiguilles pour le traditionnel projet autonomie. Le matin du 14, on prend le premier train pour le Montenvers. Apr\u00e8s quelques consid\u00e9rations \u00e9cologiques sur le recul du glacier, on commence la belle remont\u00e9e de la Mer de Glace vers l&rsquo;Envers.\u00a0 3h plus tard on pose les affaires de\u00a0 bivouac quelques m\u00e8tres sous le refuge et on repart dans la foul\u00e9e pour&#8230;<\/p>\n<p class=\"read-more\"><a class=\"btn btn-default\" href=\"https:\/\/www.ffcam38.com\/jeunes-alpinistes\/2022\/09\/15\/granit-a-gogo-dans-lenvers-des-aiguilles\/\">Lire la suite<span class=\"screen-reader-text\"> Lire la suite<\/span><\/a><\/p>\n","protected":false},"author":68,"featured_media":0,"comment_status":"open","ping_status":"open","sticky":false,"template":"","format":"standard","meta":{"footnotes":""},"categories":[35,10,84],"tags":[145,299,313,312],"class_list":["post-5197","post","type-post","status-publish","format-standard","hentry","category-actualites","category-les-sorties","category-recits-de-sorties-entre-potes","tag-chamonix","tag-envers-des-aiguilles","tag-nantillons","tag-piola"],"_links":{"self":[{"href":"https:\/\/www.ffcam38.com\/jeunes-alpinistes\/wp-json\/wp\/v2\/posts\/5197","targetHints":{"allow":["GET"]}}],"collection":[{"href":"https:\/\/www.ffcam38.com\/jeunes-alpinistes\/wp-json\/wp\/v2\/posts"}],"about":[{"href":"https:\/\/www.ffcam38.com\/jeunes-alpinistes\/wp-json\/wp\/v2\/types\/post"}],"author":[{"embeddable":true,"href":"https:\/\/www.ffcam38.com\/jeunes-alpinistes\/wp-json\/wp\/v2\/users\/68"}],"replies":[{"embeddable":true,"href":"https:\/\/www.ffcam38.com\/jeunes-alpinistes\/wp-json\/wp\/v2\/comments?post=5197"}],"version-history":[{"count":11,"href":"https:\/\/www.ffcam38.com\/jeunes-alpinistes\/wp-json\/wp\/v2\/posts\/5197\/revisions"}],"predecessor-version":[{"id":5258,"href":"https:\/\/www.ffcam38.com\/jeunes-alpinistes\/wp-json\/wp\/v2\/posts\/5197\/revisions\/5258"}],"wp:attachment":[{"href":"https:\/\/www.ffcam38.com\/jeunes-alpinistes\/wp-json\/wp\/v2\/media?parent=5197"}],"wp:term":[{"taxonomy":"category","embeddable":true,"href":"https:\/\/www.ffcam38.com\/jeunes-alpinistes\/wp-json\/wp\/v2\/categories?post=5197"},{"taxonomy":"post_tag","embeddable":true,"href":"https:\/\/www.ffcam38.com\/jeunes-alpinistes\/wp-json\/wp\/v2\/tags?post=5197"}],"curies":[{"name":"wp","href":"https:\/\/api.w.org\/{rel}","templated":true}]}}