{"id":5321,"date":"2022-11-29T15:27:54","date_gmt":"2022-11-29T14:27:54","guid":{"rendered":"http:\/\/www.ffcam38.com\/jeunes-alpinistes\/?p=5321"},"modified":"2022-12-10T10:29:52","modified_gmt":"2022-12-10T09:29:52","slug":"glace-en-oisans","status":"publish","type":"post","link":"https:\/\/www.ffcam38.com\/jeunes-alpinistes\/2022\/11\/29\/glace-en-oisans\/","title":{"rendered":"Glace en Oisans"},"content":{"rendered":"\n<p>Petit article pour d\u00e9couvrir ce forum et en m\u00eame temps faire un retour conditions.<\/p>\n\n\n\n<p>Dimanche matin nous sommes all\u00e9s avec un ami visiter le vallon du Diable pour y grimper quelques lignes, j\u2019avais entendu que les Larmes du Chaos avaient \u00e9t\u00e9s gravies et je savais que d\u2019autres lignes passeraient, effectivement, nous avons pu grimper les Larmes et Grison, une ligne qui se trouve 700m plus loin dans le vallon apr\u00e8s les larmes.<\/p>\n\n\n\n<p>Toutes deux \u00e9taient en bonne glace sorbet, mais pouvaient contenir des passages sur plaquage relativement fin, cependant la protection est assur\u00e9ment bonne et la glace bien assez \u00e9paisse pour nous soutenir, c\u2019\u00e9tait donc un r\u00e9gal ! <\/p>\n\n\n\n<figure class=\"wp-block-image size-large\"><img loading=\"lazy\" decoding=\"async\" width=\"768\" height=\"1024\" src=\"https:\/\/www.ffcam38.com\/jeunes-alpinistes\/wp-content\/uploads\/2022\/11\/6A2002EB-B528-4FEF-8E8E-DE6DCF23F1CD-768x1024.jpeg\" alt=\"\" class=\"wp-image-5322\" srcset=\"https:\/\/www.ffcam38.com\/jeunes-alpinistes\/wp-content\/uploads\/2022\/11\/6A2002EB-B528-4FEF-8E8E-DE6DCF23F1CD-768x1024.jpeg 768w, https:\/\/www.ffcam38.com\/jeunes-alpinistes\/wp-content\/uploads\/2022\/11\/6A2002EB-B528-4FEF-8E8E-DE6DCF23F1CD-225x300.jpeg 225w, https:\/\/www.ffcam38.com\/jeunes-alpinistes\/wp-content\/uploads\/2022\/11\/6A2002EB-B528-4FEF-8E8E-DE6DCF23F1CD-1152x1536.jpeg 1152w, https:\/\/www.ffcam38.com\/jeunes-alpinistes\/wp-content\/uploads\/2022\/11\/6A2002EB-B528-4FEF-8E8E-DE6DCF23F1CD-203x270.jpeg 203w, https:\/\/www.ffcam38.com\/jeunes-alpinistes\/wp-content\/uploads\/2022\/11\/6A2002EB-B528-4FEF-8E8E-DE6DCF23F1CD.jpeg 1536w\" sizes=\"auto, (max-width: 768px) 100vw, 768px\" \/><\/figure>\n\n\n\n<p>Ici, un d\u00e9cathlonien dans la deuxi\u00e8me longueur des Larmes du Chaos.<\/p>\n\n\n\n<figure class=\"wp-block-image size-large\"><img loading=\"lazy\" decoding=\"async\" width=\"1024\" height=\"768\" src=\"https:\/\/www.ffcam38.com\/jeunes-alpinistes\/wp-content\/uploads\/2022\/11\/10E0695A-1D81-489D-BBEB-3DA1A3EE1C67-1024x768.jpeg\" alt=\"\" class=\"wp-image-5323\" srcset=\"https:\/\/www.ffcam38.com\/jeunes-alpinistes\/wp-content\/uploads\/2022\/11\/10E0695A-1D81-489D-BBEB-3DA1A3EE1C67-1024x768.jpeg 1024w, https:\/\/www.ffcam38.com\/jeunes-alpinistes\/wp-content\/uploads\/2022\/11\/10E0695A-1D81-489D-BBEB-3DA1A3EE1C67-300x225.jpeg 300w, https:\/\/www.ffcam38.com\/jeunes-alpinistes\/wp-content\/uploads\/2022\/11\/10E0695A-1D81-489D-BBEB-3DA1A3EE1C67-768x576.jpeg 768w, https:\/\/www.ffcam38.com\/jeunes-alpinistes\/wp-content\/uploads\/2022\/11\/10E0695A-1D81-489D-BBEB-3DA1A3EE1C67-1536x1152.jpeg 1536w, https:\/\/www.ffcam38.com\/jeunes-alpinistes\/wp-content\/uploads\/2022\/11\/10E0695A-1D81-489D-BBEB-3DA1A3EE1C67-2048x1536.jpeg 2048w, https:\/\/www.ffcam38.com\/jeunes-alpinistes\/wp-content\/uploads\/2022\/11\/10E0695A-1D81-489D-BBEB-3DA1A3EE1C67-360x270.jpeg 360w\" sizes=\"auto, (max-width: 1024px) 100vw, 1024px\" \/><\/figure>\n\n\n\n<p>L\u00e0, un second d\u00e9cathlonien en rappel dans la L2 de grison.<\/p>\n\n\n\n<figure class=\"wp-block-image size-large\"><img loading=\"lazy\" decoding=\"async\" width=\"768\" height=\"1024\" src=\"https:\/\/www.ffcam38.com\/jeunes-alpinistes\/wp-content\/uploads\/2022\/11\/5C74E9C7-9DC3-4AF1-AE1E-F033CDFB29FE-768x1024.jpeg\" alt=\"\" class=\"wp-image-5324\" srcset=\"https:\/\/www.ffcam38.com\/jeunes-alpinistes\/wp-content\/uploads\/2022\/11\/5C74E9C7-9DC3-4AF1-AE1E-F033CDFB29FE-768x1024.jpeg 768w, https:\/\/www.ffcam38.com\/jeunes-alpinistes\/wp-content\/uploads\/2022\/11\/5C74E9C7-9DC3-4AF1-AE1E-F033CDFB29FE-225x300.jpeg 225w, https:\/\/www.ffcam38.com\/jeunes-alpinistes\/wp-content\/uploads\/2022\/11\/5C74E9C7-9DC3-4AF1-AE1E-F033CDFB29FE-1152x1536.jpeg 1152w, https:\/\/www.ffcam38.com\/jeunes-alpinistes\/wp-content\/uploads\/2022\/11\/5C74E9C7-9DC3-4AF1-AE1E-F033CDFB29FE-1536x2048.jpeg 1536w, https:\/\/www.ffcam38.com\/jeunes-alpinistes\/wp-content\/uploads\/2022\/11\/5C74E9C7-9DC3-4AF1-AE1E-F033CDFB29FE-203x270.jpeg 203w, https:\/\/www.ffcam38.com\/jeunes-alpinistes\/wp-content\/uploads\/2022\/11\/5C74E9C7-9DC3-4AF1-AE1E-F033CDFB29FE-scaled.jpeg 1920w\" sizes=\"auto, (max-width: 768px) 100vw, 768px\" \/><\/figure>\n\n\n\n<p>Le grand angle c\u2019est cool, parce qu\u2019on voit toute la ligne, et en plus on dirait que c\u2019est super dur !<\/p>\n\n\n\n<p>Pour se finir en beaut\u00e9, nous d\u00e9cidons de taper la trace jusqu\u2019au refuge de la selle afin d\u2019y passer la nuit, heureusement Pierre a de grandes jambes et un c\u0153ur en pleine forme, il passa devant pendant nos 4h de brassage. Gentil Pierre. <br><\/p>\n\n\n\n<figure class=\"wp-block-image size-large\"><img loading=\"lazy\" decoding=\"async\" width=\"768\" height=\"1024\" src=\"https:\/\/www.ffcam38.com\/jeunes-alpinistes\/wp-content\/uploads\/2022\/11\/2DC6C526-C92F-4CE6-92A4-00CEF74A2AD3-768x1024.jpeg\" alt=\"\" class=\"wp-image-5325\" srcset=\"https:\/\/www.ffcam38.com\/jeunes-alpinistes\/wp-content\/uploads\/2022\/11\/2DC6C526-C92F-4CE6-92A4-00CEF74A2AD3-768x1024.jpeg 768w, https:\/\/www.ffcam38.com\/jeunes-alpinistes\/wp-content\/uploads\/2022\/11\/2DC6C526-C92F-4CE6-92A4-00CEF74A2AD3-225x300.jpeg 225w, https:\/\/www.ffcam38.com\/jeunes-alpinistes\/wp-content\/uploads\/2022\/11\/2DC6C526-C92F-4CE6-92A4-00CEF74A2AD3-1152x1536.jpeg 1152w, https:\/\/www.ffcam38.com\/jeunes-alpinistes\/wp-content\/uploads\/2022\/11\/2DC6C526-C92F-4CE6-92A4-00CEF74A2AD3-203x270.jpeg 203w, https:\/\/www.ffcam38.com\/jeunes-alpinistes\/wp-content\/uploads\/2022\/11\/2DC6C526-C92F-4CE6-92A4-00CEF74A2AD3.jpeg 1536w\" sizes=\"auto, (max-width: 768px) 100vw, 768px\" \/><figcaption class=\"wp-element-caption\">Pierre, tapant la trace et prenant le temps de me photographier, car je suis trop lent \u00e0 son go\u00fbt <\/figcaption><\/figure>\n\n\n\n<p><br>Le lendemain, pensant rentrer broucouille (comme on dis dans le bouchonnois) au vu de la chaleur s\u2019\u00e9tant install\u00e9e dans la nuit mena\u00e7ant de faire s\u2019effondrer les peu de gla\u00e7ons suspendus, nous d\u00e9cidons de rentrer, mais croisant des fier bourcats (gens qui vivent au bourg d\u2019oisans) nous nous f\u00eemes entra\u00eener dans un plan dry tooling, aussi surprenant qu\u2019inattendu.<\/p>\n\n\n\n<figure class=\"wp-block-image size-large\"><img loading=\"lazy\" decoding=\"async\" width=\"768\" height=\"1024\" src=\"https:\/\/www.ffcam38.com\/jeunes-alpinistes\/wp-content\/uploads\/2022\/11\/5F142B7E-1FAE-40E7-880A-018B883F8AFB-768x1024.jpeg\" alt=\"\" class=\"wp-image-5326\" srcset=\"https:\/\/www.ffcam38.com\/jeunes-alpinistes\/wp-content\/uploads\/2022\/11\/5F142B7E-1FAE-40E7-880A-018B883F8AFB-768x1024.jpeg 768w, https:\/\/www.ffcam38.com\/jeunes-alpinistes\/wp-content\/uploads\/2022\/11\/5F142B7E-1FAE-40E7-880A-018B883F8AFB-225x300.jpeg 225w, https:\/\/www.ffcam38.com\/jeunes-alpinistes\/wp-content\/uploads\/2022\/11\/5F142B7E-1FAE-40E7-880A-018B883F8AFB-203x270.jpeg 203w, https:\/\/www.ffcam38.com\/jeunes-alpinistes\/wp-content\/uploads\/2022\/11\/5F142B7E-1FAE-40E7-880A-018B883F8AFB.jpeg 843w\" sizes=\"auto, (max-width: 768px) 100vw, 768px\" \/><figcaption class=\"wp-element-caption\">Ici un D10, il y a aussi D6 et une ligne \u00e0 cotation inconnue <\/figcaption><\/figure>\n\n\n\n<p>En effet, il y avait bien trois lignes de dry tooling en rive gauche du vallon du diable, juste en face des lignes de glace en formation, pour toujours avoir un oeil sur la chose. <br><\/p>\n\n\n\n<p>En conclusion, moyennant quelques temp\u00e9ratures froides, les lignes passent et grossissent de jour en jour, et y\u2019a du dry si on veut pas aller dans des placages trop fin ! Il est trop cool ce vallon (c\u0153ur c\u0153ur) <\/p>\n\n\n\n<p><\/p>\n\n\n\n<p>Melvin<\/p>\n","protected":false},"excerpt":{"rendered":"<p>Petit article pour d\u00e9couvrir ce forum et en m\u00eame temps faire un retour conditions. Dimanche matin nous sommes all\u00e9s avec un ami visiter le vallon du Diable pour y grimper quelques lignes, j\u2019avais entendu que les Larmes du Chaos avaient \u00e9t\u00e9s gravies et je savais que d\u2019autres lignes passeraient, effectivement, nous avons pu grimper les Larmes et Grison, une ligne qui se trouve 700m plus loin dans le vallon apr\u00e8s les larmes. Toutes deux \u00e9taient en bonne glace sorbet, mais&#8230;<\/p>\n<p class=\"read-more\"><a class=\"btn btn-default\" href=\"https:\/\/www.ffcam38.com\/jeunes-alpinistes\/2022\/11\/29\/glace-en-oisans\/\">Lire la suite<span class=\"screen-reader-text\"> Lire la suite<\/span><\/a><\/p>\n","protected":false},"author":109,"featured_media":0,"comment_status":"open","ping_status":"open","sticky":false,"template":"","format":"standard","meta":{"footnotes":""},"categories":[35,10,84],"tags":[49,55,14,318],"class_list":["post-5321","post","type-post","status-publish","format-standard","hentry","category-actualites","category-les-sorties","category-recits-de-sorties-entre-potes","tag-alpinisme","tag-dry-tooling","tag-glace","tag-oisans"],"_links":{"self":[{"href":"https:\/\/www.ffcam38.com\/jeunes-alpinistes\/wp-json\/wp\/v2\/posts\/5321","targetHints":{"allow":["GET"]}}],"collection":[{"href":"https:\/\/www.ffcam38.com\/jeunes-alpinistes\/wp-json\/wp\/v2\/posts"}],"about":[{"href":"https:\/\/www.ffcam38.com\/jeunes-alpinistes\/wp-json\/wp\/v2\/types\/post"}],"author":[{"embeddable":true,"href":"https:\/\/www.ffcam38.com\/jeunes-alpinistes\/wp-json\/wp\/v2\/users\/109"}],"replies":[{"embeddable":true,"href":"https:\/\/www.ffcam38.com\/jeunes-alpinistes\/wp-json\/wp\/v2\/comments?post=5321"}],"version-history":[{"count":4,"href":"https:\/\/www.ffcam38.com\/jeunes-alpinistes\/wp-json\/wp\/v2\/posts\/5321\/revisions"}],"predecessor-version":[{"id":5364,"href":"https:\/\/www.ffcam38.com\/jeunes-alpinistes\/wp-json\/wp\/v2\/posts\/5321\/revisions\/5364"}],"wp:attachment":[{"href":"https:\/\/www.ffcam38.com\/jeunes-alpinistes\/wp-json\/wp\/v2\/media?parent=5321"}],"wp:term":[{"taxonomy":"category","embeddable":true,"href":"https:\/\/www.ffcam38.com\/jeunes-alpinistes\/wp-json\/wp\/v2\/categories?post=5321"},{"taxonomy":"post_tag","embeddable":true,"href":"https:\/\/www.ffcam38.com\/jeunes-alpinistes\/wp-json\/wp\/v2\/tags?post=5321"}],"curies":[{"name":"wp","href":"https:\/\/api.w.org\/{rel}","templated":true}]}}