{"id":5397,"date":"2023-02-10T21:46:36","date_gmt":"2023-02-10T20:46:36","guid":{"rendered":"http:\/\/www.ffcam38.com\/jeunes-alpinistes\/?p=5397"},"modified":"2023-02-10T21:46:36","modified_gmt":"2023-02-10T20:46:36","slug":"face-n-de-laiguille-des-pelerins-voie-rebuffat-terray","status":"publish","type":"post","link":"https:\/\/www.ffcam38.com\/jeunes-alpinistes\/2023\/02\/10\/face-n-de-laiguille-des-pelerins-voie-rebuffat-terray\/","title":{"rendered":"<strong>Face N de l\u2019Aiguille des P\u00e8lerins\u00a0: Voie Rebuffat-Terray<\/strong>"},"content":{"rendered":"\n<p><\/p>\n\n\n\n<p>En alpinisme, il y a des voies qui sont devenues des r\u00e9f\u00e9rences par leur histoire, leur localisation, leur technicit\u00e9 ou leur esth\u00e9tisme. La voie Rebuffat-Terray parcours les 550 m de la belle face Nord de l\u2019Aiguille des P\u00e8lerins. Comme pour sa voisine de droite (Beyond good and evil), grimper la \u00ab\u00a0r\u00e9buf&rsquo;\u00a0\u00bb signifie se tester, se situer dans l\u2019histoire de l\u2019alpinisme. Les facteurs m\u00e9t\u00e9orologiques difficiles \u00e0 r\u00e9unir pour obtenir des bonnes conditions n\u2019ont fait qu\u2019amplifier le mythe. Il faut qu\u2019il fasse froid, mais pas trop\u00a0; qu\u2019il neige, mais sans vent\u00a0; qu\u2019il fasse froid la nuit, mais pas le jour\u2026 Ainsi, quand par miracle, les 500 m de face sont recouverts d\u2019un manteau blanc solidement attach\u00e9 au rocher, il faut peu de temps aux alpinistes locaux pour grimper la ligne et faire tourner l\u2019info des conditions. Cela ne dure que quelques jours par an, et pas tous les ans&#8230; Sous un \u00e9lan de \u00ab\u00a0maintenant ou jamais\u00a0\u00bb, il n\u2019est pas rare d\u2019observer 5\/6 cord\u00e9es par jour \u00e0 l\u2019image de l\u2019automne 2021. Je prend conscience de la chance qu&rsquo;on a eu de grimper la Rebuffat-Terray dans des conditions aussi parfaites que celles rencontr\u00e9es en \u00e9tant la seule cord\u00e9e dans la voie (et m\u00eame du secteur). Je ne peux que remercier nos pr\u00e9d\u00e9cesseurs d\u2019avoir gard\u00e9 secr\u00e8tes les infos sur les conditions qui cette ann\u00e9e, ne semblent avoir \u00e9t\u00e9 diffus\u00e9es que dans les bars chamoniards apr\u00e8s quelques pintes.<\/p>\n\n\n\n<p>Avec un d\u00e9but d\u2019hiver bien moisie o\u00f9 j\u2019ai pass\u00e9 plus de temps \u00e0 bronzer sur le caillou qu\u2019\u00e0 skier et taper du gla\u00e7on, le froid s\u2019est enfin r\u00e9install\u00e9 en d\u00e9but janvier. Avec les machines des \u00e9quipes jeunes alpinistes Is\u00e8re on a pu reprendre les activit\u00e9s hivernales dans les Alpes du sud avec trois jours d\u2019anthologie en cascade. Quel plaisir d\u2019avoir pu grimper des belles lignes avec cette ambiance et cette coh\u00e9sion de groupe toujours aussi unique. Le week-end suivant, on a pu concr\u00e9tiser ce court d\u00e9but de saison en grimpant une belle int\u00e9grale (Caturgeas) de 600 m \u00e0 la Grave. On s\u2019est bien r\u00e9gal\u00e9 \u00e0 courir dans ce bel itin\u00e9raire \u00e0 l\u2019approche in\u00e9galable (original de s\u2019encorder au chaud dans la voiture). La forme \u00e9tant l\u00e0, l\u2019envie d\u2019aller trainer les pioches en haute montagne commence \u00e0 se faire sentir. Luca, un copain des \u00e9quipes vient de faire la fameuse Rebuffat-Terray en conditions exceptionnels parait-il, l\u2019objectif semble tout trouver. Apr\u00e8s quelques interrogations sur le niveau technique et sur l\u2019engagement (\u00e7a ne semble pas tr\u00e8s prot\u00e9geable cette neige coll\u00e9e\u2026) je ne r\u00e9siste pas \u00e0 la tentation d\u2019aller voir, quitte \u00e0 faire demi-tour quand on ne le sens pas. Titou vient de passer les deux derni\u00e8res semaines sur la glace et m\u00eame s\u2019il me partage son inqui\u00e9tude il est tr\u00e8s chaud lui aussi pour aller se mettre une mission. La classique pr\u00e9paration de course se met alors en marche\u00a0: pr\u00e9parer le matos, lire le topo, acheter la bouffe, r\u00e9server la benne, relire le topo, appeler les copains, lire le BRA, fouiller G\u00e9oportail, \u00eatre terrifi\u00e9 par le topo, fouiller camptocamp, fouiner internet, lire les r\u00e9cits etc etc etc\u2026 Cette t\u00e2che minutieuse s\u2019accompagne g\u00e9n\u00e9ralement d\u2019une d\u00e9licieuse boule dans le ventre et d\u2019une excitation incontr\u00f4lable. La veille de la course, pour combler cette surexcitation et cette impatience on s\u2019offre un burger sale et gras dans la zone commerciale de Chamb\u00e9. Mais on sent bien tous les deux qu\u2019il n\u2019y a que cette foutue face N qui pourra nous rassasier (bon ok on avait juste m\u00e9ga faim).<\/p>\n\n\n\n<p>Le r\u00e9veil sonne \u00e0 5h30 dans ma petite piaule \u00e9tudiante au Bourget-du-Lac, \u00e7a nous semble bien tard car dans la plupart des r\u00e9cits qu\u2019on a lu, les cord\u00e9es passaient la rimaye \u00e0 cette heure-ci\u2026 Gloups&nbsp;! A ce moment je ne suis vraiment pas optimiste sur nos chances de sortir la voie avec la premi\u00e8re benne. On tente de se motiver tout le trajet en \u00e9coutant SuperTramp, Dire Straits et pink floyd et on arrive \u00e0 la capitale de l\u2019alpinisme et de l\u2019oseille dix minutes avant la premi\u00e8re benne. On enfile vite les chaussures de skis et on met les peaux dans la queue avant d\u2019embarquer avec les potentiels autres pr\u00e9tendants \u00e0 la r\u00e9buf\u2019.<\/p>\n\n\n\n<figure class=\"wp-block-image size-large\"><img loading=\"lazy\" decoding=\"async\" width=\"768\" height=\"1024\" src=\"https:\/\/www.ffcam38.com\/jeunes-alpinistes\/wp-content\/uploads\/2023\/02\/approche-2-768x1024.jpg\" alt=\"\" class=\"wp-image-5400\" srcset=\"https:\/\/www.ffcam38.com\/jeunes-alpinistes\/wp-content\/uploads\/2023\/02\/approche-2-768x1024.jpg 768w, https:\/\/www.ffcam38.com\/jeunes-alpinistes\/wp-content\/uploads\/2023\/02\/approche-2-225x300.jpg 225w, https:\/\/www.ffcam38.com\/jeunes-alpinistes\/wp-content\/uploads\/2023\/02\/approche-2-1152x1536.jpg 1152w, https:\/\/www.ffcam38.com\/jeunes-alpinistes\/wp-content\/uploads\/2023\/02\/approche-2-1536x2048.jpg 1536w, https:\/\/www.ffcam38.com\/jeunes-alpinistes\/wp-content\/uploads\/2023\/02\/approche-2-203x270.jpg 203w, https:\/\/www.ffcam38.com\/jeunes-alpinistes\/wp-content\/uploads\/2023\/02\/approche-2-scaled.jpg 1920w\" sizes=\"auto, (max-width: 768px) 100vw, 768px\" \/><figcaption class=\"wp-element-caption\">D\u00e9j\u00e0 \u00e0 2300m sans effort, c&rsquo;est pas tous les jours!<\/figcaption><\/figure>\n\n\n\n<p>\u00a0Finalement nous ne sommes que deux cord\u00e9es \u00e0 s\u2019arr\u00eater au plan de l\u2019aiguille, les autres filent certainement vers la vall\u00e9e blanche. Nos deux seuls compagnons partent vers le \u00ab\u00a0fil \u00e0 plomb\u00a0\u00bb, nous devrions donc \u00eatre tous seuls, l\u2019espoir renait\u00a0! L\u2019approche est vite aval\u00e9e si ce n\u2019est qu\u2019on se rend compte que l&rsquo;une des fixes de Titou est cass\u00e9e, et l\u2019autre est mal r\u00e9gl\u00e9e. En voulant prendre les skis les plus l\u00e9gers de son garage pour gagner le moindre gramme, le bougre risque de kiffer ses 2000m de D- en t\u00e9l\u00e9mark dans une neige plus b\u00e9ton qu\u2019\u00e0 Bellevarde. Bravo le beau\u00a0! En se rapprochant de la face, les conditions semblent en effet parfaites. Du bas \u00e7a ne fait pas si peur, plus de doutes, on va aller voir. On s\u2019\u00e9quipe rapidement en passant par l\u2019\u00e9tape difficile du changement de chaussures mais aussi par l\u2019\u00e9tape r\u00e9confortante du th\u00e9 trop sucr\u00e9e. On passe la rimaye \u00e0 10h et on s\u2019engage dans les premi\u00e8res pentes de neige domin\u00e9es par l\u2019imposant s\u00e9rac. Les premi\u00e8res goulottes sont franchies en corde tendue dans une neige \u00ab\u00a0couic\u00a0\u00bb parfaite. Je me passerai bien de cet engagement suppl\u00e9mentaire mais la vitesse est notre seul moyen d\u2019arriver au sommet \u00e0 une heure raisonnable. Alors on avance consciencieusement et je laisse ces fameuses \u00ab\u00a0micros-trac\u00a0\u00bb sur chaque relais pour prot\u00e9ger Titou.<\/p>\n\n\n\n<figure class=\"wp-block-gallery has-nested-images columns-default is-cropped wp-block-gallery-1 is-layout-flex wp-block-gallery-is-layout-flex\">\n<figure class=\"wp-block-image size-large\"><img loading=\"lazy\" decoding=\"async\" width=\"696\" height=\"467\" data-id=\"5403\" src=\"https:\/\/www.ffcam38.com\/jeunes-alpinistes\/wp-content\/uploads\/2023\/02\/Debut.jpg\" alt=\"\" class=\"wp-image-5403\" srcset=\"https:\/\/www.ffcam38.com\/jeunes-alpinistes\/wp-content\/uploads\/2023\/02\/Debut.jpg 696w, https:\/\/www.ffcam38.com\/jeunes-alpinistes\/wp-content\/uploads\/2023\/02\/Debut-300x201.jpg 300w, https:\/\/www.ffcam38.com\/jeunes-alpinistes\/wp-content\/uploads\/2023\/02\/Debut-402x270.jpg 402w\" sizes=\"auto, (max-width: 696px) 100vw, 696px\" \/><figcaption class=\"wp-element-caption\">Sprint sous le s\u00e9rac et premi\u00e8res goulottes<\/figcaption><\/figure>\n<\/figure>\n\n\n\n<p>\u00a0On d\u00e9bouche sur une deuxi\u00e8me pente de neige qui nous conduit au pied du fameux di\u00e8dre. On le remonte en cinq longueurs exceptionnelles sur des superbes placages assez faciles \u00e0 grimper mais par cons\u00e9quence, assez improt\u00e9geable\u2026 Un seul passage de 10 m en mixte d\u00e9licat sans aucune protection sera bien psychologique, pour le reste, on se gave comme rarement.<\/p>\n\n\n\n<figure class=\"wp-block-image size-full\"><img loading=\"lazy\" decoding=\"async\" width=\"582\" height=\"777\" src=\"https:\/\/www.ffcam38.com\/jeunes-alpinistes\/wp-content\/uploads\/2023\/02\/Milieu.jpg\" alt=\"\" class=\"wp-image-5404\" srcset=\"https:\/\/www.ffcam38.com\/jeunes-alpinistes\/wp-content\/uploads\/2023\/02\/Milieu.jpg 582w, https:\/\/www.ffcam38.com\/jeunes-alpinistes\/wp-content\/uploads\/2023\/02\/Milieu-225x300.jpg 225w, https:\/\/www.ffcam38.com\/jeunes-alpinistes\/wp-content\/uploads\/2023\/02\/Milieu-202x270.jpg 202w\" sizes=\"auto, (max-width: 582px) 100vw, 582px\" \/><figcaption class=\"wp-element-caption\">placages centraux<\/figcaption><\/figure>\n\n\n\n<p>On arrive rapidement au pied des deux derni\u00e8res longueurs, les longueurs cl\u00e9s. On s\u2019autorise la premi\u00e8re petite pause depuis quatre heures pour boire quelques gorg\u00e9es et avaler une p\u00e2te de fruit. Je m\u2019\u00e9lance dans ce beau di\u00e8dre qui semble assez peu fournis en glace. Finalement, il y a pile ce qui faut pour progresser et se prot\u00e9ger sereinement. Avec l\u2019ambiance, le gaz, et la sensation d\u2019\u00eatre au c\u0153ur du mythe j\u2019arrive au relais avec une certaine euphorie. Titou me rejoint rapidement et s\u2019extirpe de la derni\u00e8re longueur gr\u00e2ce \u00e0 de subtiles coincements de lames et quelques \u00ab\u00a0fais gaffe\u00a0!\u00a0\u00bb. Il atteint le col des p\u00e8lerins avec la t\u00eate au soleil et pousse le cri salvateur\u00a0: \u00ab\u00a0RELAI\u00a0!\u00a0\u00bb. On l\u2019a fait\u00a0! Cinq heures apr\u00e8s avoir pass\u00e9 la rimaye, je r\u00e9alise un r\u00eave vieux de quand j\u2019ai commenc\u00e9 l\u2019alpinisme. Pour notre cord\u00e9e, cette belle croix sonne comme une motivation suppl\u00e9mentaire pour continuer \u00e0 r\u00eaver.<\/p>\n\n\n\n<figure class=\"wp-block-image size-large\"><img loading=\"lazy\" decoding=\"async\" width=\"768\" height=\"1024\" src=\"https:\/\/www.ffcam38.com\/jeunes-alpinistes\/wp-content\/uploads\/2023\/02\/sommet-768x1024.jpg\" alt=\"\" class=\"wp-image-5405\" srcset=\"https:\/\/www.ffcam38.com\/jeunes-alpinistes\/wp-content\/uploads\/2023\/02\/sommet-768x1024.jpg 768w, https:\/\/www.ffcam38.com\/jeunes-alpinistes\/wp-content\/uploads\/2023\/02\/sommet-225x300.jpg 225w, https:\/\/www.ffcam38.com\/jeunes-alpinistes\/wp-content\/uploads\/2023\/02\/sommet-1152x1536.jpg 1152w, https:\/\/www.ffcam38.com\/jeunes-alpinistes\/wp-content\/uploads\/2023\/02\/sommet-203x270.jpg 203w, https:\/\/www.ffcam38.com\/jeunes-alpinistes\/wp-content\/uploads\/2023\/02\/sommet.jpg 1200w\" sizes=\"auto, (max-width: 768px) 100vw, 768px\" \/><figcaption class=\"wp-element-caption\">Derni\u00e8re longueur<\/figcaption><\/figure>\n\n\n\n<p>\u00a0Apr\u00e8s quelques c\u00e2lins et quelques cris, on se replonge vite vers la descente qui nous attend. Il est 15h20, et Cham c\u2019est encore 2300m sous nos pieds. On reste concentr\u00e9 et on enchaine rapidement la douzaine de rappels qui nous ram\u00e8ne aux skis. Ceux-ci d\u00e9roulent bien gr\u00e2ce aux tr\u00e8s nombreux relais sur pitons et coinceurs en place. Apr\u00e8s la deuxi\u00e8me transition douloureuse de la journ\u00e9e pour remettre les chaussures de skis, on se d\u00e9lecte des quelques virages de poudre devant le coucher de soleil. Il faut ensuite plonger dans le mordore de la for\u00eat avec la nuit et la neige inf\u00e2me pleine de caillasse. L\u00e9gion d\u2019honneur \u00e0 Titou qui a aval\u00e9 cette descente en t\u00e9l\u00e9mark avec les sacs sur-lourds et les jambes cuites de la journ\u00e9e. Machine\u00a0! Pour l\u2019anecdote, quand on a rejoint le parking vers 19h, je me suis \u00e9tal\u00e9 de tout mon \u00eatre sur une plaque de verglas \u00e0 cinquante m\u00e8tres de la voiture. Comme quoi, il ne faut pas rel\u00e2cher la concentration avant la toute toute fin\u2026<\/p>\n\n\n\n<p>Plus qu\u2019\u00e0 s\u2019envoyer une pizza \u00e0 19 euros (et ouais mec cham c\u2019est aussi la capitale de l\u2019oseille on t\u2019as dit&nbsp;!) et \u00e0 rentrer dormir en \u00e9coutant SuperTramp, Dire Strait et Pink Floyd!<\/p>\n\n\n\n<p>Petite r\u00e9flexion&nbsp;sur la diffusion des conditions sur les r\u00e9seaux&nbsp;:<\/p>\n\n\n\n<p>J\u2019utilise personnellement syst\u00e9matiquement les diff\u00e9rents r\u00e9seaux pour pr\u00e9parer mes sorties, surtout en hivernal, o\u00f9 il est plus complexe d\u2019anticiper les conditions. Pour certaine course (comme la Rebuffat-Terray), j\u2019avoue que je n\u2019aurais pas pris le risque de tenter le coup si je n\u2019avais pas eu un retour. Malgr\u00e9 \u00e7a, j\u2019ai d\u00e9cid\u00e9 de ne pas rentrer ma sortie tout de suite comme je le fais habituellement. En effet quand je grimpe des itin\u00e9raires sauvages ou peu fr\u00e9quent\u00e9es, un retour va peut-\u00eatre permettre \u00e0 quelques cord\u00e9es d\u2019en profiter. Sur de telles voies, comme Beyond ou la RT, l\u2019enjeu ne me semble pas \u00eatre le m\u00eame. Avant que les conditions n\u2019aient \u00ab\u00a0fuit\u00e9es\u00a0\u00bb sur les r\u00e9seaux, la voie \u00e9tait d\u00e9j\u00e0 parcourue par une \u00e0 deux cord\u00e9es par jour. Cela semble raisonnable pour l\u2019ampleur et les risques objectifs de l\u2019itin\u00e9raire.\u00a0 Poster les conditions signifie participer (indirectement \u00e9videmment) \u00e0 la surfr\u00e9quentation et aux probl\u00e8mes engendr\u00e9s (d\u00e9gradation de l\u2019environnement, bouchons, chutes de gla\u00e7ons\/pierres, perte de l\u2019esprit d\u2019entraide entre cord\u00e9es etc.).  Je reste malgr\u00e9 tout mitig\u00e9e car je pense que ce genre de voie m\u00e9rite d\u2019\u00eatre aussi parcouru par des cord\u00e9es n\u2019habitant pas dans la vall\u00e9e et ne jouissant pas forc\u00e9ment des messes-basses locales. Bref\u2026 le probl\u00e8me est complexe et le d\u00e9bat est lanc\u00e9\u00a0:).<\/p>\n\n\n\n<p>Niels JENNEPIN<\/p>\n\n\n\n<p><\/p>\n","protected":false},"excerpt":{"rendered":"<p>En alpinisme, il y a des voies qui sont devenues des r\u00e9f\u00e9rences par leur histoire, leur localisation, leur technicit\u00e9 ou leur esth\u00e9tisme. La voie Rebuffat-Terray parcours les 550 m de la belle face Nord de l\u2019Aiguille des P\u00e8lerins. Comme pour sa voisine de droite (Beyond good and evil), grimper la \u00ab\u00a0r\u00e9buf&rsquo;\u00a0\u00bb signifie se tester, se situer dans l\u2019histoire de l\u2019alpinisme. Les facteurs m\u00e9t\u00e9orologiques difficiles \u00e0 r\u00e9unir pour obtenir des bonnes conditions n\u2019ont fait qu\u2019amplifier le mythe. Il faut qu\u2019il fasse&#8230;<\/p>\n<p class=\"read-more\"><a class=\"btn btn-default\" href=\"https:\/\/www.ffcam38.com\/jeunes-alpinistes\/2023\/02\/10\/face-n-de-laiguille-des-pelerins-voie-rebuffat-terray\/\">Lire la suite<span class=\"screen-reader-text\"> Lire la suite<\/span><\/a><\/p>\n","protected":false},"author":70,"featured_media":0,"comment_status":"open","ping_status":"open","sticky":false,"template":"","format":"standard","meta":{"footnotes":""},"categories":[],"tags":[],"class_list":["post-5397","post","type-post","status-publish","format-standard","hentry"],"_links":{"self":[{"href":"https:\/\/www.ffcam38.com\/jeunes-alpinistes\/wp-json\/wp\/v2\/posts\/5397","targetHints":{"allow":["GET"]}}],"collection":[{"href":"https:\/\/www.ffcam38.com\/jeunes-alpinistes\/wp-json\/wp\/v2\/posts"}],"about":[{"href":"https:\/\/www.ffcam38.com\/jeunes-alpinistes\/wp-json\/wp\/v2\/types\/post"}],"author":[{"embeddable":true,"href":"https:\/\/www.ffcam38.com\/jeunes-alpinistes\/wp-json\/wp\/v2\/users\/70"}],"replies":[{"embeddable":true,"href":"https:\/\/www.ffcam38.com\/jeunes-alpinistes\/wp-json\/wp\/v2\/comments?post=5397"}],"version-history":[{"count":1,"href":"https:\/\/www.ffcam38.com\/jeunes-alpinistes\/wp-json\/wp\/v2\/posts\/5397\/revisions"}],"predecessor-version":[{"id":5406,"href":"https:\/\/www.ffcam38.com\/jeunes-alpinistes\/wp-json\/wp\/v2\/posts\/5397\/revisions\/5406"}],"wp:attachment":[{"href":"https:\/\/www.ffcam38.com\/jeunes-alpinistes\/wp-json\/wp\/v2\/media?parent=5397"}],"wp:term":[{"taxonomy":"category","embeddable":true,"href":"https:\/\/www.ffcam38.com\/jeunes-alpinistes\/wp-json\/wp\/v2\/categories?post=5397"},{"taxonomy":"post_tag","embeddable":true,"href":"https:\/\/www.ffcam38.com\/jeunes-alpinistes\/wp-json\/wp\/v2\/tags?post=5397"}],"curies":[{"name":"wp","href":"https:\/\/api.w.org\/{rel}","templated":true}]}}