{"id":5452,"date":"2023-08-24T19:31:02","date_gmt":"2023-08-24T17:31:02","guid":{"rendered":"http:\/\/www.ffcam38.com\/jeunes-alpinistes\/?p=5452"},"modified":"2023-09-08T10:24:34","modified_gmt":"2023-09-08T08:24:34","slug":"aiguille-de-la-republique-republique-bananiere-a-la-journee-depuis-chamonix","status":"publish","type":"post","link":"https:\/\/www.ffcam38.com\/jeunes-alpinistes\/2023\/08\/24\/aiguille-de-la-republique-republique-bananiere-a-la-journee-depuis-chamonix\/","title":{"rendered":"Aiguille de la R\u00e9publique : \u00ab\u00a0R\u00e9publique Banani\u00e8re\u00a0\u00bb \u00e0 la journ\u00e9e depuis Chamonix"},"content":{"rendered":"\n<figure class=\"wp-block-image size-full\"><img loading=\"lazy\" decoding=\"async\" width=\"768\" height=\"1024\" src=\"https:\/\/www.ffcam38.com\/jeunes-alpinistes\/wp-content\/uploads\/2023\/08\/WhatsApp-Image-2023-08-24-a-19.10.24.jpg\" alt=\"\" class=\"wp-image-5455\" srcset=\"https:\/\/www.ffcam38.com\/jeunes-alpinistes\/wp-content\/uploads\/2023\/08\/WhatsApp-Image-2023-08-24-a-19.10.24.jpg 768w, https:\/\/www.ffcam38.com\/jeunes-alpinistes\/wp-content\/uploads\/2023\/08\/WhatsApp-Image-2023-08-24-a-19.10.24-225x300.jpg 225w, https:\/\/www.ffcam38.com\/jeunes-alpinistes\/wp-content\/uploads\/2023\/08\/WhatsApp-Image-2023-08-24-a-19.10.24-203x270.jpg 203w\" sizes=\"auto, (max-width: 768px) 100vw, 768px\" \/><\/figure>\n\n\n\n<p>Avec Pierrot (Pierre Dujardin) et L\u00e9ane (L\u00e9ane Cantin), le 23 Juillet dernier, nous avons parcouru la mythique \u00ab R\u00e9publique Banani\u00e8re \u00bb \u00e0 l\u2019Aiguille de la R\u00e9publique. Face au nombre de petites anecdotes et de souvenirs me revenant en t\u00eate, je me suis r\u00e9sign\u00e9 \u00e0 un r\u00e9cit chronologique pour que celui-ci soit un peu mieux organis\u00e9 que le tas de matos et de v\u00eatements jonchant sur le sol de ma chambre. N\u2019\u00e9tant pas dot\u00e9 d\u2019une montre ni de Strava, les horaires sont donn\u00e9s \u00e0 titre purement indicatif. <br>L\u2019histoire commence donc ce samedi 22 juillet sur le dernier parking gratuit de Chamonix devenu payant cette \u00e9t\u00e9 (choooouueeeette\u2026) :<br> <br>22\/07 16h 45min 48sec<br>Les friends, doudounes, cordes, d\u00e9gaines, bonbons (ceux qui piquent, les meilleurs), duvets, matelas, maquereaux et jetboil sont \u00e9tal\u00e9s sur parking. Comme d\u2019hab, les sacs sont trop petits pour tout accueillir, alors les compromis commencent. On troque un friend pour une tablette de chocolat (b\u00eatiiiiiiise), une bouteille d\u2019eau contre un sachet de schtroumpfs qui piquent (b\u00eatiiiiiiiise) et on remplit notre lest petit \u00e0 petit. Heureusement, ici, un petit train existe pour nous soulager de ce fardeau une bonne partie de l\u2019approche. On part donc la fleur au fusil vers la gare du Montenvers.<br><br>22\/07 17h10min 52sec<br>Oh les c**\u2026 La derni\u00e8re mont\u00e9e c\u2019\u00e9tait 17h\u2026 Pierrot nous propose donc un plan machiav\u00e9lique qui tra\u00eenait dans le coin de sa t\u00eate : r\u00e9aliser la voie \u00e0 la journ\u00e9e depuis Chamonix. Sur le papier, cela devrait repr\u00e9senter entre 24 et 28h d\u2019effort. Entonnement, L\u00e9ane et moi acceptons tout de suite la proposition. Je ne sais toujours pas si c\u2019est l\u2019optimisme de mes deux comp\u00e8res ou la flemme de marcher 5h avec un gros sac pour rejoindre un bivouac qui m\u2019a fait tomber dans le pi\u00e8ge\u2026.<br><br>22\/07 19h16min 27sec<br>Lecture des topos et des compte-rendus (sans trop lire les horaires pour pas se faire peur) en d\u00e9gustant notre sp\u00e9cialit\u00e9 : pasta al pesto i  parmgiaano regiaaaano sur le parking de la DZ des Bois (encore gratuit!).<br><br>22\/07 20h38min 34sec<br>\u00c9videmment absolument pas fatigu\u00e9s mais on tente de se coucher quand m\u00eame, au cas o\u00f9\u2026<br><br>22\/07 21h48min 49sec<br>Premi\u00e8re rotation d\u2019h\u00e9lico juste au dessus de la t\u00eate, dommage j\u2019avais presque commenc\u00e9 \u00e0 m\u2019endormir !<br><br>22\/07 22h16min 57sec<br>Deuxi\u00e8me rotation d\u2019h\u00e9lico, heureusement je n\u2019avais pas encore r\u00e9ussi \u00e0 me rendormir, ouf !<br><br>22\/07 22h50min 14sec<br>Feux d\u2019artifices !! Quelle chance ! Le bouquet final d\u2019une nuit pourrie !<br><br>23\/07 00h00min 00sec<br>Le r\u00e9veil sonne, quelle horreur, on dormait si profond\u00e9ment\u2026 On tente un petit d\u00e9j \u00e0 base de chocolat\/brioche\/g\u00e2teau de L\u00e9ane (miam) mais on sent bien que la digestion des pasta al pesto i  parmgiaano regiaaaano est encore trop proche.<br><br>23\/07 00h50min 09sec<br>D\u00e9part, torses poils, t\u00eate dans le guidon et sourire aux l\u00e8vres. La journ\u00e9e est trop difficile mentalement \u00e0 concevoir dans son ensemble alors on se donne des petits objectifs : le Montenvers, la Mer de Glace, les \u00e9chelles, le refuge. L\u2019approche est longue mais on a le couteau entre les dents alors tout se d\u00e9roule assez rapidement. <\/p>\n\n\n\n<figure class=\"wp-block-image size-full\"><img loading=\"lazy\" decoding=\"async\" width=\"1024\" height=\"768\" src=\"https:\/\/www.ffcam38.com\/jeunes-alpinistes\/wp-content\/uploads\/2023\/08\/WhatsApp-Image-2023-08-24-a-19.10.24-1.jpg\" alt=\"\" class=\"wp-image-5456\" srcset=\"https:\/\/www.ffcam38.com\/jeunes-alpinistes\/wp-content\/uploads\/2023\/08\/WhatsApp-Image-2023-08-24-a-19.10.24-1.jpg 1024w, https:\/\/www.ffcam38.com\/jeunes-alpinistes\/wp-content\/uploads\/2023\/08\/WhatsApp-Image-2023-08-24-a-19.10.24-1-300x225.jpg 300w, https:\/\/www.ffcam38.com\/jeunes-alpinistes\/wp-content\/uploads\/2023\/08\/WhatsApp-Image-2023-08-24-a-19.10.24-1-768x576.jpg 768w, https:\/\/www.ffcam38.com\/jeunes-alpinistes\/wp-content\/uploads\/2023\/08\/WhatsApp-Image-2023-08-24-a-19.10.24-1-360x270.jpg 360w\" sizes=\"auto, (max-width: 1024px) 100vw, 1024px\" \/><\/figure>\n\n\n\n<p><br>23\/07 3 h 16 min 12 sec<br>On gal\u00e8re \u00e0 trouver les \u00e9chelles pour monter au refuge de nuit dans cet oc\u00e9an de caillou qu\u2019est devenue la mer de glace. L\u00e9ane et moi sommes d\u00e9j\u00e0 venus mais c\u2019est bien Pierrot qui nous trouvera ces bouts de ferraille salvateurs<br><br>23\/07 5h18min 28sec<br>Les cord\u00e9es s\u2019agitent au d\u00e9part de la Tour Rouge. Ils ont trente minutes d\u2019approche et 7 longueurs d\u2019avance sur nous. Diantre, il va falloir \u00eatre efficace !!<br><br>23\/07 6h22min 52sec<br>A l\u2019attaque !! On troque les grosses et les crampons pour les chaussons. Contents de laisser la longue approche derri\u00e8re nous et d\u2019enfin toucher ce magnifique granit qui s\u2019est fait attendre trop longtemps. Pas les id\u00e9es tr\u00e8s claires de bon matin, je grimpe une fissure trop \u00e0 gauche, difficile et dur \u00e0 prot\u00e9ger. L\u2019ongl\u00e9e aux doigts et aux pieds n\u2019arrangent rien. Heureusement, la suite est plus commode et les longueurs s\u2019enchainent rapidement sans perdre de temps ni trop d\u2019\u00e9nergie. L3 est d\u00e9j\u00e0 superbe dans un di\u00e8dre avec une fissure \u00e0 main parfaite.<\/p>\n\n\n\n<figure class=\"wp-block-image size-full\"><img loading=\"lazy\" decoding=\"async\" width=\"768\" height=\"1024\" src=\"https:\/\/www.ffcam38.com\/jeunes-alpinistes\/wp-content\/uploads\/2023\/08\/WhatsApp-Image-2023-08-24-a-19.10.24-2.jpg\" alt=\"\" class=\"wp-image-5457\" srcset=\"https:\/\/www.ffcam38.com\/jeunes-alpinistes\/wp-content\/uploads\/2023\/08\/WhatsApp-Image-2023-08-24-a-19.10.24-2.jpg 768w, https:\/\/www.ffcam38.com\/jeunes-alpinistes\/wp-content\/uploads\/2023\/08\/WhatsApp-Image-2023-08-24-a-19.10.24-2-225x300.jpg 225w, https:\/\/www.ffcam38.com\/jeunes-alpinistes\/wp-content\/uploads\/2023\/08\/WhatsApp-Image-2023-08-24-a-19.10.24-2-203x270.jpg 203w\" sizes=\"auto, (max-width: 768px) 100vw, 768px\" \/><\/figure>\n\n\n\n<p><br><br>23\/07 8h42min 18sec<br>Je donne mon n\u0153ud \u00e0 L\u00e9ane, symbole de passage de relais. C\u2019est le moment id\u00e9al pour une sieste sur une petite vire herbeuse. Avec le manque de sommeil, il me faudra 7 secondes pour plonger dans mes r\u00eaves les plus profonds.<\/p>\n\n\n\n<figure class=\"wp-block-image size-full\"><img loading=\"lazy\" decoding=\"async\" width=\"768\" height=\"1024\" src=\"https:\/\/www.ffcam38.com\/jeunes-alpinistes\/wp-content\/uploads\/2023\/08\/WhatsApp-Image-2023-08-24-a-19.10.24-6.jpg\" alt=\"\" class=\"wp-image-5461\" srcset=\"https:\/\/www.ffcam38.com\/jeunes-alpinistes\/wp-content\/uploads\/2023\/08\/WhatsApp-Image-2023-08-24-a-19.10.24-6.jpg 768w, https:\/\/www.ffcam38.com\/jeunes-alpinistes\/wp-content\/uploads\/2023\/08\/WhatsApp-Image-2023-08-24-a-19.10.24-6-225x300.jpg 225w, https:\/\/www.ffcam38.com\/jeunes-alpinistes\/wp-content\/uploads\/2023\/08\/WhatsApp-Image-2023-08-24-a-19.10.24-6-203x270.jpg 203w\" sizes=\"auto, (max-width: 768px) 100vw, 768px\" \/><\/figure>\n\n\n\n<p><br><br>23\/07 8h54min 33sec<br>Je tente de manger une barre qui d\u00e9cide de ne pas atteindre mon estomac et de ressortir sous forme d\u2019un joyeux d\u00e9gueulis remplissant la fissure de la longueur pr\u00e9c\u00e9dente. Heureusement, pas de cord\u00e9es derri\u00e8re nous et il a plu toute la journ\u00e9e du lendemain. A part cette parenth\u00e8se po\u00e9tique, les belles longueurs s\u2019enchainent dans une ambiance de mauvaises blagues et de discutailles en tout genre. La grimpe est plaisante entre des belles fissures prisues et des dalles o\u00f9 il faut jouer des placements. A l\u2019exception de quelques mauvaises dalles douloureuses pour les pieds et les doigts \u00e0 quelques m\u00e8tres de gradins en III, l\u2019itin\u00e9raire est splendide et tr\u00e8s logique. On est clairement en train de prendre notre pied. <br><br>23\/07 9h55min 24sec<br>\u00c7a y est, le di\u00e8dre de tous les superlatifs est au-dessus de notre t\u00eate. Apr\u00e8s l\u2019avoir tant vu en photo, cette fois il est pour nous et on compte en profiter. Pierrot d\u00e9roule en alternant grands \u00e9carts et dulfers f\u00e9roces, le tout entrecoup\u00e9 de quelques cris propres \u00e0 lui. Derri\u00e8re on profite de cette improbable longueur d\u00e9coup\u00e9e au couteau. Les fissures accueillent les mains et les friends \u00e0 la perfection. On arrive essouffl\u00e9s et plein d\u2019endorphine au relais. Rien que pour cet instant, \u00e7a valait le coup de se lever \u00e0 minuit ! <\/p>\n\n\n\n<figure class=\"wp-block-image size-full is-resized\"><img loading=\"lazy\" decoding=\"async\" src=\"https:\/\/www.ffcam38.com\/jeunes-alpinistes\/wp-content\/uploads\/2023\/08\/WhatsApp-Image-2023-08-24-a-19.10.24-3.jpg\" alt=\"\" class=\"wp-image-5458\" style=\"width:768px;height:1024px\" width=\"768\" height=\"1024\" srcset=\"https:\/\/www.ffcam38.com\/jeunes-alpinistes\/wp-content\/uploads\/2023\/08\/WhatsApp-Image-2023-08-24-a-19.10.24-3.jpg 768w, https:\/\/www.ffcam38.com\/jeunes-alpinistes\/wp-content\/uploads\/2023\/08\/WhatsApp-Image-2023-08-24-a-19.10.24-3-225x300.jpg 225w, https:\/\/www.ffcam38.com\/jeunes-alpinistes\/wp-content\/uploads\/2023\/08\/WhatsApp-Image-2023-08-24-a-19.10.24-3-203x270.jpg 203w\" sizes=\"auto, (max-width: 768px) 100vw, 768px\" \/><\/figure>\n\n\n\n<figure class=\"wp-block-image size-full\"><img loading=\"lazy\" decoding=\"async\" width=\"768\" height=\"1024\" src=\"https:\/\/www.ffcam38.com\/jeunes-alpinistes\/wp-content\/uploads\/2023\/08\/WhatsApp-Image-2023-08-24-a-19.10.24-12.jpg\" alt=\"\" class=\"wp-image-5467\" srcset=\"https:\/\/www.ffcam38.com\/jeunes-alpinistes\/wp-content\/uploads\/2023\/08\/WhatsApp-Image-2023-08-24-a-19.10.24-12.jpg 768w, https:\/\/www.ffcam38.com\/jeunes-alpinistes\/wp-content\/uploads\/2023\/08\/WhatsApp-Image-2023-08-24-a-19.10.24-12-225x300.jpg 225w, https:\/\/www.ffcam38.com\/jeunes-alpinistes\/wp-content\/uploads\/2023\/08\/WhatsApp-Image-2023-08-24-a-19.10.24-12-203x270.jpg 203w\" sizes=\"auto, (max-width: 768px) 100vw, 768px\" \/><\/figure>\n\n\n\n<p><br><br>23\/07 10h13min 17sec<br>C\u2019est le moment que choisit le ni\u00e7ois de l\u2019\u00e9quipe pour confondre le mousqueton de sa vache avec celui de son Reverso. Cette action offre un joli dernier vol \u00e0 ce pr\u00e9cieux bout de m\u00e9tal. Apr\u00e8s s\u2019\u00eatre insult\u00e9 de tous les synonymes de canid\u00e9s existant dans le dictionnaire, Pierrot sort les deux micros tracs pour nous permettre de le rejoindre. <\/p>\n\n\n\n<figure class=\"wp-block-image size-full\"><img loading=\"lazy\" decoding=\"async\" width=\"768\" height=\"1024\" src=\"https:\/\/www.ffcam38.com\/jeunes-alpinistes\/wp-content\/uploads\/2023\/08\/WhatsApp-Image-2023-08-24-a-19.10.24-5.jpg\" alt=\"\" class=\"wp-image-5460\" srcset=\"https:\/\/www.ffcam38.com\/jeunes-alpinistes\/wp-content\/uploads\/2023\/08\/WhatsApp-Image-2023-08-24-a-19.10.24-5.jpg 768w, https:\/\/www.ffcam38.com\/jeunes-alpinistes\/wp-content\/uploads\/2023\/08\/WhatsApp-Image-2023-08-24-a-19.10.24-5-225x300.jpg 225w, https:\/\/www.ffcam38.com\/jeunes-alpinistes\/wp-content\/uploads\/2023\/08\/WhatsApp-Image-2023-08-24-a-19.10.24-5-203x270.jpg 203w\" sizes=\"auto, (max-width: 768px) 100vw, 768px\" \/><\/figure>\n\n\n\n<p><br><br>23\/07 12h24min 46sec<br>Un rappel foireux et deux longueurs nous m\u00e8nent au quinzi\u00e8me relais o\u00f9 bivouaquent la plupart des cord\u00e9es. Pour nous, ce sera simplement une pause fromage\/ graines et un conseil des sages pour faire un point sur l\u2019\u00e9tat des troupes. Pour ma part je commence \u00e0 \u00eatre bien cuit mais l\u2019optimisme et la motivation de Pierre et L\u00e9ane me remobilise grave ! C\u2019est donc stimul\u00e9s au max qu\u2019on repart pour les dix derni\u00e8res longueurs.<br><br>23\/07 13h18min 24sec<br>Dr\u00f4le de sc\u00e8ne que celle qui se d\u00e9roule devant mes yeux. Au-dessus de ma t\u00eate, L\u00e9ane bataille et grogne dans un magnifique di\u00e8dre soutenu \u00e0 base de pieds fuyants et de fissures \u00e0 (petits) doigts. A mes pieds, Pierrot a confondu son lit avec une dalle en granit \u00e0 trente degr\u00e9s et plonge progressivement au plus profond de ses r\u00eaves. Mais\u2026 c\u2019est qu\u2019il ronfle en plus le bougre !!<\/p>\n\n\n\n<figure class=\"wp-block-image size-full\"><img loading=\"lazy\" decoding=\"async\" width=\"768\" height=\"1024\" src=\"https:\/\/www.ffcam38.com\/jeunes-alpinistes\/wp-content\/uploads\/2023\/08\/WhatsApp-Image-2023-08-24-a-19.10.24-7.jpg\" alt=\"\" class=\"wp-image-5462\" srcset=\"https:\/\/www.ffcam38.com\/jeunes-alpinistes\/wp-content\/uploads\/2023\/08\/WhatsApp-Image-2023-08-24-a-19.10.24-7.jpg 768w, https:\/\/www.ffcam38.com\/jeunes-alpinistes\/wp-content\/uploads\/2023\/08\/WhatsApp-Image-2023-08-24-a-19.10.24-7-225x300.jpg 225w, https:\/\/www.ffcam38.com\/jeunes-alpinistes\/wp-content\/uploads\/2023\/08\/WhatsApp-Image-2023-08-24-a-19.10.24-7-203x270.jpg 203w\" sizes=\"auto, (max-width: 768px) 100vw, 768px\" \/><\/figure>\n\n\n\n<p><br><br>23\/07 15h09min 36sec<br>Les longueurs majeurissimes (et dures) s\u2019enchainent, on grimpe de tout, des dalles, des di\u00e8dres, des \u00e9cailles baqueuses, des knobs\u2026 Tout le r\u00e9pertoire gestuelle et technique y passe. Avec le vide qui se creuse je comprend que la beaut\u00e9 et l\u2019ampleur de la voie sont vraiment \u00e0 la hauteur du mythe. C\u00f4t\u00e9 humain, longueur apr\u00e8s longueur, je mets de plus en plus la notion de libre de c\u00f4t\u00e9 #rien\u00e0prouver. L\u00e9ane enchainera toute la voie \u00e0 vu (machina), pour Pierrot et moi (surtout moi), quelques pas ont \u00e9t\u00e9 l\u00e2chement artif\u00e9s entre L15 et L21. Partis grimpeurs, revenus alpinistes comme dirait l\u2019autre !<br><\/p>\n\n\n\n<figure class=\"wp-block-image size-full\"><img loading=\"lazy\" decoding=\"async\" width=\"768\" height=\"1024\" src=\"https:\/\/www.ffcam38.com\/jeunes-alpinistes\/wp-content\/uploads\/2023\/08\/WhatsApp-Image-2023-08-24-a-19.10.24-8.jpg\" alt=\"\" class=\"wp-image-5463\" srcset=\"https:\/\/www.ffcam38.com\/jeunes-alpinistes\/wp-content\/uploads\/2023\/08\/WhatsApp-Image-2023-08-24-a-19.10.24-8.jpg 768w, https:\/\/www.ffcam38.com\/jeunes-alpinistes\/wp-content\/uploads\/2023\/08\/WhatsApp-Image-2023-08-24-a-19.10.24-8-225x300.jpg 225w, https:\/\/www.ffcam38.com\/jeunes-alpinistes\/wp-content\/uploads\/2023\/08\/WhatsApp-Image-2023-08-24-a-19.10.24-8-203x270.jpg 203w\" sizes=\"auto, (max-width: 768px) 100vw, 768px\" \/><\/figure>\n\n\n\n<p><br>23\/07 15h38min 04sec<br>Sortie des difficult\u00e9s techniques, et heureusement car nos doigts et nos pieds auraient eu du mal \u00e0 subir une longueur de plus. Devant nous se dresse la magnifique ar\u00eate a\u00e9rienne de la voie normale. Les quelques pas de V chamoniard nous paraissent d\u00e9bonnaires et on se laisse glisser jusqu\u2019au pied de la dalle sommitale en appr\u00e9ciant petit \u00e0 petit ce qu\u2019on est en train de r\u00e9aliser.<br><br>23\/07 16h43min 19sec<br>Apr\u00e8s une derni\u00e8re dalle en 6c o\u00f9 l\u2019enti\u00e8ret\u00e9 de nos prises de mains \u00e9taient des d\u00e9gaines, on se retrouve tous les trois mal assis sur la splendide micro-plateforme du sommet de l\u2019Aiguille de la R\u00e9publique. J\u2019avais esp\u00e9r\u00e9 ce moment toute la journ\u00e9e sans vraiment y croire. En se donnant des petits objectifs tout au long, on est finalement l\u00e0-haut au bout de 16h d\u2019effort \u00e0 essayer d\u2019\u00eatre le plus efficace possible tout en \u00e9conomisant notre \u00e9nergie. J\u2019ai la sensation d\u2019un vrai travail d\u2019\u00e9quipe, on donnait tout lorsque c\u2019\u00e9tait \u00e0 notre tour de leader ou de g\u00e9rer une section. On a pris soin les uns les autres et pris les d\u00e9cisions tous ensemble. Et comme d\u2019hab, on s\u2019est fait des blagues pourries toute la journ\u00e9e. On s\u2019est r\u00e9gal\u00e9 et c\u2019est vraiment \u00e7a le plus important !<br><\/p>\n\n\n\n<figure class=\"wp-block-image size-full\"><img loading=\"lazy\" decoding=\"async\" width=\"768\" height=\"1024\" src=\"https:\/\/www.ffcam38.com\/jeunes-alpinistes\/wp-content\/uploads\/2023\/08\/WhatsApp-Image-2023-08-24-a-19.10.24-9.jpg\" alt=\"\" class=\"wp-image-5464\" srcset=\"https:\/\/www.ffcam38.com\/jeunes-alpinistes\/wp-content\/uploads\/2023\/08\/WhatsApp-Image-2023-08-24-a-19.10.24-9.jpg 768w, https:\/\/www.ffcam38.com\/jeunes-alpinistes\/wp-content\/uploads\/2023\/08\/WhatsApp-Image-2023-08-24-a-19.10.24-9-225x300.jpg 225w, https:\/\/www.ffcam38.com\/jeunes-alpinistes\/wp-content\/uploads\/2023\/08\/WhatsApp-Image-2023-08-24-a-19.10.24-9-203x270.jpg 203w\" sizes=\"auto, (max-width: 768px) 100vw, 768px\" \/><\/figure>\n\n\n\n<p><br>23\/07 17h17min 56sec<br>Apr\u00e8s ce tr\u00e8s court moment de pl\u00e9nitude, nos pens\u00e9es se tournent rapidement vers le chantier qui nous attend pour rejoindre Chamonix. Rappel, d\u00e9sescalade, rerappel, longer une vire ascendante, redesescalade, rererappel, rerererappel\u2026 Et ceux pendant 700m\u2026<br>Suite au triste \u00e9v\u00e8nement de 10h13, Pierre et L\u00e9ane sont condamn\u00e9s \u00e0 faire cette descente vach\u00e9s l\u2019un sur l\u2019autre. Pour les rappels verticaux \u00e7a ne pose pas de probl\u00e8mes mais pour les rappels peu raides, c\u2019est une bonne gal\u00e8re. \u00c7a nous permet de se marrer un peu dans cette descente, qui ma foi, n\u2019a absolument rien de dr\u00f4le. A cette heure-ci, on est \u00e9videmment la derni\u00e8re cord\u00e9e dans la face, surtout avec la grosse pluie et les orages annonc\u00e9s d\u00e8s le lendemain matin. Gloups !<\/p>\n\n\n\n<figure class=\"wp-block-image size-full\"><img loading=\"lazy\" decoding=\"async\" width=\"768\" height=\"1024\" src=\"https:\/\/www.ffcam38.com\/jeunes-alpinistes\/wp-content\/uploads\/2023\/08\/WhatsApp-Image-2023-08-24-a-19.10.24-10.jpg\" alt=\"\" class=\"wp-image-5465\" srcset=\"https:\/\/www.ffcam38.com\/jeunes-alpinistes\/wp-content\/uploads\/2023\/08\/WhatsApp-Image-2023-08-24-a-19.10.24-10.jpg 768w, https:\/\/www.ffcam38.com\/jeunes-alpinistes\/wp-content\/uploads\/2023\/08\/WhatsApp-Image-2023-08-24-a-19.10.24-10-225x300.jpg 225w, https:\/\/www.ffcam38.com\/jeunes-alpinistes\/wp-content\/uploads\/2023\/08\/WhatsApp-Image-2023-08-24-a-19.10.24-10-203x270.jpg 203w\" sizes=\"auto, (max-width: 768px) 100vw, 768px\" \/><\/figure>\n\n\n\n<p><br><br>23\/07 19h35min 42sec<br>La recherche d\u2019itin\u00e9raire dans la Voie Normale et le brassage de corde que n\u00e9cessitent l\u2019alternance des rappels et d\u00e9sescalades commencent \u00e0 nous fatiguer s\u00e9rieusement. On donnerait tout pour voler comme un choucas jusqu\u2019au pied de la face. Faute du contraire on d\u00e9cide d\u2019utiliser nos derni\u00e8res forces pour rester lucides et ne surtout pas faire de b\u00eatises. On atteint le bivouac de la Tour Rouge depuis lequel il ne reste que quelques rappels dans l\u2019axe. <br><br>23\/07 21h13min 45sec<br>On prend enfin pied sur ce fichu glacier et on s\u2019autorise la premi\u00e8re vraie pause depuis notre d\u00e9part. D\u00e9gommage de saucisson, maquereaux, fromage, pain, barres\u2026 C\u2019est ici que je savoure vraiment ce qu\u2019on vient de faire. Toute la partie technique est derri\u00e8re nous et m\u00eame si le retour \u00e0 Cham s\u2019annonce infini, il ne peut plus rien nous arriver !<br><br>23\/07 23h28min 24sec<br>Dr\u00f4le d\u2019ambiance sur les \u00e9chelles apr\u00e8s autant d\u2019effort. On a l\u2019\u00e9trange impression d\u2019\u00eatre dans un r\u00eave. Ultime instant de concentration donc, \u00e7a serait moche de s\u2019endormir l\u00e0&#8230;<\/p>\n\n\n\n<figure class=\"wp-block-image size-full\"><img loading=\"lazy\" decoding=\"async\" width=\"768\" height=\"1024\" src=\"https:\/\/www.ffcam38.com\/jeunes-alpinistes\/wp-content\/uploads\/2023\/08\/WhatsApp-Image-2023-08-24-a-19.10.24-11.jpg\" alt=\"\" class=\"wp-image-5466\" srcset=\"https:\/\/www.ffcam38.com\/jeunes-alpinistes\/wp-content\/uploads\/2023\/08\/WhatsApp-Image-2023-08-24-a-19.10.24-11.jpg 768w, https:\/\/www.ffcam38.com\/jeunes-alpinistes\/wp-content\/uploads\/2023\/08\/WhatsApp-Image-2023-08-24-a-19.10.24-11-225x300.jpg 225w, https:\/\/www.ffcam38.com\/jeunes-alpinistes\/wp-content\/uploads\/2023\/08\/WhatsApp-Image-2023-08-24-a-19.10.24-11-203x270.jpg 203w\" sizes=\"auto, (max-width: 768px) 100vw, 768px\" \/><\/figure>\n\n\n\n<p><br><br>24\/07 0h18min 49sec<br>Eh bah je l\u2019imaginais moins longue cette mer de glace ce matin\u2026 enfin hier.<br><br>24\/07 0h42min 57sec<br>Remont\u00e9e infini des escaliers pour regagner le Montenvers. Ce soir, encore plus que d\u2019habitude, on en veut aux choix politiques et soci\u00e9taux qui ont amen\u00e9 \u00e0 ce foutu bonus de d\u00e9nivel\u00e9 positif dont nos grands-parents \u00e9taient encore dispens\u00e9s. <br>L\u2019avantage, c\u2019est qu\u2019\u00e0 cette heure-ci on \u00e9vite le bain de foule venu observer les derniers cris d\u2019alerte de notre plan\u00e8te.<br><br>24\/07 1h27min 34sec<br>Chaque bout d\u2019herbe sur le bord du chemin pourrait \u00eatre confondu avec un lit de roi. On lutte pour garder la motivation de rejoindre le camion.<br><br>24\/07 2h15min 27sec<br>WOUHOUHH enfin le droit de dormir ! Comme \u00e0 chaque fois qu\u2019on se retrouve dans ce genre de plan on se dit : \u00ab Merci les copains c\u2019\u00e9tait trop bien, par contre plus jamais !!! \u00bb<br>Pour les amoureux des chiffres (parce qu\u2019il y en a beaucoup en montagne) c\u2019\u00e9tait :<br>&#8211; 9h de marche<br>&#8211; 10h de grimpe (25 longueurs)<br>&#8211; 4h de rappel<br>&#8211; 2 micro-siestes<br>&#8211; 3 barres<br>&#8211; 67 blagues pourries<br>&#8211; 1 saucisson<br>&#8211; 1 vomi<br>&#8211; 1 Reverso perdu<br>&#8211; 3000m de D+<br>&#8211; Surtout beaucoup d\u2019amour et de plaisir \u00e0 partager un moment tous les trois en montagne !!!!!<br><br><br><br><br><br><\/p>\n","protected":false},"excerpt":{"rendered":"<p>Avec Pierrot (Pierre Dujardin) et L\u00e9ane (L\u00e9ane Cantin), le 23 Juillet dernier, nous avons parcouru la mythique \u00ab R\u00e9publique Banani\u00e8re \u00bb \u00e0 l\u2019Aiguille de la R\u00e9publique. Face au nombre de petites anecdotes et de souvenirs me revenant en t\u00eate, je me suis r\u00e9sign\u00e9 \u00e0 un r\u00e9cit chronologique pour que celui-ci soit un peu mieux organis\u00e9 que le tas de matos et de v\u00eatements jonchant sur le sol de ma chambre. N\u2019\u00e9tant pas dot\u00e9 d\u2019une montre ni de Strava, les horaires&#8230;<\/p>\n<p class=\"read-more\"><a class=\"btn btn-default\" href=\"https:\/\/www.ffcam38.com\/jeunes-alpinistes\/2023\/08\/24\/aiguille-de-la-republique-republique-bananiere-a-la-journee-depuis-chamonix\/\">Lire la suite<span class=\"screen-reader-text\"> Lire la suite<\/span><\/a><\/p>\n","protected":false},"author":70,"featured_media":0,"comment_status":"open","ping_status":"open","sticky":false,"template":"","format":"standard","meta":{"footnotes":""},"categories":[],"tags":[],"class_list":["post-5452","post","type-post","status-publish","format-standard","hentry"],"_links":{"self":[{"href":"https:\/\/www.ffcam38.com\/jeunes-alpinistes\/wp-json\/wp\/v2\/posts\/5452","targetHints":{"allow":["GET"]}}],"collection":[{"href":"https:\/\/www.ffcam38.com\/jeunes-alpinistes\/wp-json\/wp\/v2\/posts"}],"about":[{"href":"https:\/\/www.ffcam38.com\/jeunes-alpinistes\/wp-json\/wp\/v2\/types\/post"}],"author":[{"embeddable":true,"href":"https:\/\/www.ffcam38.com\/jeunes-alpinistes\/wp-json\/wp\/v2\/users\/70"}],"replies":[{"embeddable":true,"href":"https:\/\/www.ffcam38.com\/jeunes-alpinistes\/wp-json\/wp\/v2\/comments?post=5452"}],"version-history":[{"count":4,"href":"https:\/\/www.ffcam38.com\/jeunes-alpinistes\/wp-json\/wp\/v2\/posts\/5452\/revisions"}],"predecessor-version":[{"id":5478,"href":"https:\/\/www.ffcam38.com\/jeunes-alpinistes\/wp-json\/wp\/v2\/posts\/5452\/revisions\/5478"}],"wp:attachment":[{"href":"https:\/\/www.ffcam38.com\/jeunes-alpinistes\/wp-json\/wp\/v2\/media?parent=5452"}],"wp:term":[{"taxonomy":"category","embeddable":true,"href":"https:\/\/www.ffcam38.com\/jeunes-alpinistes\/wp-json\/wp\/v2\/categories?post=5452"},{"taxonomy":"post_tag","embeddable":true,"href":"https:\/\/www.ffcam38.com\/jeunes-alpinistes\/wp-json\/wp\/v2\/tags?post=5452"}],"curies":[{"name":"wp","href":"https:\/\/api.w.org\/{rel}","templated":true}]}}