{"id":6195,"date":"2024-12-05T17:24:02","date_gmt":"2024-12-05T16:24:02","guid":{"rendered":"https:\/\/www.ffcam38.com\/jeunes-alpinistes\/?p=6195"},"modified":"2024-12-05T18:22:27","modified_gmt":"2024-12-05T17:22:27","slug":"journee-des-selections-27-09-2024","status":"publish","type":"post","link":"https:\/\/www.ffcam38.com\/jeunes-alpinistes\/2024\/12\/05\/journee-des-selections-27-09-2024\/","title":{"rendered":"Journ\u00e9e des s\u00e9lections &#8211; 27\/09\/2024"},"content":{"rendered":"\n<p>Ce matin, sous un soleil radieux une pluie p\u00e9n\u00e9trante, les candidats se sont rassembl\u00e9s pour le brief du d\u00e9but des \u00e9preuves. Au menu : une mont\u00e9e en masse-start, suivie d&rsquo;une course d&rsquo;orientation dans les bois piment\u00e9e par la pr\u00e9sence des chasseurs. <br>Repeints par la boue, les candidats se sont ensuite dirig\u00e9s vers les \u00e9preuves de verticalit\u00e9 dans le froid et l&rsquo;humidit\u00e9. Une approche pluridisciplinaire de l&rsquo;escalade les attendait : artif, escalade sportive, et en en chaussons et grosses chaussures. <br>Place apr\u00e8s cela aux entretiens, pour faire un point sur leur exp\u00e9rience, et surtout leur motivation. En effet, int\u00e9grer les \u00e9quipes alpinistes, c&rsquo;est d&rsquo;abord apprendre ensemble les techniques indispensables pour \u00e9voluer en s\u00e9curit\u00e9 en montagne, mais aussi se faire un r\u00e9seau solide de copains toujours motiv\u00e9s pour partir \u00e0 l&rsquo;aventure. <br>La journ\u00e9e se termine, nous rangeons les gore-tex d\u00e9tremp\u00e9es le sourire aux l\u00e8vres&#8230; La bonne humeur aura \u00e9t\u00e9 de la partie !<\/p>\n\n\n\n<p>cr\u00e9dit photo : Thomas Brachet<\/p>\n\n\n\n<figure class=\"wp-block-gallery has-nested-images columns-default is-cropped wp-block-gallery-1 is-layout-flex wp-block-gallery-is-layout-flex\">\n<figure class=\"wp-block-image size-large\"><img loading=\"lazy\" decoding=\"async\" width=\"1024\" height=\"683\" data-id=\"6203\" src=\"https:\/\/www.ffcam38.com\/jeunes-alpinistes\/wp-content\/uploads\/2024\/12\/NEL0931-2-1024x683.jpg\" alt=\"\" class=\"wp-image-6203\" srcset=\"https:\/\/www.ffcam38.com\/jeunes-alpinistes\/wp-content\/uploads\/2024\/12\/NEL0931-2-1024x683.jpg 1024w, https:\/\/www.ffcam38.com\/jeunes-alpinistes\/wp-content\/uploads\/2024\/12\/NEL0931-2-300x200.jpg 300w, https:\/\/www.ffcam38.com\/jeunes-alpinistes\/wp-content\/uploads\/2024\/12\/NEL0931-2-768x512.jpg 768w, https:\/\/www.ffcam38.com\/jeunes-alpinistes\/wp-content\/uploads\/2024\/12\/NEL0931-2-1536x1024.jpg 1536w, https:\/\/www.ffcam38.com\/jeunes-alpinistes\/wp-content\/uploads\/2024\/12\/NEL0931-2-2048x1365.jpg 2048w, https:\/\/www.ffcam38.com\/jeunes-alpinistes\/wp-content\/uploads\/2024\/12\/NEL0931-2-405x270.jpg 405w\" sizes=\"auto, (max-width: 1024px) 100vw, 1024px\" \/><\/figure>\n\n\n\n<figure class=\"wp-block-image size-large\"><img loading=\"lazy\" decoding=\"async\" width=\"1024\" height=\"683\" data-id=\"6202\" src=\"https:\/\/www.ffcam38.com\/jeunes-alpinistes\/wp-content\/uploads\/2024\/12\/NEL0920-1-1024x683.jpg\" alt=\"\" class=\"wp-image-6202\" srcset=\"https:\/\/www.ffcam38.com\/jeunes-alpinistes\/wp-content\/uploads\/2024\/12\/NEL0920-1-1024x683.jpg 1024w, https:\/\/www.ffcam38.com\/jeunes-alpinistes\/wp-content\/uploads\/2024\/12\/NEL0920-1-300x200.jpg 300w, https:\/\/www.ffcam38.com\/jeunes-alpinistes\/wp-content\/uploads\/2024\/12\/NEL0920-1-768x512.jpg 768w, https:\/\/www.ffcam38.com\/jeunes-alpinistes\/wp-content\/uploads\/2024\/12\/NEL0920-1-1536x1024.jpg 1536w, https:\/\/www.ffcam38.com\/jeunes-alpinistes\/wp-content\/uploads\/2024\/12\/NEL0920-1-2048x1365.jpg 2048w, https:\/\/www.ffcam38.com\/jeunes-alpinistes\/wp-content\/uploads\/2024\/12\/NEL0920-1-405x270.jpg 405w\" sizes=\"auto, (max-width: 1024px) 100vw, 1024px\" \/><\/figure>\n\n\n\n<figure class=\"wp-block-image size-large\"><img loading=\"lazy\" decoding=\"async\" width=\"683\" height=\"1024\" data-id=\"6204\" src=\"https:\/\/www.ffcam38.com\/jeunes-alpinistes\/wp-content\/uploads\/2024\/12\/IMG_0002-683x1024.jpg\" alt=\"\" class=\"wp-image-6204\" srcset=\"https:\/\/www.ffcam38.com\/jeunes-alpinistes\/wp-content\/uploads\/2024\/12\/IMG_0002-683x1024.jpg 683w, https:\/\/www.ffcam38.com\/jeunes-alpinistes\/wp-content\/uploads\/2024\/12\/IMG_0002-200x300.jpg 200w, https:\/\/www.ffcam38.com\/jeunes-alpinistes\/wp-content\/uploads\/2024\/12\/IMG_0002-768x1152.jpg 768w, https:\/\/www.ffcam38.com\/jeunes-alpinistes\/wp-content\/uploads\/2024\/12\/IMG_0002-1024x1536.jpg 1024w, https:\/\/www.ffcam38.com\/jeunes-alpinistes\/wp-content\/uploads\/2024\/12\/IMG_0002-1365x2048.jpg 1365w, https:\/\/www.ffcam38.com\/jeunes-alpinistes\/wp-content\/uploads\/2024\/12\/IMG_0002-180x270.jpg 180w, https:\/\/www.ffcam38.com\/jeunes-alpinistes\/wp-content\/uploads\/2024\/12\/IMG_0002-scaled.jpg 1706w\" sizes=\"auto, (max-width: 683px) 100vw, 683px\" \/><\/figure>\n\n\n\n<figure class=\"wp-block-image size-large\"><img loading=\"lazy\" decoding=\"async\" width=\"1024\" height=\"683\" data-id=\"6205\" src=\"https:\/\/www.ffcam38.com\/jeunes-alpinistes\/wp-content\/uploads\/2024\/12\/NEL0942-1-1024x683.jpg\" alt=\"\" class=\"wp-image-6205\" srcset=\"https:\/\/www.ffcam38.com\/jeunes-alpinistes\/wp-content\/uploads\/2024\/12\/NEL0942-1-1024x683.jpg 1024w, https:\/\/www.ffcam38.com\/jeunes-alpinistes\/wp-content\/uploads\/2024\/12\/NEL0942-1-300x200.jpg 300w, https:\/\/www.ffcam38.com\/jeunes-alpinistes\/wp-content\/uploads\/2024\/12\/NEL0942-1-768x512.jpg 768w, https:\/\/www.ffcam38.com\/jeunes-alpinistes\/wp-content\/uploads\/2024\/12\/NEL0942-1-1536x1024.jpg 1536w, https:\/\/www.ffcam38.com\/jeunes-alpinistes\/wp-content\/uploads\/2024\/12\/NEL0942-1-2048x1365.jpg 2048w, https:\/\/www.ffcam38.com\/jeunes-alpinistes\/wp-content\/uploads\/2024\/12\/NEL0942-1-405x270.jpg 405w\" sizes=\"auto, (max-width: 1024px) 100vw, 1024px\" \/><\/figure>\n\n\n\n<figure class=\"wp-block-image size-large\"><img loading=\"lazy\" decoding=\"async\" width=\"683\" height=\"1024\" data-id=\"6208\" src=\"https:\/\/www.ffcam38.com\/jeunes-alpinistes\/wp-content\/uploads\/2024\/12\/IMG_0012-683x1024.jpg\" alt=\"\" class=\"wp-image-6208\" srcset=\"https:\/\/www.ffcam38.com\/jeunes-alpinistes\/wp-content\/uploads\/2024\/12\/IMG_0012-683x1024.jpg 683w, https:\/\/www.ffcam38.com\/jeunes-alpinistes\/wp-content\/uploads\/2024\/12\/IMG_0012-200x300.jpg 200w, https:\/\/www.ffcam38.com\/jeunes-alpinistes\/wp-content\/uploads\/2024\/12\/IMG_0012-768x1152.jpg 768w, https:\/\/www.ffcam38.com\/jeunes-alpinistes\/wp-content\/uploads\/2024\/12\/IMG_0012-1024x1536.jpg 1024w, https:\/\/www.ffcam38.com\/jeunes-alpinistes\/wp-content\/uploads\/2024\/12\/IMG_0012-1365x2048.jpg 1365w, https:\/\/www.ffcam38.com\/jeunes-alpinistes\/wp-content\/uploads\/2024\/12\/IMG_0012-180x270.jpg 180w, https:\/\/www.ffcam38.com\/jeunes-alpinistes\/wp-content\/uploads\/2024\/12\/IMG_0012-scaled.jpg 1707w\" sizes=\"auto, (max-width: 683px) 100vw, 683px\" \/><\/figure>\n\n\n\n<figure class=\"wp-block-image size-large\"><img loading=\"lazy\" decoding=\"async\" width=\"683\" height=\"1024\" data-id=\"6207\" src=\"https:\/\/www.ffcam38.com\/jeunes-alpinistes\/wp-content\/uploads\/2024\/12\/IMG_0006-683x1024.jpg\" alt=\"\" class=\"wp-image-6207\" srcset=\"https:\/\/www.ffcam38.com\/jeunes-alpinistes\/wp-content\/uploads\/2024\/12\/IMG_0006-683x1024.jpg 683w, https:\/\/www.ffcam38.com\/jeunes-alpinistes\/wp-content\/uploads\/2024\/12\/IMG_0006-200x300.jpg 200w, https:\/\/www.ffcam38.com\/jeunes-alpinistes\/wp-content\/uploads\/2024\/12\/IMG_0006-768x1152.jpg 768w, https:\/\/www.ffcam38.com\/jeunes-alpinistes\/wp-content\/uploads\/2024\/12\/IMG_0006-1024x1536.jpg 1024w, https:\/\/www.ffcam38.com\/jeunes-alpinistes\/wp-content\/uploads\/2024\/12\/IMG_0006-1365x2048.jpg 1365w, https:\/\/www.ffcam38.com\/jeunes-alpinistes\/wp-content\/uploads\/2024\/12\/IMG_0006-180x270.jpg 180w, https:\/\/www.ffcam38.com\/jeunes-alpinistes\/wp-content\/uploads\/2024\/12\/IMG_0006-scaled.jpg 1707w\" sizes=\"auto, (max-width: 683px) 100vw, 683px\" \/><\/figure>\n\n\n\n<figure class=\"wp-block-image size-large\"><img loading=\"lazy\" decoding=\"async\" width=\"683\" height=\"1024\" data-id=\"6209\" src=\"https:\/\/www.ffcam38.com\/jeunes-alpinistes\/wp-content\/uploads\/2024\/12\/NEL1339-683x1024.jpg\" alt=\"\" class=\"wp-image-6209\" srcset=\"https:\/\/www.ffcam38.com\/jeunes-alpinistes\/wp-content\/uploads\/2024\/12\/NEL1339-683x1024.jpg 683w, https:\/\/www.ffcam38.com\/jeunes-alpinistes\/wp-content\/uploads\/2024\/12\/NEL1339-200x300.jpg 200w, https:\/\/www.ffcam38.com\/jeunes-alpinistes\/wp-content\/uploads\/2024\/12\/NEL1339-768x1152.jpg 768w, https:\/\/www.ffcam38.com\/jeunes-alpinistes\/wp-content\/uploads\/2024\/12\/NEL1339-1024x1536.jpg 1024w, https:\/\/www.ffcam38.com\/jeunes-alpinistes\/wp-content\/uploads\/2024\/12\/NEL1339-1365x2048.jpg 1365w, https:\/\/www.ffcam38.com\/jeunes-alpinistes\/wp-content\/uploads\/2024\/12\/NEL1339-180x270.jpg 180w, https:\/\/www.ffcam38.com\/jeunes-alpinistes\/wp-content\/uploads\/2024\/12\/NEL1339-scaled.jpg 1707w\" sizes=\"auto, (max-width: 683px) 100vw, 683px\" \/><\/figure>\n\n\n\n<figure class=\"wp-block-image size-large\"><img loading=\"lazy\" decoding=\"async\" width=\"683\" height=\"1024\" data-id=\"6206\" src=\"https:\/\/www.ffcam38.com\/jeunes-alpinistes\/wp-content\/uploads\/2024\/12\/NEL1264-683x1024.jpg\" alt=\"\" class=\"wp-image-6206\" srcset=\"https:\/\/www.ffcam38.com\/jeunes-alpinistes\/wp-content\/uploads\/2024\/12\/NEL1264-683x1024.jpg 683w, https:\/\/www.ffcam38.com\/jeunes-alpinistes\/wp-content\/uploads\/2024\/12\/NEL1264-200x300.jpg 200w, https:\/\/www.ffcam38.com\/jeunes-alpinistes\/wp-content\/uploads\/2024\/12\/NEL1264-768x1152.jpg 768w, https:\/\/www.ffcam38.com\/jeunes-alpinistes\/wp-content\/uploads\/2024\/12\/NEL1264-1024x1536.jpg 1024w, https:\/\/www.ffcam38.com\/jeunes-alpinistes\/wp-content\/uploads\/2024\/12\/NEL1264-1365x2048.jpg 1365w, https:\/\/www.ffcam38.com\/jeunes-alpinistes\/wp-content\/uploads\/2024\/12\/NEL1264-180x270.jpg 180w, https:\/\/www.ffcam38.com\/jeunes-alpinistes\/wp-content\/uploads\/2024\/12\/NEL1264-scaled.jpg 1706w\" sizes=\"auto, (max-width: 683px) 100vw, 683px\" \/><\/figure>\n\n\n\n<figure class=\"wp-block-image size-large\"><img loading=\"lazy\" decoding=\"async\" width=\"683\" height=\"1024\" data-id=\"6210\" src=\"https:\/\/www.ffcam38.com\/jeunes-alpinistes\/wp-content\/uploads\/2024\/12\/NEL1238-683x1024.jpg\" alt=\"\" class=\"wp-image-6210\" srcset=\"https:\/\/www.ffcam38.com\/jeunes-alpinistes\/wp-content\/uploads\/2024\/12\/NEL1238-683x1024.jpg 683w, https:\/\/www.ffcam38.com\/jeunes-alpinistes\/wp-content\/uploads\/2024\/12\/NEL1238-200x300.jpg 200w, https:\/\/www.ffcam38.com\/jeunes-alpinistes\/wp-content\/uploads\/2024\/12\/NEL1238-768x1152.jpg 768w, https:\/\/www.ffcam38.com\/jeunes-alpinistes\/wp-content\/uploads\/2024\/12\/NEL1238-1024x1536.jpg 1024w, https:\/\/www.ffcam38.com\/jeunes-alpinistes\/wp-content\/uploads\/2024\/12\/NEL1238-1365x2048.jpg 1365w, https:\/\/www.ffcam38.com\/jeunes-alpinistes\/wp-content\/uploads\/2024\/12\/NEL1238-180x270.jpg 180w, https:\/\/www.ffcam38.com\/jeunes-alpinistes\/wp-content\/uploads\/2024\/12\/NEL1238-scaled.jpg 1707w\" sizes=\"auto, (max-width: 683px) 100vw, 683px\" \/><\/figure>\n\n\n\n<figure class=\"wp-block-image size-large\"><img loading=\"lazy\" decoding=\"async\" width=\"1024\" height=\"683\" data-id=\"6211\" src=\"https:\/\/www.ffcam38.com\/jeunes-alpinistes\/wp-content\/uploads\/2024\/12\/IMG_0015-1024x683.jpg\" alt=\"\" class=\"wp-image-6211\" srcset=\"https:\/\/www.ffcam38.com\/jeunes-alpinistes\/wp-content\/uploads\/2024\/12\/IMG_0015-1024x683.jpg 1024w, https:\/\/www.ffcam38.com\/jeunes-alpinistes\/wp-content\/uploads\/2024\/12\/IMG_0015-300x200.jpg 300w, https:\/\/www.ffcam38.com\/jeunes-alpinistes\/wp-content\/uploads\/2024\/12\/IMG_0015-768x512.jpg 768w, https:\/\/www.ffcam38.com\/jeunes-alpinistes\/wp-content\/uploads\/2024\/12\/IMG_0015-1536x1024.jpg 1536w, https:\/\/www.ffcam38.com\/jeunes-alpinistes\/wp-content\/uploads\/2024\/12\/IMG_0015-2048x1365.jpg 2048w, https:\/\/www.ffcam38.com\/jeunes-alpinistes\/wp-content\/uploads\/2024\/12\/IMG_0015-405x270.jpg 405w\" sizes=\"auto, (max-width: 1024px) 100vw, 1024px\" \/><\/figure>\n<\/figure>\n\n\n\n<p><\/p>\n","protected":false},"excerpt":{"rendered":"<p>Ce matin, sous un soleil radieux une pluie p\u00e9n\u00e9trante, les candidats se sont rassembl\u00e9s pour le brief du d\u00e9but des \u00e9preuves. Au menu : une mont\u00e9e en masse-start, suivie d&rsquo;une course d&rsquo;orientation dans les bois piment\u00e9e par la pr\u00e9sence des chasseurs. Repeints par la boue, les candidats se sont ensuite dirig\u00e9s vers les \u00e9preuves de verticalit\u00e9 dans le froid et l&rsquo;humidit\u00e9. Une approche pluridisciplinaire de l&rsquo;escalade les attendait : artif, escalade sportive, et en en chaussons et grosses chaussures. Place&#8230;<\/p>\n<p class=\"read-more\"><a class=\"btn btn-default\" href=\"https:\/\/www.ffcam38.com\/jeunes-alpinistes\/2024\/12\/05\/journee-des-selections-27-09-2024\/\">Lire la suite<span class=\"screen-reader-text\"> Lire la suite<\/span><\/a><\/p>\n","protected":false},"author":66,"featured_media":0,"comment_status":"open","ping_status":"open","sticky":false,"template":"","format":"standard","meta":{"footnotes":""},"categories":[],"tags":[],"class_list":["post-6195","post","type-post","status-publish","format-standard","hentry"],"_links":{"self":[{"href":"https:\/\/www.ffcam38.com\/jeunes-alpinistes\/wp-json\/wp\/v2\/posts\/6195","targetHints":{"allow":["GET"]}}],"collection":[{"href":"https:\/\/www.ffcam38.com\/jeunes-alpinistes\/wp-json\/wp\/v2\/posts"}],"about":[{"href":"https:\/\/www.ffcam38.com\/jeunes-alpinistes\/wp-json\/wp\/v2\/types\/post"}],"author":[{"embeddable":true,"href":"https:\/\/www.ffcam38.com\/jeunes-alpinistes\/wp-json\/wp\/v2\/users\/66"}],"replies":[{"embeddable":true,"href":"https:\/\/www.ffcam38.com\/jeunes-alpinistes\/wp-json\/wp\/v2\/comments?post=6195"}],"version-history":[{"count":4,"href":"https:\/\/www.ffcam38.com\/jeunes-alpinistes\/wp-json\/wp\/v2\/posts\/6195\/revisions"}],"predecessor-version":[{"id":6214,"href":"https:\/\/www.ffcam38.com\/jeunes-alpinistes\/wp-json\/wp\/v2\/posts\/6195\/revisions\/6214"}],"wp:attachment":[{"href":"https:\/\/www.ffcam38.com\/jeunes-alpinistes\/wp-json\/wp\/v2\/media?parent=6195"}],"wp:term":[{"taxonomy":"category","embeddable":true,"href":"https:\/\/www.ffcam38.com\/jeunes-alpinistes\/wp-json\/wp\/v2\/categories?post=6195"},{"taxonomy":"post_tag","embeddable":true,"href":"https:\/\/www.ffcam38.com\/jeunes-alpinistes\/wp-json\/wp\/v2\/tags?post=6195"}],"curies":[{"name":"wp","href":"https:\/\/api.w.org\/{rel}","templated":true}]}}