{"id":6216,"date":"2024-12-06T09:26:15","date_gmt":"2024-12-06T08:26:15","guid":{"rendered":"https:\/\/www.ffcam38.com\/jeunes-alpinistes\/?p=6216"},"modified":"2024-12-09T20:28:43","modified_gmt":"2024-12-09T19:28:43","slug":"we-cartographie-orientation-co2-_15-16-17-nov-2024","status":"publish","type":"post","link":"https:\/\/www.ffcam38.com\/jeunes-alpinistes\/2024\/12\/06\/we-cartographie-orientation-co2-_15-16-17-nov-2024\/","title":{"rendered":"WE Cartographie Orientation CO2 _15-16-17 Nov 2024"},"content":{"rendered":"\n<figure class=\"wp-block-image size-large\"><img loading=\"lazy\" decoding=\"async\" width=\"1024\" height=\"427\" src=\"https:\/\/www.ffcam38.com\/jeunes-alpinistes\/wp-content\/uploads\/2024\/12\/2024_11_17_orientation-chamrousse_0100export-1024x427.jpg\" alt=\"\" class=\"wp-image-6224\" srcset=\"https:\/\/www.ffcam38.com\/jeunes-alpinistes\/wp-content\/uploads\/2024\/12\/2024_11_17_orientation-chamrousse_0100export-1024x427.jpg 1024w, https:\/\/www.ffcam38.com\/jeunes-alpinistes\/wp-content\/uploads\/2024\/12\/2024_11_17_orientation-chamrousse_0100export-300x125.jpg 300w, https:\/\/www.ffcam38.com\/jeunes-alpinistes\/wp-content\/uploads\/2024\/12\/2024_11_17_orientation-chamrousse_0100export-768x320.jpg 768w, https:\/\/www.ffcam38.com\/jeunes-alpinistes\/wp-content\/uploads\/2024\/12\/2024_11_17_orientation-chamrousse_0100export-1536x641.jpg 1536w, https:\/\/www.ffcam38.com\/jeunes-alpinistes\/wp-content\/uploads\/2024\/12\/2024_11_17_orientation-chamrousse_0100export-2048x854.jpg 2048w, https:\/\/www.ffcam38.com\/jeunes-alpinistes\/wp-content\/uploads\/2024\/12\/2024_11_17_orientation-chamrousse_0100export-604x252.jpg 604w\" sizes=\"auto, (max-width: 1024px) 100vw, 1024px\" \/><\/figure>\n\n\n\n<p>C\u2019est parti\u00a0! L\u2019ann\u00e9e est lanc\u00e9e pour la nouvelle promo des \u00c9quipes Jeunes Alpi, fra\u00eechement recrut\u00e9e depuis les s\u00e9lections de septembre dernier.<br>Au programme, on se remet dans le bain avec un week-end cartographie et orientation ! On y rencontre nos supers encadrants : Mathieu, Jeff\u2019 et Nico. Nathan, aux commandes de l\u2019organisation, sera aussi notre poseur de balise (presque) professionnel pour ces deux jours.<\/p>\n\n\n\n<div class=\"wp-block-media-text is-stacked-on-mobile\" style=\"grid-template-columns:19% auto\"><figure class=\"wp-block-media-text__media\"><img loading=\"lazy\" decoding=\"async\" width=\"683\" height=\"1024\" src=\"https:\/\/www.ffcam38.com\/jeunes-alpinistes\/wp-content\/uploads\/2024\/12\/2024_11_17_orientation-chamrousse_0102export-1-683x1024.jpg\" alt=\"\" class=\"wp-image-6235 size-full\" srcset=\"https:\/\/www.ffcam38.com\/jeunes-alpinistes\/wp-content\/uploads\/2024\/12\/2024_11_17_orientation-chamrousse_0102export-1-683x1024.jpg 683w, https:\/\/www.ffcam38.com\/jeunes-alpinistes\/wp-content\/uploads\/2024\/12\/2024_11_17_orientation-chamrousse_0102export-1-200x300.jpg 200w, https:\/\/www.ffcam38.com\/jeunes-alpinistes\/wp-content\/uploads\/2024\/12\/2024_11_17_orientation-chamrousse_0102export-1-768x1152.jpg 768w, https:\/\/www.ffcam38.com\/jeunes-alpinistes\/wp-content\/uploads\/2024\/12\/2024_11_17_orientation-chamrousse_0102export-1-1024x1536.jpg 1024w, https:\/\/www.ffcam38.com\/jeunes-alpinistes\/wp-content\/uploads\/2024\/12\/2024_11_17_orientation-chamrousse_0102export-1-1365x2048.jpg 1365w, https:\/\/www.ffcam38.com\/jeunes-alpinistes\/wp-content\/uploads\/2024\/12\/2024_11_17_orientation-chamrousse_0102export-1-180x270.jpg 180w, https:\/\/www.ffcam38.com\/jeunes-alpinistes\/wp-content\/uploads\/2024\/12\/2024_11_17_orientation-chamrousse_0102export-1.jpg 1440w\" sizes=\"auto, (max-width: 683px) 100vw, 683px\" \/><\/figure><div class=\"wp-block-media-text__content\">\n<p>Quoi de mieux pour apprendre \u00e0 se conna\u00eetre entre nouveaux\u00b7elles 1A qu\u2019un week-end au chalet de l\u2019Alpes-Club, \u00e0 Chamrousse ? On n\u2019oublie pas nos quelques 2A qui, ayant trop appr\u00e9ci\u00e9 la CO l\u2019ann\u00e9e derni\u00e8re, n\u2019ont pu s\u2019emp\u00eacher de repiquer cette ann\u00e9e, pour encore plus de fun !<\/p>\n<\/div><\/div>\n\n\n\n<p class=\"has-text-align-left\">Les hostilit\u00e9s ont commenc\u00e9 d\u00e8s le vendredi soir, alternant temps de formations th\u00e9oriques au chalet et applications pratiques sur le terrain, seul\u00b7e ou en groupe. Alors que nous n\u2019\u00e9tions encore que des \u00e9tranger\u00b7\u00e8re\u00b7s, tr\u00e8s vite, nous avons observ\u00e9 et ressenti ce lien si particulier qui nous a uni\u00b7e\u00b7s en tant qu\u2019\u00e9quipe. Je parle bien \u00e9videmment de notre passion partag\u00e9e pour\u2026 la bonne bouffe ! Tartes, quiches, houmous, g\u00e2teaux fait maison \u00e0 partager, cr\u00eapes et pancakes au p\u2019tit-d\u00e9jeuner, croziflette et crumble au menu du samedi soir, multitudes de chips, snacks et chocolats\u2026 de quoi tou\u00b7te\u00b7s se r\u00e9galer !<\/p>\n\n\n\n<figure class=\"wp-block-gallery has-nested-images columns-default is-cropped wp-block-gallery-1 is-layout-flex wp-block-gallery-is-layout-flex\">\n<figure class=\"wp-block-image size-large is-resized\"><img loading=\"lazy\" decoding=\"async\" width=\"1024\" height=\"683\" data-id=\"6223\" src=\"https:\/\/www.ffcam38.com\/jeunes-alpinistes\/wp-content\/uploads\/2024\/12\/2024_11_17_orientation-chamrousse_0088export-1024x683.jpg\" alt=\"\" class=\"wp-image-6223\" style=\"width:414px;height:auto\" srcset=\"https:\/\/www.ffcam38.com\/jeunes-alpinistes\/wp-content\/uploads\/2024\/12\/2024_11_17_orientation-chamrousse_0088export-1024x683.jpg 1024w, https:\/\/www.ffcam38.com\/jeunes-alpinistes\/wp-content\/uploads\/2024\/12\/2024_11_17_orientation-chamrousse_0088export-300x200.jpg 300w, https:\/\/www.ffcam38.com\/jeunes-alpinistes\/wp-content\/uploads\/2024\/12\/2024_11_17_orientation-chamrousse_0088export-768x512.jpg 768w, https:\/\/www.ffcam38.com\/jeunes-alpinistes\/wp-content\/uploads\/2024\/12\/2024_11_17_orientation-chamrousse_0088export-1536x1024.jpg 1536w, https:\/\/www.ffcam38.com\/jeunes-alpinistes\/wp-content\/uploads\/2024\/12\/2024_11_17_orientation-chamrousse_0088export-2048x1365.jpg 2048w, https:\/\/www.ffcam38.com\/jeunes-alpinistes\/wp-content\/uploads\/2024\/12\/2024_11_17_orientation-chamrousse_0088export-405x270.jpg 405w\" sizes=\"auto, (max-width: 1024px) 100vw, 1024px\" \/><\/figure>\n\n\n\n<figure class=\"wp-block-image size-large is-resized\"><img loading=\"lazy\" decoding=\"async\" width=\"1024\" height=\"683\" data-id=\"6218\" src=\"https:\/\/www.ffcam38.com\/jeunes-alpinistes\/wp-content\/uploads\/2024\/12\/2024_11_17_orientation-chamrousse_0056export-1024x683.jpg\" alt=\"\" class=\"wp-image-6218\" style=\"width:414px;height:auto\" srcset=\"https:\/\/www.ffcam38.com\/jeunes-alpinistes\/wp-content\/uploads\/2024\/12\/2024_11_17_orientation-chamrousse_0056export-1024x683.jpg 1024w, https:\/\/www.ffcam38.com\/jeunes-alpinistes\/wp-content\/uploads\/2024\/12\/2024_11_17_orientation-chamrousse_0056export-300x200.jpg 300w, https:\/\/www.ffcam38.com\/jeunes-alpinistes\/wp-content\/uploads\/2024\/12\/2024_11_17_orientation-chamrousse_0056export-768x512.jpg 768w, https:\/\/www.ffcam38.com\/jeunes-alpinistes\/wp-content\/uploads\/2024\/12\/2024_11_17_orientation-chamrousse_0056export-1536x1024.jpg 1536w, https:\/\/www.ffcam38.com\/jeunes-alpinistes\/wp-content\/uploads\/2024\/12\/2024_11_17_orientation-chamrousse_0056export-2048x1365.jpg 2048w, https:\/\/www.ffcam38.com\/jeunes-alpinistes\/wp-content\/uploads\/2024\/12\/2024_11_17_orientation-chamrousse_0056export-405x270.jpg 405w\" sizes=\"auto, (max-width: 1024px) 100vw, 1024px\" \/><\/figure>\n<\/figure>\n\n\n\n<div class=\"wp-block-media-text has-media-on-the-right is-stacked-on-mobile\" style=\"grid-template-columns:auto 37%\"><div class=\"wp-block-media-text__content\">\n<p>Mais revenons \u00e0 nos moutons : on est quand m\u00eame ici pour parler un peu de sport. Entre les diff\u00e9rentes pr\u00e9sentations et les exercices pratiques, on en a appris des choses ! Lire une carte IGN, utiliser la boussole, faire des azimuts, s\u2019orienter par mauvais temps, utiliser les applications mobiles, faire ses traces GPS, et m\u00eame faire des erreurs volontaires ! Mais c\u2019est volontaire donc, t\u2019inqui\u00e8te.<\/p>\n<\/div><figure class=\"wp-block-media-text__media\"><img loading=\"lazy\" decoding=\"async\" width=\"1024\" height=\"683\" src=\"https:\/\/www.ffcam38.com\/jeunes-alpinistes\/wp-content\/uploads\/2024\/12\/2024_11_17_orientation-chamrousse_0004export-3-1024x683.jpg\" alt=\"\" class=\"wp-image-6237 size-full\" srcset=\"https:\/\/www.ffcam38.com\/jeunes-alpinistes\/wp-content\/uploads\/2024\/12\/2024_11_17_orientation-chamrousse_0004export-3-1024x683.jpg 1024w, https:\/\/www.ffcam38.com\/jeunes-alpinistes\/wp-content\/uploads\/2024\/12\/2024_11_17_orientation-chamrousse_0004export-3-300x200.jpg 300w, https:\/\/www.ffcam38.com\/jeunes-alpinistes\/wp-content\/uploads\/2024\/12\/2024_11_17_orientation-chamrousse_0004export-3-768x512.jpg 768w, https:\/\/www.ffcam38.com\/jeunes-alpinistes\/wp-content\/uploads\/2024\/12\/2024_11_17_orientation-chamrousse_0004export-3-1536x1024.jpg 1536w, https:\/\/www.ffcam38.com\/jeunes-alpinistes\/wp-content\/uploads\/2024\/12\/2024_11_17_orientation-chamrousse_0004export-3-2048x1365.jpg 2048w, https:\/\/www.ffcam38.com\/jeunes-alpinistes\/wp-content\/uploads\/2024\/12\/2024_11_17_orientation-chamrousse_0004export-3-405x270.jpg 405w\" sizes=\"auto, (max-width: 1024px) 100vw, 1024px\" \/><\/figure><\/div>\n\n\n\n<p>Comment \u00e7a, c\u2019est facile ? Ah, parce que vous savez tou\u00b7te\u00b7s diff\u00e9rencier une croupe d\u2019un talweg sur une carte ? Demandez \u00e0 Jeff, il vous expliquera !<\/p>\n\n\n\n<p>On a quand m\u00eame un peu transpir\u00e9 avec ces histoires. Entre la CO par groupe du samedi matin au plateau de l\u2019Arselle, la CO de nuit du samedi soir entre Chamrousse 1650 et Chamrousse 1750, et la CO en individuel\u00b7le au d\u00e9part du Recoin le dimanche matin, on a bien crapahut\u00e9. Malgr\u00e9 les passages en mode sangliers \u00e0 travers la station, les premi\u00e8res neiges sur notre chemin, un quatuor d\u2019\u00e9clop\u00e9\u00b7e\u00b7s et un bin\u00f4me d\u00e9nu\u00e9 de sens de l\u2019orientation, tout le monde est finalement rentr\u00e9\u00b7e \u00e0 bon port !<\/p>\n\n\n\n<p>Allez, on s\u2019est quand m\u00eame bien amus\u00e9\u00b7e\u00b7s, et on a h\u00e2te de se retrouver sur les prochaines sorties !<\/p>\n\n\n\n<div class=\"wp-block-group is-nowrap is-layout-flex wp-container-core-group-is-layout-ad2f72ca wp-block-group-is-layout-flex\">\n<figure class=\"wp-block-image size-large is-resized\"><img loading=\"lazy\" decoding=\"async\" width=\"769\" height=\"1024\" src=\"https:\/\/www.ffcam38.com\/jeunes-alpinistes\/wp-content\/uploads\/2024\/12\/IMG-20241127-WA0005-769x1024.jpg\" alt=\"\" class=\"wp-image-6227\" style=\"width:344px;height:auto\" srcset=\"https:\/\/www.ffcam38.com\/jeunes-alpinistes\/wp-content\/uploads\/2024\/12\/IMG-20241127-WA0005-769x1024.jpg 769w, https:\/\/www.ffcam38.com\/jeunes-alpinistes\/wp-content\/uploads\/2024\/12\/IMG-20241127-WA0005-225x300.jpg 225w, https:\/\/www.ffcam38.com\/jeunes-alpinistes\/wp-content\/uploads\/2024\/12\/IMG-20241127-WA0005-768x1023.jpg 768w, https:\/\/www.ffcam38.com\/jeunes-alpinistes\/wp-content\/uploads\/2024\/12\/IMG-20241127-WA0005-1153x1536.jpg 1153w, https:\/\/www.ffcam38.com\/jeunes-alpinistes\/wp-content\/uploads\/2024\/12\/IMG-20241127-WA0005-203x270.jpg 203w, https:\/\/www.ffcam38.com\/jeunes-alpinistes\/wp-content\/uploads\/2024\/12\/IMG-20241127-WA0005.jpg 1537w\" sizes=\"auto, (max-width: 769px) 100vw, 769px\" \/><\/figure>\n\n\n\n<figure class=\"wp-block-image size-large is-resized\"><img loading=\"lazy\" decoding=\"async\" width=\"769\" height=\"1024\" src=\"https:\/\/www.ffcam38.com\/jeunes-alpinistes\/wp-content\/uploads\/2024\/12\/IMG-20241127-WA0004-769x1024.jpg\" alt=\"\" class=\"wp-image-6226\" style=\"width:345px;height:auto\" srcset=\"https:\/\/www.ffcam38.com\/jeunes-alpinistes\/wp-content\/uploads\/2024\/12\/IMG-20241127-WA0004-769x1024.jpg 769w, https:\/\/www.ffcam38.com\/jeunes-alpinistes\/wp-content\/uploads\/2024\/12\/IMG-20241127-WA0004-225x300.jpg 225w, https:\/\/www.ffcam38.com\/jeunes-alpinistes\/wp-content\/uploads\/2024\/12\/IMG-20241127-WA0004-768x1023.jpg 768w, https:\/\/www.ffcam38.com\/jeunes-alpinistes\/wp-content\/uploads\/2024\/12\/IMG-20241127-WA0004-1153x1536.jpg 1153w, https:\/\/www.ffcam38.com\/jeunes-alpinistes\/wp-content\/uploads\/2024\/12\/IMG-20241127-WA0004-203x270.jpg 203w, https:\/\/www.ffcam38.com\/jeunes-alpinistes\/wp-content\/uploads\/2024\/12\/IMG-20241127-WA0004.jpg 1537w\" sizes=\"auto, (max-width: 769px) 100vw, 769px\" \/><\/figure>\n<\/div>\n\n\n\n<div class=\"wp-block-group is-nowrap is-layout-flex wp-container-core-group-is-layout-ad2f72ca wp-block-group-is-layout-flex\">\n<figure class=\"wp-block-image size-large is-resized\"><img loading=\"lazy\" decoding=\"async\" width=\"1024\" height=\"683\" src=\"https:\/\/www.ffcam38.com\/jeunes-alpinistes\/wp-content\/uploads\/2024\/12\/2024_11_17_orientation-chamrousse_0066export-1-1024x683.jpg\" alt=\"\" class=\"wp-image-6222\" style=\"width:497px;height:auto\" srcset=\"https:\/\/www.ffcam38.com\/jeunes-alpinistes\/wp-content\/uploads\/2024\/12\/2024_11_17_orientation-chamrousse_0066export-1-1024x683.jpg 1024w, https:\/\/www.ffcam38.com\/jeunes-alpinistes\/wp-content\/uploads\/2024\/12\/2024_11_17_orientation-chamrousse_0066export-1-300x200.jpg 300w, https:\/\/www.ffcam38.com\/jeunes-alpinistes\/wp-content\/uploads\/2024\/12\/2024_11_17_orientation-chamrousse_0066export-1-768x512.jpg 768w, https:\/\/www.ffcam38.com\/jeunes-alpinistes\/wp-content\/uploads\/2024\/12\/2024_11_17_orientation-chamrousse_0066export-1-1536x1024.jpg 1536w, https:\/\/www.ffcam38.com\/jeunes-alpinistes\/wp-content\/uploads\/2024\/12\/2024_11_17_orientation-chamrousse_0066export-1-2048x1365.jpg 2048w, https:\/\/www.ffcam38.com\/jeunes-alpinistes\/wp-content\/uploads\/2024\/12\/2024_11_17_orientation-chamrousse_0066export-1-405x270.jpg 405w\" sizes=\"auto, (max-width: 1024px) 100vw, 1024px\" \/><\/figure>\n\n\n\n<figure class=\"wp-block-image size-large is-resized\"><img loading=\"lazy\" decoding=\"async\" width=\"769\" height=\"1024\" src=\"https:\/\/www.ffcam38.com\/jeunes-alpinistes\/wp-content\/uploads\/2024\/12\/IMG-20241127-WA0009-769x1024.jpg\" alt=\"\" class=\"wp-image-6228\" style=\"width:261px;height:auto\" srcset=\"https:\/\/www.ffcam38.com\/jeunes-alpinistes\/wp-content\/uploads\/2024\/12\/IMG-20241127-WA0009-769x1024.jpg 769w, https:\/\/www.ffcam38.com\/jeunes-alpinistes\/wp-content\/uploads\/2024\/12\/IMG-20241127-WA0009-225x300.jpg 225w, https:\/\/www.ffcam38.com\/jeunes-alpinistes\/wp-content\/uploads\/2024\/12\/IMG-20241127-WA0009-768x1023.jpg 768w, https:\/\/www.ffcam38.com\/jeunes-alpinistes\/wp-content\/uploads\/2024\/12\/IMG-20241127-WA0009-1153x1536.jpg 1153w, https:\/\/www.ffcam38.com\/jeunes-alpinistes\/wp-content\/uploads\/2024\/12\/IMG-20241127-WA0009-203x270.jpg 203w, https:\/\/www.ffcam38.com\/jeunes-alpinistes\/wp-content\/uploads\/2024\/12\/IMG-20241127-WA0009.jpg 1537w\" sizes=\"auto, (max-width: 769px) 100vw, 769px\" \/><\/figure>\n<\/div>\n\n\n\n<div class=\"wp-block-group is-nowrap is-layout-flex wp-container-core-group-is-layout-ad2f72ca wp-block-group-is-layout-flex\">\n<figure class=\"wp-block-image size-large is-resized\"><img loading=\"lazy\" decoding=\"async\" width=\"1024\" height=\"683\" src=\"https:\/\/www.ffcam38.com\/jeunes-alpinistes\/wp-content\/uploads\/2024\/12\/2024_11_17_orientation-chamrousse_0087export-1024x683.jpg\" alt=\"\" class=\"wp-image-6221\" style=\"width:402px;height:auto\" srcset=\"https:\/\/www.ffcam38.com\/jeunes-alpinistes\/wp-content\/uploads\/2024\/12\/2024_11_17_orientation-chamrousse_0087export-1024x683.jpg 1024w, https:\/\/www.ffcam38.com\/jeunes-alpinistes\/wp-content\/uploads\/2024\/12\/2024_11_17_orientation-chamrousse_0087export-300x200.jpg 300w, https:\/\/www.ffcam38.com\/jeunes-alpinistes\/wp-content\/uploads\/2024\/12\/2024_11_17_orientation-chamrousse_0087export-768x512.jpg 768w, https:\/\/www.ffcam38.com\/jeunes-alpinistes\/wp-content\/uploads\/2024\/12\/2024_11_17_orientation-chamrousse_0087export-1536x1024.jpg 1536w, https:\/\/www.ffcam38.com\/jeunes-alpinistes\/wp-content\/uploads\/2024\/12\/2024_11_17_orientation-chamrousse_0087export-2048x1365.jpg 2048w, https:\/\/www.ffcam38.com\/jeunes-alpinistes\/wp-content\/uploads\/2024\/12\/2024_11_17_orientation-chamrousse_0087export-405x270.jpg 405w\" sizes=\"auto, (max-width: 1024px) 100vw, 1024px\" \/><\/figure>\n\n\n\n<figure class=\"wp-block-image size-large is-resized\"><img loading=\"lazy\" decoding=\"async\" width=\"1024\" height=\"769\" src=\"https:\/\/www.ffcam38.com\/jeunes-alpinistes\/wp-content\/uploads\/2024\/12\/IMG-20241127-WA0010-1024x769.jpg\" alt=\"\" class=\"wp-image-6225\" style=\"width:498px;height:auto\" srcset=\"https:\/\/www.ffcam38.com\/jeunes-alpinistes\/wp-content\/uploads\/2024\/12\/IMG-20241127-WA0010-1024x769.jpg 1024w, https:\/\/www.ffcam38.com\/jeunes-alpinistes\/wp-content\/uploads\/2024\/12\/IMG-20241127-WA0010-300x225.jpg 300w, https:\/\/www.ffcam38.com\/jeunes-alpinistes\/wp-content\/uploads\/2024\/12\/IMG-20241127-WA0010-768x576.jpg 768w, https:\/\/www.ffcam38.com\/jeunes-alpinistes\/wp-content\/uploads\/2024\/12\/IMG-20241127-WA0010-1536x1153.jpg 1536w, https:\/\/www.ffcam38.com\/jeunes-alpinistes\/wp-content\/uploads\/2024\/12\/IMG-20241127-WA0010-360x270.jpg 360w, https:\/\/www.ffcam38.com\/jeunes-alpinistes\/wp-content\/uploads\/2024\/12\/IMG-20241127-WA0010.jpg 2048w\" sizes=\"auto, (max-width: 1024px) 100vw, 1024px\" \/><\/figure>\n<\/div>\n\n\n\n<p><\/p>\n","protected":false},"excerpt":{"rendered":"<p>C\u2019est parti\u00a0! L\u2019ann\u00e9e est lanc\u00e9e pour la nouvelle promo des \u00c9quipes Jeunes Alpi, fra\u00eechement recrut\u00e9e depuis les s\u00e9lections de septembre dernier.Au programme, on se remet dans le bain avec un week-end cartographie et orientation ! On y rencontre nos supers encadrants : Mathieu, Jeff\u2019 et Nico. Nathan, aux commandes de l\u2019organisation, sera aussi notre poseur de balise (presque) professionnel pour ces deux jours. Quoi de mieux pour apprendre \u00e0 se conna\u00eetre entre nouveaux\u00b7elles 1A qu\u2019un week-end au chalet de l\u2019Alpes-Club,&#8230;<\/p>\n<p class=\"read-more\"><a class=\"btn btn-default\" href=\"https:\/\/www.ffcam38.com\/jeunes-alpinistes\/2024\/12\/06\/we-cartographie-orientation-co2-_15-16-17-nov-2024\/\">Lire la suite<span class=\"screen-reader-text\"> Lire la suite<\/span><\/a><\/p>\n","protected":false},"author":156,"featured_media":6239,"comment_status":"open","ping_status":"open","sticky":false,"template":"","format":"standard","meta":{"footnotes":""},"categories":[],"tags":[68],"class_list":["post-6216","post","type-post","status-publish","format-standard","has-post-thumbnail","hentry","tag-formation"],"_links":{"self":[{"href":"https:\/\/www.ffcam38.com\/jeunes-alpinistes\/wp-json\/wp\/v2\/posts\/6216","targetHints":{"allow":["GET"]}}],"collection":[{"href":"https:\/\/www.ffcam38.com\/jeunes-alpinistes\/wp-json\/wp\/v2\/posts"}],"about":[{"href":"https:\/\/www.ffcam38.com\/jeunes-alpinistes\/wp-json\/wp\/v2\/types\/post"}],"author":[{"embeddable":true,"href":"https:\/\/www.ffcam38.com\/jeunes-alpinistes\/wp-json\/wp\/v2\/users\/156"}],"replies":[{"embeddable":true,"href":"https:\/\/www.ffcam38.com\/jeunes-alpinistes\/wp-json\/wp\/v2\/comments?post=6216"}],"version-history":[{"count":6,"href":"https:\/\/www.ffcam38.com\/jeunes-alpinistes\/wp-json\/wp\/v2\/posts\/6216\/revisions"}],"predecessor-version":[{"id":6241,"href":"https:\/\/www.ffcam38.com\/jeunes-alpinistes\/wp-json\/wp\/v2\/posts\/6216\/revisions\/6241"}],"wp:featuredmedia":[{"embeddable":true,"href":"https:\/\/www.ffcam38.com\/jeunes-alpinistes\/wp-json\/wp\/v2\/media\/6239"}],"wp:attachment":[{"href":"https:\/\/www.ffcam38.com\/jeunes-alpinistes\/wp-json\/wp\/v2\/media?parent=6216"}],"wp:term":[{"taxonomy":"category","embeddable":true,"href":"https:\/\/www.ffcam38.com\/jeunes-alpinistes\/wp-json\/wp\/v2\/categories?post=6216"},{"taxonomy":"post_tag","embeddable":true,"href":"https:\/\/www.ffcam38.com\/jeunes-alpinistes\/wp-json\/wp\/v2\/tags?post=6216"}],"curies":[{"name":"wp","href":"https:\/\/api.w.org\/{rel}","templated":true}]}}