{"id":6310,"date":"2024-08-17T14:22:48","date_gmt":"2024-08-17T12:22:48","guid":{"rendered":"https:\/\/www.ffcam38.com\/jeunes-alpinistes\/?p=6310"},"modified":"2025-12-02T09:10:21","modified_gmt":"2025-12-02T08:10:21","slug":"a-la-recherche-du-granite-parfait-et-des-longues-grandes-voies","status":"publish","type":"post","link":"https:\/\/www.ffcam38.com\/jeunes-alpinistes\/2024\/08\/17\/a-la-recherche-du-granite-parfait-et-des-longues-grandes-voies\/","title":{"rendered":"A la recherche du granite parfait et des longues grandes voies \u00a0&#8211; \u00e9t\u00e9 2024"},"content":{"rendered":"<figure class=\"wp-block-post-featured-image\"><img loading=\"lazy\" decoding=\"async\" width=\"479\" height=\"270\" src=\"https:\/\/www.ffcam38.com\/jeunes-alpinistes\/wp-content\/uploads\/2025\/04\/20240723_205520-1-479x270.jpg\" class=\"attachment-post-thumbnail size-post-thumbnail wp-post-image\" alt=\"\" style=\"object-fit:cover;\" srcset=\"https:\/\/www.ffcam38.com\/jeunes-alpinistes\/wp-content\/uploads\/2025\/04\/20240723_205520-1-479x270.jpg 479w, https:\/\/www.ffcam38.com\/jeunes-alpinistes\/wp-content\/uploads\/2025\/04\/20240723_205520-1-300x169.jpg 300w, https:\/\/www.ffcam38.com\/jeunes-alpinistes\/wp-content\/uploads\/2025\/04\/20240723_205520-1-1024x577.jpg 1024w, https:\/\/www.ffcam38.com\/jeunes-alpinistes\/wp-content\/uploads\/2025\/04\/20240723_205520-1-768x432.jpg 768w, https:\/\/www.ffcam38.com\/jeunes-alpinistes\/wp-content\/uploads\/2025\/04\/20240723_205520-1-1536x865.jpg 1536w, https:\/\/www.ffcam38.com\/jeunes-alpinistes\/wp-content\/uploads\/2025\/04\/20240723_205520-1-2048x1153.jpg 2048w\" sizes=\"auto, (max-width: 479px) 100vw, 479px\" \/><\/figure>\n\n\n<p>Sol\u00e8ne se sert du pr\u00e9texte de notre projet de fin cycle pour trouver du monde pour l&rsquo;accompagner en Scandinavie. Elle nous montre quelques photos et il ne m\u2019en faut pas plus pour me motiver !<\/p>\n\n\n\n<p>L\u2019id\u00e9e c\u2019est de partir en stop jusqu\u2019en Norv\u00e8ge pour d\u00e9couvrir ses falaises de granite et ses voies de trad m\u00e9connues. On commence \u00e0 pr\u00e9parer le projet d\u00e8s le mois de mai. On topote \u00e0 la recherche de sites qui nous font r\u00eaver et on glane des informations pratiques l\u00e0 o\u00f9 on peut. Pour le trajet c\u2019est assez simple il n\u2019y a pas grand chose \u00e0 pr\u00e9parer. On a seulement besoin d\u2019un t\u00e9l\u00e9phone charg\u00e9 et de google map le jour J. Au d\u00e9part, j&rsquo;\u00e9tais quand m\u00eame sceptique sur ce moyen de transport : combien de temps \u00e7a va nous prendre pour aller en Norv\u00e8ge ? Comment faire autant de kilom\u00e8tres en stop ?&#8230;<\/p>\n\n\n\n<p>Bien s\u00fbr, il ne faudrait pas \u00eatre trop organis\u00e9es, alors on se retrouve la veille du d\u00e9part \u00e0 la recherche d\u2019un sac \u00e0 dos et des derni\u00e8res affaires qui nous manquent. Un seul crit\u00e8re pour le sac : tout doit rentrer\u2026 Le 7 juillet, je fais un d\u00e9tour par le bureau de vote et nous voil\u00e0 un chemin vers Porte de France. Enfin presque\u2026 le premier crux arrive :&nbsp; r\u00e9ussir \u00e0 hisser le sac \u00e0 dos sur mes \u00e9paules, \u00e7a promet\u2026 La premi\u00e8re voiture qui passe s&rsquo;arr\u00eate, la chance est avec nous.&nbsp; Je suis vite tomb\u00e9e sous le charme du stop. C\u2019est assez efficace et cela permet de faire des rencontres surprenantes mais toujours merveilleuses. Le hasard est de mise et nous oblige \u00e0 l\u00e2cher prise. On a tellement d&rsquo;anecdotes \u00e0 raconter !&nbsp;<\/p>\n\n\n\n<p>Apr\u00e8s 4 jours de route, nous arrivons en Scandinavie. Le climat change et nous sommes accueillies par les grandes for\u00eats de sapins et le granite que nous sommes venues chercher\u2026 mais aussi par la pluie, la vie en tente et les fruits en quantit\u00e9 ! Nous commen\u00e7ons doucement cette aventure granitique dans la r\u00e9gion de Bohusl\u00e4n en Su\u00e8de et ses couennes r\u00e9put\u00e9es. On r\u00e9vise les coincements en fissures et la pose de protections. Cela nous permet aussi de se d\u00e9gourdir un peu les jambes\u2026 Ce n\u2019est en effet pas toujours facile de trouver une voiture.&nbsp;<\/p>\n\n\n\n<p>Quelques jours plus tard, la m\u00e9t\u00e9o nous sugg\u00e8re subtilement de reprendre la route. Nous partons \u00e0 la recherche de faces plus grandes et d\u2019un peu de soleil. Nous optons pour le T\u00e9l\u00e9mark au sud de la Norv\u00e8ge. Il nous faudra un jour et demi de stop avant de pouvoir poser notre camp au pied d\u2019un monolithe de granite de 400m de haut, Haegefjell. N\u2019\u00e9tant jamais all\u00e9e au Yosemite, je trouve que cette falaise ressemble beaucoup \u00e0 El cap. En attendant de pouvoir confirmer, ce sera notre petit big wall pour les prochains jours. Nous augmentons progressivement la difficult\u00e9 des voies. On prend confiance et on am\u00e9liore notre efficacit\u00e9. En 3 jours, nous avons finalement grimp\u00e9 4 grandes voies. C\u2019est ce qu\u2019on appelle une bonne&nbsp; optimisation du cr\u00e9neau de soleil !&nbsp;<\/p>\n\n\n\n<p>De retour \u00e0 la civilisation, on charge les t\u00e9l\u00e9phones en r\u00e9fl\u00e9chissant \u00e0 notre prochaine destination. La m\u00e9t\u00e9o n\u2019est pas favorable pour le Kjerag, mais un cr\u00e9neau semble se dessiner dans la vall\u00e9e d\u2019Uskedalen o\u00f9 des grandes voies de 800 m ont attir\u00e9 notre attention.&nbsp;<\/p>\n\n\n\n<p>Nous reprenons la route, il est temps d\u2019aller voire encore plus grand.&nbsp;&nbsp;<\/p>\n\n\n\n<p>La vall\u00e9e d\u2019Uskedalen est bord\u00e9e de grandes falaises aux allures de bosses de dromadaire, nous sommes au bon endroit. On pose la tente au bord de la rivi\u00e8re face au g\u00e9ant de granite tout au bout de la route. Bartasse dans la for\u00eat et pieds tremp\u00e9s sont les mots d\u2019ordre pour les approches. Une fois sur le rocher \u00e7a d\u00e9roule, les fissures sont faciles \u00e0 suivre, on avance bien et le vide se creuse sous nos pieds. L\u2019arriv\u00e9e au sommet de ces g\u00e9ants est magnifique et la vue \u00e0 couper le souffle. Nous ne sommes pas dans une r\u00e9gion de fjords encaiss\u00e9s mais plut\u00f4t d&rsquo;\u00eeles \u00e0 perte de vue sur un oc\u00e9an qui se teinte de rose. La descente est longue, car il faut faire le tour de cette falaise pour revenir \u00e0 notre tente.&nbsp; On se rend bien compte au r\u00e9veil que la journ\u00e9e de grimpe a \u00e9t\u00e9 un peu trop exigeante en \u00e9nergie. Malgr\u00e9 la motivation et le soleil, le repos s\u2019impose.&nbsp;<\/p>\n\n\n\n<p>Notre projet suivant nous a demand\u00e9 un peu plus de r\u00e9signation. Entre les probl\u00e8mes d&rsquo;itin\u00e9raire et la pluie qui s\u2019invite, la redescente s\u2019impose sans trop de probl\u00e8me apr\u00e8s quelques longueurs. On laisse passer le mauvais temps et alors qu\u2019il ne nous reste qu\u2019une journ\u00e9e pour grimper, on d\u00e9cide d\u2019y retourner. Cette voie, c\u2019est Midtsommernatsdrom, peut-\u00eatre la plus connue du secteur et pourtant il n\u2019y a pas foule. C\u2019est une voie de 500m tr\u00e8s continue dans le 6b o\u00f9 le crux r\u00e9side dans une longueur d\u201cass crack\u201d, une fissure fine et bouch\u00e9e o\u00f9 les protections sont al\u00e9atoires et les adh\u00e9rences douteuses. Que du r\u00eave ! Pour ce deuxi\u00e8me essai, nous venons \u00e0 bout de cette superbe voie et comme c\u2019est notre dernier jour nous d\u00e9cidons de sortir au sommet 300m plus haut. On aper\u00e7oit les derniers rayons de soleil \u00e0 l&rsquo;horizon avant d\u2019entamer une tr\u00e8s longue descente \u00e0 la recherche des points rouges. Au lever du soleil, on finit par rejoindre notre tente. Quelques heures de sommeil plus tard et c\u2019est l\u2019heure de quitter ce petit coin de paradis.&nbsp;<\/p>\n\n\n\n<p>Bien contentes de finir ce chapitre par une belle r\u00e9ussite, le voyage est loin d&rsquo;\u00eatre termin\u00e9 ! On va bien prendre notre temps pour rentrer et en profiter pour visiter. En guise de r\u00e9cup\u2019, on encha\u00eene sur une randonn\u00e9e pour aller voir le glacier de Folgefonna. On reprend la route pour retourner \u00e0 Bohusl\u00e4n et ainsi mesurer notre progression. On en profite pour poser un projet dans une voie pour avoir un pr\u00e9texte pour revenir ! On poursuit ensuite par du bloc \u00e0 Avalonia en Allemagne o\u00f9 le mot \u201crencontre\u201d prend tout son sens. Une fois \u00e0 Aix- la Chapelle, il ne me reste qu&rsquo;une journ\u00e9e pour rentrer \u00e0 Grenoble, j\u2019aime bien jouer avec le feu mais c\u2019est un pari r\u00e9ussi. On traverse la Belgique et le Luxembourg et \u00e0 minuit, nous sommes de retour \u00e0 la maison !<\/p>\n\n\n\n<figure class=\"wp-block-image size-large\"><img loading=\"lazy\" decoding=\"async\" width=\"1024\" height=\"692\" src=\"https:\/\/www.ffcam38.com\/jeunes-alpinistes\/wp-content\/uploads\/2025\/04\/R1-08716-0011-1024x692.jpg\" alt=\"\" class=\"wp-image-6315\" srcset=\"https:\/\/www.ffcam38.com\/jeunes-alpinistes\/wp-content\/uploads\/2025\/04\/R1-08716-0011-1024x692.jpg 1024w, https:\/\/www.ffcam38.com\/jeunes-alpinistes\/wp-content\/uploads\/2025\/04\/R1-08716-0011-300x203.jpg 300w, https:\/\/www.ffcam38.com\/jeunes-alpinistes\/wp-content\/uploads\/2025\/04\/R1-08716-0011-768x519.jpg 768w, https:\/\/www.ffcam38.com\/jeunes-alpinistes\/wp-content\/uploads\/2025\/04\/R1-08716-0011-1536x1038.jpg 1536w, https:\/\/www.ffcam38.com\/jeunes-alpinistes\/wp-content\/uploads\/2025\/04\/R1-08716-0011-2048x1384.jpg 2048w, https:\/\/www.ffcam38.com\/jeunes-alpinistes\/wp-content\/uploads\/2025\/04\/R1-08716-0011-400x270.jpg 400w\" sizes=\"auto, (max-width: 1024px) 100vw, 1024px\" \/><\/figure>\n\n\n\n<figure class=\"wp-block-image size-large\"><img loading=\"lazy\" decoding=\"async\" width=\"692\" height=\"1024\" src=\"https:\/\/www.ffcam38.com\/jeunes-alpinistes\/wp-content\/uploads\/2025\/04\/R1-08716-0008-692x1024.jpg\" alt=\"\" class=\"wp-image-6318\" srcset=\"https:\/\/www.ffcam38.com\/jeunes-alpinistes\/wp-content\/uploads\/2025\/04\/R1-08716-0008-692x1024.jpg 692w, https:\/\/www.ffcam38.com\/jeunes-alpinistes\/wp-content\/uploads\/2025\/04\/R1-08716-0008-203x300.jpg 203w, https:\/\/www.ffcam38.com\/jeunes-alpinistes\/wp-content\/uploads\/2025\/04\/R1-08716-0008-768x1137.jpg 768w, https:\/\/www.ffcam38.com\/jeunes-alpinistes\/wp-content\/uploads\/2025\/04\/R1-08716-0008-1038x1536.jpg 1038w, https:\/\/www.ffcam38.com\/jeunes-alpinistes\/wp-content\/uploads\/2025\/04\/R1-08716-0008-1384x2048.jpg 1384w, https:\/\/www.ffcam38.com\/jeunes-alpinistes\/wp-content\/uploads\/2025\/04\/R1-08716-0008-182x270.jpg 182w, https:\/\/www.ffcam38.com\/jeunes-alpinistes\/wp-content\/uploads\/2025\/04\/R1-08716-0008-scaled.jpg 1730w\" sizes=\"auto, (max-width: 692px) 100vw, 692px\" \/><\/figure>\n\n\n\n<figure class=\"wp-block-image size-large\"><img loading=\"lazy\" decoding=\"async\" width=\"1024\" height=\"577\" src=\"https:\/\/www.ffcam38.com\/jeunes-alpinistes\/wp-content\/uploads\/2025\/04\/20240803_195403-1024x577.jpg\" alt=\"\" class=\"wp-image-6313\" srcset=\"https:\/\/www.ffcam38.com\/jeunes-alpinistes\/wp-content\/uploads\/2025\/04\/20240803_195403-1024x577.jpg 1024w, https:\/\/www.ffcam38.com\/jeunes-alpinistes\/wp-content\/uploads\/2025\/04\/20240803_195403-300x169.jpg 300w, https:\/\/www.ffcam38.com\/jeunes-alpinistes\/wp-content\/uploads\/2025\/04\/20240803_195403-768x432.jpg 768w, https:\/\/www.ffcam38.com\/jeunes-alpinistes\/wp-content\/uploads\/2025\/04\/20240803_195403-1536x865.jpg 1536w, https:\/\/www.ffcam38.com\/jeunes-alpinistes\/wp-content\/uploads\/2025\/04\/20240803_195403-2048x1153.jpg 2048w, https:\/\/www.ffcam38.com\/jeunes-alpinistes\/wp-content\/uploads\/2025\/04\/20240803_195403-479x270.jpg 479w\" sizes=\"auto, (max-width: 1024px) 100vw, 1024px\" \/><\/figure>\n\n\n\n<figure class=\"wp-block-image size-large is-resized\"><img loading=\"lazy\" decoding=\"async\" width=\"577\" height=\"1024\" src=\"https:\/\/www.ffcam38.com\/jeunes-alpinistes\/wp-content\/uploads\/2025\/04\/20240719_180629-577x1024.jpg\" alt=\"\" class=\"wp-image-6311\" style=\"width:740px;height:auto\" srcset=\"https:\/\/www.ffcam38.com\/jeunes-alpinistes\/wp-content\/uploads\/2025\/04\/20240719_180629-577x1024.jpg 577w, https:\/\/www.ffcam38.com\/jeunes-alpinistes\/wp-content\/uploads\/2025\/04\/20240719_180629-169x300.jpg 169w, https:\/\/www.ffcam38.com\/jeunes-alpinistes\/wp-content\/uploads\/2025\/04\/20240719_180629-768x1364.jpg 768w, https:\/\/www.ffcam38.com\/jeunes-alpinistes\/wp-content\/uploads\/2025\/04\/20240719_180629-865x1536.jpg 865w, https:\/\/www.ffcam38.com\/jeunes-alpinistes\/wp-content\/uploads\/2025\/04\/20240719_180629-1153x2048.jpg 1153w, https:\/\/www.ffcam38.com\/jeunes-alpinistes\/wp-content\/uploads\/2025\/04\/20240719_180629-152x270.jpg 152w, https:\/\/www.ffcam38.com\/jeunes-alpinistes\/wp-content\/uploads\/2025\/04\/20240719_180629-scaled.jpg 1442w\" sizes=\"auto, (max-width: 577px) 100vw, 577px\" \/><\/figure>\n","protected":false},"excerpt":{"rendered":"<p>Sol\u00e8ne se sert du pr\u00e9texte de notre projet de fin cycle pour trouver du monde pour l&rsquo;accompagner en Scandinavie. Elle nous montre quelques photos et il ne m\u2019en faut pas plus pour me motiver ! L\u2019id\u00e9e c\u2019est de partir en stop jusqu\u2019en Norv\u00e8ge pour d\u00e9couvrir ses falaises de granite et ses voies de trad m\u00e9connues. On commence \u00e0 pr\u00e9parer le projet d\u00e8s le mois de mai. On topote \u00e0 la recherche de sites qui nous font r\u00eaver et on glane&#8230;<\/p>\n<p class=\"read-more\"><a class=\"btn btn-default\" href=\"https:\/\/www.ffcam38.com\/jeunes-alpinistes\/2024\/08\/17\/a-la-recherche-du-granite-parfait-et-des-longues-grandes-voies\/\">Lire la suite<span class=\"screen-reader-text\"> Lire la suite<\/span><\/a><\/p>\n","protected":false},"author":136,"featured_media":6314,"comment_status":"open","ping_status":"open","sticky":false,"template":"","format":"standard","meta":{"footnotes":""},"categories":[],"tags":[],"class_list":["post-6310","post","type-post","status-publish","format-standard","has-post-thumbnail","hentry"],"_links":{"self":[{"href":"https:\/\/www.ffcam38.com\/jeunes-alpinistes\/wp-json\/wp\/v2\/posts\/6310","targetHints":{"allow":["GET"]}}],"collection":[{"href":"https:\/\/www.ffcam38.com\/jeunes-alpinistes\/wp-json\/wp\/v2\/posts"}],"about":[{"href":"https:\/\/www.ffcam38.com\/jeunes-alpinistes\/wp-json\/wp\/v2\/types\/post"}],"author":[{"embeddable":true,"href":"https:\/\/www.ffcam38.com\/jeunes-alpinistes\/wp-json\/wp\/v2\/users\/136"}],"replies":[{"embeddable":true,"href":"https:\/\/www.ffcam38.com\/jeunes-alpinistes\/wp-json\/wp\/v2\/comments?post=6310"}],"version-history":[{"count":5,"href":"https:\/\/www.ffcam38.com\/jeunes-alpinistes\/wp-json\/wp\/v2\/posts\/6310\/revisions"}],"predecessor-version":[{"id":6693,"href":"https:\/\/www.ffcam38.com\/jeunes-alpinistes\/wp-json\/wp\/v2\/posts\/6310\/revisions\/6693"}],"wp:featuredmedia":[{"embeddable":true,"href":"https:\/\/www.ffcam38.com\/jeunes-alpinistes\/wp-json\/wp\/v2\/media\/6314"}],"wp:attachment":[{"href":"https:\/\/www.ffcam38.com\/jeunes-alpinistes\/wp-json\/wp\/v2\/media?parent=6310"}],"wp:term":[{"taxonomy":"category","embeddable":true,"href":"https:\/\/www.ffcam38.com\/jeunes-alpinistes\/wp-json\/wp\/v2\/categories?post=6310"},{"taxonomy":"post_tag","embeddable":true,"href":"https:\/\/www.ffcam38.com\/jeunes-alpinistes\/wp-json\/wp\/v2\/tags?post=6310"}],"curies":[{"name":"wp","href":"https:\/\/api.w.org\/{rel}","templated":true}]}}