{"id":6324,"date":"2025-05-12T21:46:56","date_gmt":"2025-05-12T19:46:56","guid":{"rendered":"https:\/\/www.ffcam38.com\/jeunes-alpinistes\/?p=6324"},"modified":"2025-12-02T09:07:57","modified_gmt":"2025-12-02T08:07:57","slug":"week-end-velo-grimpe-dans-presles","status":"publish","type":"post","link":"https:\/\/www.ffcam38.com\/jeunes-alpinistes\/2025\/05\/12\/week-end-velo-grimpe-dans-presles\/","title":{"rendered":"Week-end v\u00e9lo-grimpe \u00e0 Presles &#8211; 04\/2025"},"content":{"rendered":"\n<p>Les pr\u00e9visions m\u00e9t\u00e9o d\u00e9cident finalement de s&rsquo;am\u00e9liorer! Ouf, on va pouvoir maintenir le weekend cette ann\u00e9e&#8230; <\/p>\n\n\n\n<p><\/p>\n\n\n\n<figure class=\"wp-block-image size-large\"><img loading=\"lazy\" decoding=\"async\" width=\"1024\" height=\"683\" src=\"https:\/\/www.ffcam38.com\/jeunes-alpinistes\/wp-content\/uploads\/2025\/04\/2025_04_19_rencurel_0005export-1024x683.jpg\" alt=\"\" class=\"wp-image-6325\" srcset=\"https:\/\/www.ffcam38.com\/jeunes-alpinistes\/wp-content\/uploads\/2025\/04\/2025_04_19_rencurel_0005export-1024x683.jpg 1024w, https:\/\/www.ffcam38.com\/jeunes-alpinistes\/wp-content\/uploads\/2025\/04\/2025_04_19_rencurel_0005export-300x200.jpg 300w, https:\/\/www.ffcam38.com\/jeunes-alpinistes\/wp-content\/uploads\/2025\/04\/2025_04_19_rencurel_0005export-768x512.jpg 768w, https:\/\/www.ffcam38.com\/jeunes-alpinistes\/wp-content\/uploads\/2025\/04\/2025_04_19_rencurel_0005export-1536x1024.jpg 1536w, https:\/\/www.ffcam38.com\/jeunes-alpinistes\/wp-content\/uploads\/2025\/04\/2025_04_19_rencurel_0005export-2048x1365.jpg 2048w, https:\/\/www.ffcam38.com\/jeunes-alpinistes\/wp-content\/uploads\/2025\/04\/2025_04_19_rencurel_0005export-405x270.jpg 405w\" sizes=\"auto, (max-width: 1024px) 100vw, 1024px\" \/><\/figure>\n\n\n\n<p>7h30 au parc Karl Marx, c&rsquo;est le rendez-vous pour le menu \u00ab\u00a0Full v\u00e9lo\u00a0\u00bb. Une bonne mont\u00e9e plus tard et un porte-bagages en moins, on retrouve les copains et copines mont\u00e9.e.s en bus jusqu&rsquo;\u00e0 Villard-de-Lans. Le premier arr\u00eat est commun pour tout le monde : La Crique, pour la reprise de la couenne. Le soleil est l\u00e0 et \u00e7a fait du bien! <\/p>\n\n\n\n<figure class=\"wp-block-image size-large is-style-default\"><img loading=\"lazy\" decoding=\"async\" width=\"1024\" height=\"683\" src=\"https:\/\/www.ffcam38.com\/jeunes-alpinistes\/wp-content\/uploads\/2025\/04\/2025_04_19_rencurel_0048export-1024x683.jpg\" alt=\"\" class=\"wp-image-6326\" srcset=\"https:\/\/www.ffcam38.com\/jeunes-alpinistes\/wp-content\/uploads\/2025\/04\/2025_04_19_rencurel_0048export-1024x683.jpg 1024w, https:\/\/www.ffcam38.com\/jeunes-alpinistes\/wp-content\/uploads\/2025\/04\/2025_04_19_rencurel_0048export-300x200.jpg 300w, https:\/\/www.ffcam38.com\/jeunes-alpinistes\/wp-content\/uploads\/2025\/04\/2025_04_19_rencurel_0048export-768x512.jpg 768w, https:\/\/www.ffcam38.com\/jeunes-alpinistes\/wp-content\/uploads\/2025\/04\/2025_04_19_rencurel_0048export-1536x1024.jpg 1536w, https:\/\/www.ffcam38.com\/jeunes-alpinistes\/wp-content\/uploads\/2025\/04\/2025_04_19_rencurel_0048export-2048x1365.jpg 2048w, https:\/\/www.ffcam38.com\/jeunes-alpinistes\/wp-content\/uploads\/2025\/04\/2025_04_19_rencurel_0048export-405x270.jpg 405w\" sizes=\"auto, (max-width: 1024px) 100vw, 1024px\" \/><\/figure>\n\n\n\n<p>Les cuissots bien fatigu\u00e9s, on se laisse glisser jusqu&rsquo;au camping de Choranche. Les diff\u00e9rentes teams s&rsquo;organisent autour d&rsquo;un ap\u00e9ro bien m\u00e9rit\u00e9 et se repartissent sur les nombreuses voies de Presles. D\u00e9sir\u00e9e, Nid d&rsquo;aigle, Digitibus&#8230;  Certains, tr\u00e8s motiv\u00e9s, ont m\u00eame mont\u00e9 le mat\u00e9riel d&rsquo;artif. Deux cord\u00e9es sont all\u00e9es dans Le Fou Qui Repeint Son Plafond et une troisi\u00e8me dans Le pilier du souvenir. Pour ma part, l&rsquo;id\u00e9e de passer dans une grotte finie de me s\u00e9duire et j&rsquo;accepte de reprendre la grimpe dans \u00c9cole Buissonni\u00e8re. <\/p>\n\n\n\n<figure class=\"wp-block-gallery has-nested-images columns-default is-cropped wp-block-gallery-1 is-layout-flex wp-block-gallery-is-layout-flex\">\n<figure class=\"wp-block-image size-large\"><img loading=\"lazy\" decoding=\"async\" width=\"768\" height=\"1024\" data-id=\"6364\" src=\"https:\/\/www.ffcam38.com\/jeunes-alpinistes\/wp-content\/uploads\/2025\/05\/20250420_151823-768x1024.jpg\" alt=\"\" class=\"wp-image-6364\" srcset=\"https:\/\/www.ffcam38.com\/jeunes-alpinistes\/wp-content\/uploads\/2025\/05\/20250420_151823-768x1024.jpg 768w, https:\/\/www.ffcam38.com\/jeunes-alpinistes\/wp-content\/uploads\/2025\/05\/20250420_151823-225x300.jpg 225w, https:\/\/www.ffcam38.com\/jeunes-alpinistes\/wp-content\/uploads\/2025\/05\/20250420_151823-1152x1536.jpg 1152w, https:\/\/www.ffcam38.com\/jeunes-alpinistes\/wp-content\/uploads\/2025\/05\/20250420_151823-1536x2048.jpg 1536w, https:\/\/www.ffcam38.com\/jeunes-alpinistes\/wp-content\/uploads\/2025\/05\/20250420_151823-203x270.jpg 203w, https:\/\/www.ffcam38.com\/jeunes-alpinistes\/wp-content\/uploads\/2025\/05\/20250420_151823-scaled.jpg 1920w\" sizes=\"auto, (max-width: 768px) 100vw, 768px\" \/><\/figure>\n\n\n\n<figure class=\"wp-block-image size-large\"><img loading=\"lazy\" decoding=\"async\" width=\"768\" height=\"1024\" data-id=\"6363\" src=\"https:\/\/www.ffcam38.com\/jeunes-alpinistes\/wp-content\/uploads\/2025\/05\/20250420_102626-768x1024.jpg\" alt=\"\" class=\"wp-image-6363\" srcset=\"https:\/\/www.ffcam38.com\/jeunes-alpinistes\/wp-content\/uploads\/2025\/05\/20250420_102626-768x1024.jpg 768w, https:\/\/www.ffcam38.com\/jeunes-alpinistes\/wp-content\/uploads\/2025\/05\/20250420_102626-225x300.jpg 225w, https:\/\/www.ffcam38.com\/jeunes-alpinistes\/wp-content\/uploads\/2025\/05\/20250420_102626-1152x1536.jpg 1152w, https:\/\/www.ffcam38.com\/jeunes-alpinistes\/wp-content\/uploads\/2025\/05\/20250420_102626-1536x2048.jpg 1536w, https:\/\/www.ffcam38.com\/jeunes-alpinistes\/wp-content\/uploads\/2025\/05\/20250420_102626-203x270.jpg 203w, https:\/\/www.ffcam38.com\/jeunes-alpinistes\/wp-content\/uploads\/2025\/05\/20250420_102626-scaled.jpg 1920w\" sizes=\"auto, (max-width: 768px) 100vw, 768px\" \/><\/figure>\n<\/figure>\n\n\n\n<p>Selon les envies, et l&rsquo;\u00e9nergie restante le dernier jour, chacun a pu trouver son bonheur soit dans un retour \u00e0 Grenoble tout \u00e0 v\u00e9lo \u00e0 travers le Vercors, soit une derni\u00e8re grande voie \u00e0 Presles ou dans une s\u00e9ance de couenne au petit Goulet avant de rallier la gare de Saint Marcelin. <\/p>\n\n\n\n<p><\/p>\n\n\n\n<figure class=\"wp-block-gallery has-nested-images columns-default is-cropped wp-block-gallery-2 is-layout-flex wp-block-gallery-is-layout-flex\"><\/figure>\n","protected":false},"excerpt":{"rendered":"<p>Les pr\u00e9visions m\u00e9t\u00e9o d\u00e9cident finalement de s&rsquo;am\u00e9liorer! Ouf, on va pouvoir maintenir le weekend cette ann\u00e9e&#8230; 7h30 au parc Karl Marx, c&rsquo;est le rendez-vous pour le menu \u00ab\u00a0Full v\u00e9lo\u00a0\u00bb. Une bonne mont\u00e9e plus tard et un porte-bagages en moins, on retrouve les copains et copines mont\u00e9.e.s en bus jusqu&rsquo;\u00e0 Villard-de-Lans. Le premier arr\u00eat est commun pour tout le monde : La Crique, pour la reprise de la couenne. Le soleil est l\u00e0 et \u00e7a fait du bien! Les cuissots bien&#8230;<\/p>\n<p class=\"read-more\"><a class=\"btn btn-default\" href=\"https:\/\/www.ffcam38.com\/jeunes-alpinistes\/2025\/05\/12\/week-end-velo-grimpe-dans-presles\/\">Lire la suite<span class=\"screen-reader-text\"> Lire la suite<\/span><\/a><\/p>\n","protected":false},"author":134,"featured_media":6325,"comment_status":"open","ping_status":"open","sticky":false,"template":"","format":"standard","meta":{"footnotes":""},"categories":[35,188],"tags":[],"class_list":["post-6324","post","type-post","status-publish","format-standard","has-post-thumbnail","hentry","category-actualites","category-bilans-reporting"],"_links":{"self":[{"href":"https:\/\/www.ffcam38.com\/jeunes-alpinistes\/wp-json\/wp\/v2\/posts\/6324","targetHints":{"allow":["GET"]}}],"collection":[{"href":"https:\/\/www.ffcam38.com\/jeunes-alpinistes\/wp-json\/wp\/v2\/posts"}],"about":[{"href":"https:\/\/www.ffcam38.com\/jeunes-alpinistes\/wp-json\/wp\/v2\/types\/post"}],"author":[{"embeddable":true,"href":"https:\/\/www.ffcam38.com\/jeunes-alpinistes\/wp-json\/wp\/v2\/users\/134"}],"replies":[{"embeddable":true,"href":"https:\/\/www.ffcam38.com\/jeunes-alpinistes\/wp-json\/wp\/v2\/comments?post=6324"}],"version-history":[{"count":6,"href":"https:\/\/www.ffcam38.com\/jeunes-alpinistes\/wp-json\/wp\/v2\/posts\/6324\/revisions"}],"predecessor-version":[{"id":6691,"href":"https:\/\/www.ffcam38.com\/jeunes-alpinistes\/wp-json\/wp\/v2\/posts\/6324\/revisions\/6691"}],"wp:featuredmedia":[{"embeddable":true,"href":"https:\/\/www.ffcam38.com\/jeunes-alpinistes\/wp-json\/wp\/v2\/media\/6325"}],"wp:attachment":[{"href":"https:\/\/www.ffcam38.com\/jeunes-alpinistes\/wp-json\/wp\/v2\/media?parent=6324"}],"wp:term":[{"taxonomy":"category","embeddable":true,"href":"https:\/\/www.ffcam38.com\/jeunes-alpinistes\/wp-json\/wp\/v2\/categories?post=6324"},{"taxonomy":"post_tag","embeddable":true,"href":"https:\/\/www.ffcam38.com\/jeunes-alpinistes\/wp-json\/wp\/v2\/tags?post=6324"}],"curies":[{"name":"wp","href":"https:\/\/api.w.org\/{rel}","templated":true}]}}