{"id":6336,"date":"2025-05-14T11:30:42","date_gmt":"2025-05-14T09:30:42","guid":{"rendered":"https:\/\/www.ffcam38.com\/jeunes-alpinistes\/?p=6336"},"modified":"2025-05-14T19:05:29","modified_gmt":"2025-05-14T17:05:29","slug":"initiateur-2025","status":"publish","type":"post","link":"https:\/\/www.ffcam38.com\/jeunes-alpinistes\/2025\/05\/14\/initiateur-2025\/","title":{"rendered":"Initiateur 2025 !"},"content":{"rendered":"\n<p>La session de l&rsquo;initiateur de juin 2025 a \u00e9t\u00e9 avanc\u00e9 par rapport aux ann\u00e9es pr\u00e9c\u00e9dentes et se d\u00e9roule aux dates suivantes, sur les base camp estivaux. On cale formellement les sessions sur le \u00ab\u00a0samedi \/ dimanche\u00a0\u00bb de chaque camp afin d&rsquo;assurer un maximum de participants mais on se r\u00e9serve la possibilit\u00e9 de changer de jour \u00ab\u00a0en live\u00a0\u00bb pour valoriser une journ\u00e9e pluvieuse pour maniper :<\/p>\n\n\n\n<ul class=\"wp-block-list\">\n<li>Formation initiale = <strong>Promos<\/strong> (enfin, les 1A et ceux qui n&rsquo;ont pas pu faire la formation initiale l&rsquo;an dernier)<\/li>\n<\/ul>\n\n\n\n<ul class=\"wp-block-list\">\n<li>2025ALALINI84707 Formation INITIATEUR 1er degr\u00e9 Alpinisme : 28-29\/06\/2025<\/li>\n<\/ul>\n\n\n\n<ul class=\"wp-block-list\">\n<li>Certification = <strong>Espoirs<\/strong> (bref, ceux qui ont d\u00e9j\u00e0 fait leur formation initiale l&rsquo;an dernier !)<\/li>\n<\/ul>\n\n\n\n<ul class=\"wp-block-list\">\n<li>2025ALALINT84702 Certification INITIATEUR 1er degr\u00e9 Alpinisme : 31\/05 et 01\/06\/2025<br><\/li>\n<\/ul>\n\n\n\n<ul class=\"wp-block-list\">\n<li>En compl\u00e9ment on ouvre 4 places pour faire un recyclage de l&rsquo;initiateur alpinisme, pour d&rsquo;autres initiateurs des clubs de la r\u00e9gion (pour les b\u00e9n\u00e9voles des \u00e9quipes, si vous encadrez \u00e7a vous recyclera)<\/li>\n<\/ul>\n\n\n\n<ul class=\"wp-block-list\">\n<li>2025ALALRIN84703 Recyclage INITIATEUR Alpinisme FFCAM : 2 places les 31\/5 et 01\/06 et 2 places les 28-29\/06\/2025, avec le d\u00e9tail un peu pas pratique \u00e0 anticiper qu&rsquo;on peut switcher de jours sur nos camps de 4 jours un peu en derni\u00e8re minute pour coller \u00e0 la m\u00e9t\u00e9o<\/li>\n<\/ul>\n\n\n\n<p><strong>Le principe <\/strong><\/p>\n\n\n\n<p><em>C&rsquo;est obligatoire comme les autres WE du programme !<\/em><\/p>\n\n\n\n<p><strong>Pr\u00e9requis <\/strong>: avoir le niveau \u00ab\u00a0perfectionn\u00e9 alpi\u00a0\u00bb qui int\u00e8gre \u00ab\u00a0neige et avalanche niveau 2 &#8211; NA2\u00a0\u00bb et \u00ab\u00a0cartographie orientation niveau 2 &#8211; CO2\u00a0\u00bb, dont une liste de course mixte neige et rocher de 15 courses PD mini dont 5 AD. Avoir le PSC1 et l&rsquo;Unit\u00e9 de Formation Commune aux Activit\u00e9s (UFCA).<\/p>\n\n\n\n<p>Seul le PSC1 est \u00e0 passer \u00ab\u00a0\u00e0 part\u00a0\u00bb de votre propre initiative mais normalement vu que c&rsquo;est un pr\u00e9-requis \u00e0 l&rsquo;inscription dans les \u00e9quipes tout est bon ; c&rsquo;est P\u00e9rine qui fait la saisie Extranet des PSC1, si vous ne l&rsquo;avez pas transmis dans le dossier d&rsquo;inscription envoyez le&#8230; Les autres formations sont int\u00e9gr\u00e9es au programme EJA et normalement on vous les d\u00e9cerne si vous \u00eates pr\u00e9sents (et pas \u00ab\u00a0\u00e0 la rue\u00a0\u00bb !).<\/p>\n\n\n\n<p>En 1\u00e8re ann\u00e9e : <strong>formation initiale initiateur<\/strong> (documents \u00e0 mettre sur le drive cf mail = liste de course + fiche d&rsquo;inscription sign\u00e9e + auto\u00e9valuation, ET amener les docs en papier le jour J). Ensuite vous devez faire 6 jours de \u00ab\u00a0stage pratique\u00a0\u00bb d&rsquo;initiateur stagiaire dans votre club ou lors du Grand Parcours alpi voire rando alpine, sous la \u00ab\u00a0tutelle\u00a0\u00bb d&rsquo;un ou de plusieurs initiateurs. Et en 2\u00e8me ann\u00e9e : <strong>certification initiateur<\/strong>. (documents \u00e0 mettre sur le drive cf mail  = fiche des jours de stage (annexe 1 \u00e0 4) + fiche d&rsquo;inscription sign\u00e9e + auto\u00e9valuation, ET amener les docs en papier le jour J).<\/p>\n\n\n\n<p>Pour les ext\u00e9rieurs aux \u00e9quipes jeunes alpi 38 : co\u00fbt demand\u00e9 de 90\u20ac pour le WE via HelloAsso, apr\u00e8s \u00e9change pr\u00e9alable avec Nicolas Gamby.<\/p>\n\n\n\n<p>Le r\u00e8glement du brevet et pleins d&rsquo;autres docs sur la formation des cadres sont disponibles dans votre espace licenci\u00e9 ou via l&rsquo;adresse directe suivante : <a href=\"https:\/\/sites.google.com\/view\/ffcam-documentation-federale\/formation-cadres\/brevets-2025?authuser=0\">https:\/\/sites.google.com\/view\/ffcam-documentation-federale\/formation-cadres\/brevets-2025?authuser=0<\/a><\/p>\n\n\n\n<p>Les documents \u00e0 lire et \u00e0 remplir sont dans le drive suivant : <a href=\"https:\/\/drive.google.com\/drive\/folders\/1Yl81N4Chw-VofNAWXj4yMnu7EHjbLrsz?usp=sharing\">https:\/\/drive.google.com\/drive\/folders\/1Yl81N4Chw-VofNAWXj4yMnu7EHjbLrsz?usp=sharing<\/a><\/p>\n\n\n<div class=\"wp-block-image\">\n<figure class=\"aligncenter size-full\"><img loading=\"lazy\" decoding=\"async\" width=\"540\" height=\"399\" src=\"https:\/\/www.ffcam38.com\/jeunes-alpinistes\/wp-content\/uploads\/2024\/12\/Screenshot-from-2024-12-13-19-13-40.png\" alt=\"\" class=\"wp-image-6249\" srcset=\"https:\/\/www.ffcam38.com\/jeunes-alpinistes\/wp-content\/uploads\/2024\/12\/Screenshot-from-2024-12-13-19-13-40.png 540w, https:\/\/www.ffcam38.com\/jeunes-alpinistes\/wp-content\/uploads\/2024\/12\/Screenshot-from-2024-12-13-19-13-40-300x222.png 300w, https:\/\/www.ffcam38.com\/jeunes-alpinistes\/wp-content\/uploads\/2024\/12\/Screenshot-from-2024-12-13-19-13-40-365x270.png 365w\" sizes=\"auto, (max-width: 540px) 100vw, 540px\" \/><\/figure>\n<\/div>","protected":false},"excerpt":{"rendered":"<p>La session de l&rsquo;initiateur de juin 2025 a \u00e9t\u00e9 avanc\u00e9 par rapport aux ann\u00e9es pr\u00e9c\u00e9dentes et se d\u00e9roule aux dates suivantes, sur les base camp estivaux. On cale formellement les sessions sur le \u00ab\u00a0samedi \/ dimanche\u00a0\u00bb de chaque camp afin d&rsquo;assurer un maximum de participants mais on se r\u00e9serve la possibilit\u00e9 de changer de jour \u00ab\u00a0en live\u00a0\u00bb pour valoriser une journ\u00e9e pluvieuse pour maniper : Le principe C&rsquo;est obligatoire comme les autres WE du programme ! Pr\u00e9requis : avoir le&#8230;<\/p>\n<p class=\"read-more\"><a class=\"btn btn-default\" href=\"https:\/\/www.ffcam38.com\/jeunes-alpinistes\/2025\/05\/14\/initiateur-2025\/\">Lire la suite<span class=\"screen-reader-text\"> Lire la suite<\/span><\/a><\/p>\n","protected":false},"author":4,"featured_media":0,"comment_status":"open","ping_status":"open","sticky":false,"template":"","format":"standard","meta":{"footnotes":""},"categories":[35],"tags":[],"class_list":["post-6336","post","type-post","status-publish","format-standard","hentry","category-actualites"],"_links":{"self":[{"href":"https:\/\/www.ffcam38.com\/jeunes-alpinistes\/wp-json\/wp\/v2\/posts\/6336","targetHints":{"allow":["GET"]}}],"collection":[{"href":"https:\/\/www.ffcam38.com\/jeunes-alpinistes\/wp-json\/wp\/v2\/posts"}],"about":[{"href":"https:\/\/www.ffcam38.com\/jeunes-alpinistes\/wp-json\/wp\/v2\/types\/post"}],"author":[{"embeddable":true,"href":"https:\/\/www.ffcam38.com\/jeunes-alpinistes\/wp-json\/wp\/v2\/users\/4"}],"replies":[{"embeddable":true,"href":"https:\/\/www.ffcam38.com\/jeunes-alpinistes\/wp-json\/wp\/v2\/comments?post=6336"}],"version-history":[{"count":5,"href":"https:\/\/www.ffcam38.com\/jeunes-alpinistes\/wp-json\/wp\/v2\/posts\/6336\/revisions"}],"predecessor-version":[{"id":6343,"href":"https:\/\/www.ffcam38.com\/jeunes-alpinistes\/wp-json\/wp\/v2\/posts\/6336\/revisions\/6343"}],"wp:attachment":[{"href":"https:\/\/www.ffcam38.com\/jeunes-alpinistes\/wp-json\/wp\/v2\/media?parent=6336"}],"wp:term":[{"taxonomy":"category","embeddable":true,"href":"https:\/\/www.ffcam38.com\/jeunes-alpinistes\/wp-json\/wp\/v2\/categories?post=6336"},{"taxonomy":"post_tag","embeddable":true,"href":"https:\/\/www.ffcam38.com\/jeunes-alpinistes\/wp-json\/wp\/v2\/tags?post=6336"}],"curies":[{"name":"wp","href":"https:\/\/api.w.org\/{rel}","templated":true}]}}